{"id":13811,"date":"2023-02-03T15:05:03","date_gmt":"2023-02-03T14:05:03","guid":{"rendered":"https:\/\/wpvit.efb.fr\/?p=13811"},"modified":"2023-05-23T10:37:09","modified_gmt":"2023-05-23T08:37:09","slug":"participez-aux-trophees-kerialis-2023","status":"publish","type":"post","link":"https:\/\/wpvit.efb.fr\/index.php\/participez-aux-trophees-kerialis-2023\/","title":{"rendered":"Participez aux troph\u00e9es Kerialis 2023"},"content":{"rendered":"\n<p>Pour cette \u00e9dition 2023, KERIALIS a d\u00e9cid\u00e9 de revoir son \u00ab\u00a0Prix KERIALIS\u00a0\u00bb et de lui offrir une nouvelle jeunesse ! Ainsi, le Prix KERIALIS devient les \u00ab\u00a0Troph\u00e9es KERIALIS\u00a0\u00bb.<\/p>\n\n\n\n<p>Ce concours s\u2019ouvre d\u00e9sormais \u00e0 un public plus large :<\/p>\n\n\n\n<p>aux membres participants de KERIALIS (salari\u00e9s, retrait\u00e9s)<\/p>\n\n\n\n<ul class=\"wp-block-list\">\n<li>aux enfants des \u00ab membres participants \u00bb de KERIALIS \u00e2g\u00e9s de 18 ans \u00e0 28 ans, excluant ceux des administrateurs de cette Institution<\/li>\n\n\n\n<li>aux avocats<\/li>\n\n\n\n<li>aux \u00e9l\u00e8ves-avocats<\/li>\n\n\n\n<li>aux associations d\u00e9clar\u00e9es, agr\u00e9\u00e9es ou reconnues d\u2019utilit\u00e9 publique<\/li>\n\n\n\n<li>aux structures d\u2019\u00e9conomie sociale et solidaires telles que d\u00e9finies \u00e0 l\u2019article 1er de la loi n\u00b02014-856 du 31 juillet 2014 modifi\u00e9e<\/li>\n<\/ul>\n\n\n\n<p>Les participants pourront concourir dans quatre cat\u00e9gories de Troph\u00e9e :<\/p>\n\n\n\n<ul class=\"wp-block-list\">\n<li>Prix Solidaire : r\u00e9compense les projets dans les domaines de l\u2019humanitaire, de l\u2019inclusion, du lien social, de l\u2019acc\u00e8s au droit ou de la d\u00e9fense des droits, du grand \u00e2ge, du handicap, etc.<\/li>\n\n\n\n<li>Prix Innovation : r\u00e9compense les projets de start-up, d\u2019association \u00e0 mission d\u2019int\u00e9r\u00eat g\u00e9n\u00e9ral, de cr\u00e9ation d\u2019outils ou de solutions (applications\u2026), etc.<\/li>\n\n\n\n<li>Prix Culture : r\u00e9compense les projets dans le domaine culturel<\/li>\n\n\n\n<li>Prix Citoyen : r\u00e9compense les projets d\u2019initiatives citoyennes (ramassage de d\u00e9chets, d\u00e9veloppement durable, lutte contre le harc\u00e8lement, etc.)<\/li>\n<\/ul>\n\n\n\n<p>A ces prix, s\u2019ajoute \u00e9galement le \u00ab\u00a0Prix coup de K\u0153ur\u00a0\u00bb qui pourra \u00eatre attribu\u00e9 \u00e0 un projet dans le domaine du handicap et des aidants.<\/p>\n\n\n\n<p>Compl\u00e9tez le formulaire de candidature en veillant \u00e0 fournir l\u2019ensemble des pi\u00e8ces demand\u00e9es&nbsp;<strong>avant le 31 mars 2023.<\/strong><\/p>\n","protected":false},"excerpt":{"rendered":"<p>Pour cette \u00e9dition 2023, KERIALIS a d\u00e9cid\u00e9 de revoir son \u00ab\u00a0Prix KERIALIS\u00a0\u00bb et de lui offrir une nouvelle jeunesse ! Ainsi, le Prix KERIALIS devient les \u00ab\u00a0Troph\u00e9es KERIALIS\u00a0\u00bb. Ce concours s\u2019ouvre d\u00e9sormais \u00e0 un public plus large : aux membres participants de KERIALIS (salari\u00e9s, retrait\u00e9s) Les participants pourront concourir dans quatre cat\u00e9gories de Troph\u00e9e : A ces prix, s\u2019ajoute \u00e9galement le \u00ab\u00a0Prix coup de K\u0153ur\u00a0\u00bb qui pourra \u00eatre attribu\u00e9 \u00e0 un projet dans le domaine du handicap et des aidants. Compl\u00e9tez le formulaire de candidature en veillant \u00e0 fournir l\u2019ensemble des pi\u00e8ces demand\u00e9es&nbsp;avant le 31 mars 2023.<\/p>\n","protected":false},"author":1,"featured_media":13813,"comment_status":"closed","ping_status":"open","sticky":false,"template":"","format":"standard","meta":{"_acf_changed":false,"footnotes":""},"categories":[1],"tags":[],"class_list":["post-13811","post","type-post","status-publish","format-standard","has-post-thumbnail","hentry","category-non-classe"],"acf":[],"yoast_head":"<!-- This site is optimized with the Yoast SEO plugin v27.4 - https:\/\/yoast.com\/product\/yoast-seo-wordpress\/ -->\n<title>Participez aux troph\u00e9es Kerialis 2023 - efb.fr<\/title>\n<meta name=\"robots\" content=\"index, follow, max-snippet:-1, max-image-preview:large, max-video-preview:-1\" \/>\n<link rel=\"canonical\" href=\"https:\/\/wpvit.efb.fr\/index.php\/participez-aux-trophees-kerialis-2023\/\" \/>\n<meta property=\"og:locale\" content=\"fr_FR\" \/>\n<meta property=\"og:type\" content=\"article\" \/>\n<meta property=\"og:title\" content=\"Participez aux troph\u00e9es Kerialis 2023 - efb.fr\" \/>\n<meta property=\"og:description\" content=\"Pour cette \u00e9dition 2023, KERIALIS a d\u00e9cid\u00e9 de revoir son \u00ab\u00a0Prix KERIALIS\u00a0\u00bb et de lui offrir une nouvelle jeunesse ! Ainsi, le Prix KERIALIS devient les \u00ab\u00a0Troph\u00e9es KERIALIS\u00a0\u00bb. Ce concours s\u2019ouvre d\u00e9sormais \u00e0 un public plus large : aux membres participants de KERIALIS (salari\u00e9s, retrait\u00e9s) Les participants pourront concourir dans quatre cat\u00e9gories de Troph\u00e9e : A ces prix, s\u2019ajoute \u00e9galement le \u00ab\u00a0Prix coup de K\u0153ur\u00a0\u00bb qui pourra \u00eatre attribu\u00e9 \u00e0 un projet dans le domaine du handicap et des aidants. Compl\u00e9tez le formulaire de candidature en veillant \u00e0 fournir l\u2019ensemble des pi\u00e8ces demand\u00e9es&nbsp;avant le 31 mars 2023.\" \/>\n<meta property=\"og:url\" content=\"https:\/\/wpvit.efb.fr\/index.php\/participez-aux-trophees-kerialis-2023\/\" \/>\n<meta property=\"og:site_name\" content=\"efb.fr\" \/>\n<meta property=\"article:published_time\" content=\"2023-02-03T14:05:03+00:00\" \/>\n<meta property=\"article:modified_time\" content=\"2023-05-23T08:37:09+00:00\" \/>\n<meta property=\"og:image\" content=\"https:\/\/wpvit.efb.fr\/wp-content\/uploads\/2023\/05\/Trophees-Kerialis-2023.png\" \/>\n\t<meta property=\"og:image:width\" content=\"746\" \/>\n\t<meta property=\"og:image:height\" content=\"238\" \/>\n\t<meta property=\"og:image:type\" content=\"image\/png\" \/>\n<meta name=\"author\" content=\"wordpress_adm\" \/>\n<meta name=\"twitter:card\" content=\"summary_large_image\" \/>\n<meta name=\"twitter:label1\" content=\"\u00c9crit par\" \/>\n\t<meta name=\"twitter:data1\" content=\"wordpress_adm\" \/>\n\t<meta name=\"twitter:label2\" content=\"Dur\u00e9e de lecture estim\u00e9e\" \/>\n\t<meta name=\"twitter:data2\" content=\"1 minute\" \/>\n<script type=\"application\/ld+json\" class=\"yoast-schema-graph\">{\"@context\":\"https:\\\/\\\/schema.org\",\"@graph\":[{\"@type\":\"Article\",\"@id\":\"https:\\\/\\\/wpvit.efb.fr\\\/index.php\\\/participez-aux-trophees-kerialis-2023\\\/#article\",\"isPartOf\":{\"@id\":\"https:\\\/\\\/wpvit.efb.fr\\\/index.php\\\/participez-aux-trophees-kerialis-2023\\\/\"},\"author\":{\"name\":\"wordpress_adm\",\"@id\":\"https:\\\/\\\/wpvit.efb.fr\\\/#\\\/schema\\\/person\\\/b67db37d3f915e9e119c4e66b7e2922a\"},\"headline\":\"Participez aux troph\u00e9es Kerialis 2023\",\"datePublished\":\"2023-02-03T14:05:03+00:00\",\"dateModified\":\"2023-05-23T08:37:09+00:00\",\"mainEntityOfPage\":{\"@id\":\"https:\\\/\\\/wpvit.efb.fr\\\/index.php\\\/participez-aux-trophees-kerialis-2023\\\/\"},\"wordCount\":265,\"publisher\":{\"@id\":\"https:\\\/\\\/wpvit.efb.fr\\\/#organization\"},\"image\":{\"@id\":\"https:\\\/\\\/wpvit.efb.fr\\\/index.php\\\/participez-aux-trophees-kerialis-2023\\\/#primaryimage\"},\"thumbnailUrl\":\"https:\\\/\\\/wpvit.efb.fr\\\/wp-content\\\/uploads\\\/2023\\\/05\\\/Trophees-Kerialis-2023-e1687938364539.png\",\"inLanguage\":\"fr-FR\"},{\"@type\":\"WebPage\",\"@id\":\"https:\\\/\\\/wpvit.efb.fr\\\/index.php\\\/participez-aux-trophees-kerialis-2023\\\/\",\"url\":\"https:\\\/\\\/wpvit.efb.fr\\\/index.php\\\/participez-aux-trophees-kerialis-2023\\\/\",\"name\":\"Participez aux troph\u00e9es Kerialis 2023 - efb.fr\",\"isPartOf\":{\"@id\":\"https:\\\/\\\/wpvit.efb.fr\\\/#website\"},\"primaryImageOfPage\":{\"@id\":\"https:\\\/\\\/wpvit.efb.fr\\\/index.php\\\/participez-aux-trophees-kerialis-2023\\\/#primaryimage\"},\"image\":{\"@id\":\"https:\\\/\\\/wpvit.efb.fr\\\/index.php\\\/participez-aux-trophees-kerialis-2023\\\/#primaryimage\"},\"thumbnailUrl\":\"https:\\\/\\\/wpvit.efb.fr\\\/wp-content\\\/uploads\\\/2023\\\/05\\\/Trophees-Kerialis-2023-e1687938364539.png\",\"datePublished\":\"2023-02-03T14:05:03+00:00\",\"dateModified\":\"2023-05-23T08:37:09+00:00\",\"breadcrumb\":{\"@id\":\"https:\\\/\\\/wpvit.efb.fr\\\/index.php\\\/participez-aux-trophees-kerialis-2023\\\/#breadcrumb\"},\"inLanguage\":\"fr-FR\",\"potentialAction\":[{\"@type\":\"ReadAction\",\"target\":[\"https:\\\/\\\/wpvit.efb.fr\\\/index.php\\\/participez-aux-trophees-kerialis-2023\\\/\"]}]},{\"@type\":\"ImageObject\",\"inLanguage\":\"fr-FR\",\"@id\":\"https:\\\/\\\/wpvit.efb.fr\\\/index.php\\\/participez-aux-trophees-kerialis-2023\\\/#primaryimage\",\"url\":\"https:\\\/\\\/wpvit.efb.fr\\\/wp-content\\\/uploads\\\/2023\\\/05\\\/Trophees-Kerialis-2023-e1687938364539.png\",\"contentUrl\":\"https:\\\/\\\/wpvit.efb.fr\\\/wp-content\\\/uploads\\\/2023\\\/05\\\/Trophees-Kerialis-2023-e1687938364539.png\",\"width\":270,\"height\":236,\"caption\":\"Troph\u00e9es Kerialis 2023\"},{\"@type\":\"BreadcrumbList\",\"@id\":\"https:\\\/\\\/wpvit.efb.fr\\\/index.php\\\/participez-aux-trophees-kerialis-2023\\\/#breadcrumb\",\"itemListElement\":[{\"@type\":\"ListItem\",\"position\":1,\"name\":\"Accueil\",\"item\":\"https:\\\/\\\/wpvit.efb.fr\\\/\"},{\"@type\":\"ListItem\",\"position\":2,\"name\":\"Participez aux troph\u00e9es Kerialis 2023\"}]},{\"@type\":\"WebSite\",\"@id\":\"https:\\\/\\\/wpvit.efb.fr\\\/#website\",\"url\":\"https:\\\/\\\/wpvit.efb.fr\\\/\",\"name\":\"EFB\",\"description\":\"\",\"publisher\":{\"@id\":\"https:\\\/\\\/wpvit.efb.fr\\\/#organization\"},\"potentialAction\":[{\"@type\":\"SearchAction\",\"target\":{\"@type\":\"EntryPoint\",\"urlTemplate\":\"https:\\\/\\\/wpvit.efb.fr\\\/?s={search_term_string}\"},\"query-input\":{\"@type\":\"PropertyValueSpecification\",\"valueRequired\":true,\"valueName\":\"search_term_string\"}}],\"inLanguage\":\"fr-FR\"},{\"@type\":\"Organization\",\"@id\":\"https:\\\/\\\/wpvit.efb.fr\\\/#organization\",\"name\":\"\u00c9cole de formation professionnelle des barreaux du ressort de la cour d\u2019appel de Paris (EFB)\",\"alternateName\":\"\u00c9cole de Formation des Barreaux (EFB)\",\"url\":\"https:\\\/\\\/wpvit.efb.fr\\\/\",\"logo\":{\"@type\":\"ImageObject\",\"inLanguage\":\"fr-FR\",\"@id\":\"https:\\\/\\\/wpvit.efb.fr\\\/#\\\/schema\\\/logo\\\/image\\\/\",\"url\":\"https:\\\/\\\/wpvit.efb.fr\\\/wp-content\\\/uploads\\\/2024\\\/10\\\/cropped-Logo-EFB-2023_fond-transparent_mail.png\",\"contentUrl\":\"https:\\\/\\\/wpvit.efb.fr\\\/wp-content\\\/uploads\\\/2024\\\/10\\\/cropped-Logo-EFB-2023_fond-transparent_mail.png\",\"width\":638,\"height\":282,\"caption\":\"\u00c9cole de formation professionnelle des barreaux du ressort de la cour d\u2019appel de Paris (EFB)\"},\"image\":{\"@id\":\"https:\\\/\\\/wpvit.efb.fr\\\/#\\\/schema\\\/logo\\\/image\\\/\"}},{\"@type\":\"Person\",\"@id\":\"https:\\\/\\\/wpvit.efb.fr\\\/#\\\/schema\\\/person\\\/b67db37d3f915e9e119c4e66b7e2922a\",\"name\":\"wordpress_adm\",\"image\":{\"@type\":\"ImageObject\",\"inLanguage\":\"fr-FR\",\"@id\":\"https:\\\/\\\/secure.gravatar.com\\\/avatar\\\/093d90a8ac85d0ebd9579948e52b601bab9901593d225105f51d6c1f47cde80a?s=96&d=mm&r=g\",\"url\":\"https:\\\/\\\/secure.gravatar.com\\\/avatar\\\/093d90a8ac85d0ebd9579948e52b601bab9901593d225105f51d6c1f47cde80a?s=96&d=mm&r=g\",\"contentUrl\":\"https:\\\/\\\/secure.gravatar.com\\\/avatar\\\/093d90a8ac85d0ebd9579948e52b601bab9901593d225105f51d6c1f47cde80a?s=96&d=mm&r=g\",\"caption\":\"wordpress_adm\"},\"sameAs\":[\"http:\\\/\\\/wpvit.efb.fr\"],\"url\":\"https:\\\/\\\/wpvit.efb.fr\\\/index.php\\\/author\\\/wordpress_adm\\\/\"}]}<\/script>\n<!-- \/ Yoast SEO plugin. -->","yoast_head_json":{"title":"Participez aux troph\u00e9es Kerialis 2023 - efb.fr","robots":{"index":"index","follow":"follow","max-snippet":"max-snippet:-1","max-image-preview":"max-image-preview:large","max-video-preview":"max-video-preview:-1"},"canonical":"https:\/\/wpvit.efb.fr\/index.php\/participez-aux-trophees-kerialis-2023\/","og_locale":"fr_FR","og_type":"article","og_title":"Participez aux troph\u00e9es Kerialis 2023 - efb.fr","og_description":"Pour cette \u00e9dition 2023, KERIALIS a d\u00e9cid\u00e9 de revoir son \u00ab\u00a0Prix KERIALIS\u00a0\u00bb et de lui offrir une nouvelle jeunesse ! Ainsi, le Prix KERIALIS devient les \u00ab\u00a0Troph\u00e9es KERIALIS\u00a0\u00bb. Ce concours s\u2019ouvre d\u00e9sormais \u00e0 un public plus large : aux membres participants de KERIALIS (salari\u00e9s, retrait\u00e9s) Les participants pourront concourir dans quatre cat\u00e9gories de Troph\u00e9e : A ces prix, s\u2019ajoute \u00e9galement le \u00ab\u00a0Prix coup de K\u0153ur\u00a0\u00bb qui pourra \u00eatre attribu\u00e9 \u00e0 un projet dans le domaine du handicap et des aidants. Compl\u00e9tez le formulaire de candidature en veillant \u00e0 fournir l\u2019ensemble des pi\u00e8ces demand\u00e9es&nbsp;avant le 31 mars 2023.","og_url":"https:\/\/wpvit.efb.fr\/index.php\/participez-aux-trophees-kerialis-2023\/","og_site_name":"efb.fr","article_published_time":"2023-02-03T14:05:03+00:00","article_modified_time":"2023-05-23T08:37:09+00:00","og_image":[{"width":746,"height":238,"url":"https:\/\/wpvit.efb.fr\/wp-content\/uploads\/2023\/05\/Trophees-Kerialis-2023.png","type":"image\/png"}],"author":"wordpress_adm","twitter_card":"summary_large_image","twitter_misc":{"\u00c9crit par":"wordpress_adm","Dur\u00e9e de lecture estim\u00e9e":"1 minute"},"schema":{"@context":"https:\/\/schema.org","@graph":[{"@type":"Article","@id":"https:\/\/wpvit.efb.fr\/index.php\/participez-aux-trophees-kerialis-2023\/#article","isPartOf":{"@id":"https:\/\/wpvit.efb.fr\/index.php\/participez-aux-trophees-kerialis-2023\/"},"author":{"name":"wordpress_adm","@id":"https:\/\/wpvit.efb.fr\/#\/schema\/person\/b67db37d3f915e9e119c4e66b7e2922a"},"headline":"Participez aux troph\u00e9es Kerialis 2023","datePublished":"2023-02-03T14:05:03+00:00","dateModified":"2023-05-23T08:37:09+00:00","mainEntityOfPage":{"@id":"https:\/\/wpvit.efb.fr\/index.php\/participez-aux-trophees-kerialis-2023\/"},"wordCount":265,"publisher":{"@id":"https:\/\/wpvit.efb.fr\/#organization"},"image":{"@id":"https:\/\/wpvit.efb.fr\/index.php\/participez-aux-trophees-kerialis-2023\/#primaryimage"},"thumbnailUrl":"https:\/\/wpvit.efb.fr\/wp-content\/uploads\/2023\/05\/Trophees-Kerialis-2023-e1687938364539.png","inLanguage":"fr-FR"},{"@type":"WebPage","@id":"https:\/\/wpvit.efb.fr\/index.php\/participez-aux-trophees-kerialis-2023\/","url":"https:\/\/wpvit.efb.fr\/index.php\/participez-aux-trophees-kerialis-2023\/","name":"Participez aux troph\u00e9es Kerialis 2023 - efb.fr","isPartOf":{"@id":"https:\/\/wpvit.efb.fr\/#website"},"primaryImageOfPage":{"@id":"https:\/\/wpvit.efb.fr\/index.php\/participez-aux-trophees-kerialis-2023\/#primaryimage"},"image":{"@id":"https:\/\/wpvit.efb.fr\/index.php\/participez-aux-trophees-kerialis-2023\/#primaryimage"},"thumbnailUrl":"https:\/\/wpvit.efb.fr\/wp-content\/uploads\/2023\/05\/Trophees-Kerialis-2023-e1687938364539.png","datePublished":"2023-02-03T14:05:03+00:00","dateModified":"2023-05-23T08:37:09+00:00","breadcrumb":{"@id":"https:\/\/wpvit.efb.fr\/index.php\/participez-aux-trophees-kerialis-2023\/#breadcrumb"},"inLanguage":"fr-FR","potentialAction":[{"@type":"ReadAction","target":["https:\/\/wpvit.efb.fr\/index.php\/participez-aux-trophees-kerialis-2023\/"]}]},{"@type":"ImageObject","inLanguage":"fr-FR","@id":"https:\/\/wpvit.efb.fr\/index.php\/participez-aux-trophees-kerialis-2023\/#primaryimage","url":"https:\/\/wpvit.efb.fr\/wp-content\/uploads\/2023\/05\/Trophees-Kerialis-2023-e1687938364539.png","contentUrl":"https:\/\/wpvit.efb.fr\/wp-content\/uploads\/2023\/05\/Trophees-Kerialis-2023-e1687938364539.png","width":270,"height":236,"caption":"Troph\u00e9es Kerialis 2023"},{"@type":"BreadcrumbList","@id":"https:\/\/wpvit.efb.fr\/index.php\/participez-aux-trophees-kerialis-2023\/#breadcrumb","itemListElement":[{"@type":"ListItem","position":1,"name":"Accueil","item":"https:\/\/wpvit.efb.fr\/"},{"@type":"ListItem","position":2,"name":"Participez aux troph\u00e9es Kerialis 2023"}]},{"@type":"WebSite","@id":"https:\/\/wpvit.efb.fr\/#website","url":"https:\/\/wpvit.efb.fr\/","name":"EFB","description":"","publisher":{"@id":"https:\/\/wpvit.efb.fr\/#organization"},"potentialAction":[{"@type":"SearchAction","target":{"@type":"EntryPoint","urlTemplate":"https:\/\/wpvit.efb.fr\/?s={search_term_string}"},"query-input":{"@type":"PropertyValueSpecification","valueRequired":true,"valueName":"search_term_string"}}],"inLanguage":"fr-FR"},{"@type":"Organization","@id":"https:\/\/wpvit.efb.fr\/#organization","name":"\u00c9cole de formation professionnelle des barreaux du ressort de la cour d\u2019appel de Paris (EFB)","alternateName":"\u00c9cole de Formation des Barreaux (EFB)","url":"https:\/\/wpvit.efb.fr\/","logo":{"@type":"ImageObject","inLanguage":"fr-FR","@id":"https:\/\/wpvit.efb.fr\/#\/schema\/logo\/image\/","url":"https:\/\/wpvit.efb.fr\/wp-content\/uploads\/2024\/10\/cropped-Logo-EFB-2023_fond-transparent_mail.png","contentUrl":"https:\/\/wpvit.efb.fr\/wp-content\/uploads\/2024\/10\/cropped-Logo-EFB-2023_fond-transparent_mail.png","width":638,"height":282,"caption":"\u00c9cole de formation professionnelle des barreaux du ressort de la cour d\u2019appel de Paris (EFB)"},"image":{"@id":"https:\/\/wpvit.efb.fr\/#\/schema\/logo\/image\/"}},{"@type":"Person","@id":"https:\/\/wpvit.efb.fr\/#\/schema\/person\/b67db37d3f915e9e119c4e66b7e2922a","name":"wordpress_adm","image":{"@type":"ImageObject","inLanguage":"fr-FR","@id":"https:\/\/secure.gravatar.com\/avatar\/093d90a8ac85d0ebd9579948e52b601bab9901593d225105f51d6c1f47cde80a?s=96&d=mm&r=g","url":"https:\/\/secure.gravatar.com\/avatar\/093d90a8ac85d0ebd9579948e52b601bab9901593d225105f51d6c1f47cde80a?s=96&d=mm&r=g","contentUrl":"https:\/\/secure.gravatar.com\/avatar\/093d90a8ac85d0ebd9579948e52b601bab9901593d225105f51d6c1f47cde80a?s=96&d=mm&r=g","caption":"wordpress_adm"},"sameAs":["http:\/\/wpvit.efb.fr"],"url":"https:\/\/wpvit.efb.fr\/index.php\/author\/wordpress_adm\/"}]}},"_links":{"self":[{"href":"https:\/\/wpvit.efb.fr\/index.php\/wp-json\/wp\/v2\/posts\/13811","targetHints":{"allow":["GET"]}}],"collection":[{"href":"https:\/\/wpvit.efb.fr\/index.php\/wp-json\/wp\/v2\/posts"}],"about":[{"href":"https:\/\/wpvit.efb.fr\/index.php\/wp-json\/wp\/v2\/types\/post"}],"author":[{"embeddable":true,"href":"https:\/\/wpvit.efb.fr\/index.php\/wp-json\/wp\/v2\/users\/1"}],"replies":[{"embeddable":true,"href":"https:\/\/wpvit.efb.fr\/index.php\/wp-json\/wp\/v2\/comments?post=13811"}],"version-history":[{"count":2,"href":"https:\/\/wpvit.efb.fr\/index.php\/wp-json\/wp\/v2\/posts\/13811\/revisions"}],"predecessor-version":[{"id":13834,"href":"https:\/\/wpvit.efb.fr\/index.php\/wp-json\/wp\/v2\/posts\/13811\/revisions\/13834"}],"wp:featuredmedia":[{"embeddable":true,"href":"https:\/\/wpvit.efb.fr\/index.php\/wp-json\/wp\/v2\/media\/13813"}],"wp:attachment":[{"href":"https:\/\/wpvit.efb.fr\/index.php\/wp-json\/wp\/v2\/media?parent=13811"}],"wp:term":[{"taxonomy":"category","embeddable":true,"href":"https:\/\/wpvit.efb.fr\/index.php\/wp-json\/wp\/v2\/categories?post=13811"},{"taxonomy":"post_tag","embeddable":true,"href":"https:\/\/wpvit.efb.fr\/index.php\/wp-json\/wp\/v2\/tags?post=13811"}],"curies":[{"name":"wp","href":"https:\/\/api.w.org\/{rel}","templated":true}]}}