{"id":13858,"date":"2022-11-20T15:23:50","date_gmt":"2022-11-20T14:23:50","guid":{"rendered":"https:\/\/wpvit.efb.fr\/?p=13858"},"modified":"2023-05-23T10:36:33","modified_gmt":"2023-05-23T08:36:33","slug":"nouvelle-edition-du-seminaire-en-allemagne-pour-les-eleves-avocats-de-la-promotion-richard-malka","status":"publish","type":"post","link":"https:\/\/wpvit.efb.fr\/index.php\/nouvelle-edition-du-seminaire-en-allemagne-pour-les-eleves-avocats-de-la-promotion-richard-malka\/","title":{"rendered":"Nouvelle \u00e9dition du S\u00e9minaire en Allemagne pour les \u00e9l\u00e8ves avocats de la promotion Richard Malka."},"content":{"rendered":"\n<p>Un groupe de 14 \u00e9l\u00e8ves avocats est actuellement \u00e0 D\u00fcsseldorf dans le cadre d\u2019un programme d\u2019\u00e9change initi\u00e9 par la commission franco-allemande du Barreau de Paris (Ordre des avocats de Paris) et organis\u00e9 par l\u2019EFB.<\/p>\n\n\n\n<p>Lundi 21 novembre, le groupe a eu le plaisir d\u2019\u00eatre accueilli par le ministre de la Justice du L\u00e4nd de Rh\u00e9nanie-du-Nord-Westphalie, Dr. Benjamin Limbach. Une pr\u00e9sentation de la formation des juristes allemands ainsi qu\u2019une introduction au droit p\u00e9nal et \u00e0 la proc\u00e9dure p\u00e9nale allemande leur ont ensuite \u00e9t\u00e9 dispens\u00e9s par Dr Corinna Dylla-Krebs et Monsieur le pr\u00e9sident Sebastian Holtman.<\/p>\n\n\n\n<p>L\u2019apr\u00e8s-midi, le groupe a \u00e9t\u00e9 re\u00e7u \u00e0 la Chancellerie par Dr. Dominik Fanatico, chef de cabinet du Ministre-Pr\u00e9sident en sa qualit\u00e9 de pl\u00e9nipotentiaire de l\u2019Allemagne pour les relations culturelles avec la France, pour une pr\u00e9sentation des relations entre la Rh\u00e9nanie-du-Nord-Westphalie et la France. Cette rencontre a permis de rappeler l\u2019importance de l\u2019exemple du couple franco-allemand au sein de l\u2019Union Europ\u00e9enne, dans un climat politique troubl\u00e9, et \u00e0 la veille du 60\u00e8me anniversaire du Trait\u00e9 de l\u2019Elysee.<\/p>\n\n\n\n<p>Enfin, les \u00e9l\u00e8ves avocats ont rencontr\u00e9 leurs homologues allemands \u00e0 l\u2019universit\u00e9 Heinrich Heine dans le cadre d\u2019un atelier pratique sur le th\u00e8me de la non-discrimination en droit du travail, anim\u00e9 par Monsieur le professeur Andreas Feuerborn.<\/p>\n\n\n\n<figure class=\"wp-block-image size-full\"><img fetchpriority=\"high\" decoding=\"async\" width=\"800\" height=\"600\" src=\"https:\/\/wpvit.efb.fr\/wp-content\/uploads\/2023\/05\/image-17.png\" alt=\"\" class=\"wp-image-13859\" srcset=\"https:\/\/wpvit.efb.fr\/wp-content\/uploads\/2023\/05\/image-17.png 800w, https:\/\/wpvit.efb.fr\/wp-content\/uploads\/2023\/05\/image-17-300x225.png 300w, https:\/\/wpvit.efb.fr\/wp-content\/uploads\/2023\/05\/image-17-768x576.png 768w\" sizes=\"(max-width: 800px) 100vw, 800px\" \/><\/figure>\n","protected":false},"excerpt":{"rendered":"<p>Un groupe de 14 \u00e9l\u00e8ves avocats est actuellement \u00e0 D\u00fcsseldorf dans le cadre d\u2019un programme d\u2019\u00e9change initi\u00e9 par la commission franco-allemande du Barreau de Paris (Ordre des avocats de Paris) et organis\u00e9 par l\u2019EFB. Lundi 21 novembre, le groupe a eu le plaisir d\u2019\u00eatre accueilli par le ministre de la Justice du L\u00e4nd de Rh\u00e9nanie-du-Nord-Westphalie, Dr. Benjamin Limbach. Une pr\u00e9sentation de la formation des juristes allemands ainsi qu\u2019une introduction au droit p\u00e9nal et \u00e0 la proc\u00e9dure p\u00e9nale allemande leur ont ensuite \u00e9t\u00e9 dispens\u00e9s par Dr Corinna Dylla-Krebs et Monsieur le pr\u00e9sident Sebastian Holtman. L\u2019apr\u00e8s-midi, le groupe a \u00e9t\u00e9 re\u00e7u \u00e0 la Chancellerie par Dr. Dominik Fanatico, chef de cabinet du Ministre-Pr\u00e9sident en sa qualit\u00e9 de pl\u00e9nipotentiaire de l\u2019Allemagne pour les relations culturelles avec la France, pour une pr\u00e9sentation des relations entre la Rh\u00e9nanie-du-Nord-Westphalie et la France. Cette rencontre a permis de rappeler l\u2019importance de l\u2019exemple du couple franco-allemand au sein de l\u2019Union Europ\u00e9enne, dans un climat politique troubl\u00e9, et \u00e0 la veille du 60\u00e8me anniversaire du Trait\u00e9 de l\u2019Elysee. Enfin, les \u00e9l\u00e8ves avocats ont rencontr\u00e9 leurs homologues allemands \u00e0 l\u2019universit\u00e9 Heinrich Heine dans le cadre d\u2019un atelier pratique sur le th\u00e8me de la non-discrimination en droit du travail, anim\u00e9 par Monsieur le professeur Andreas Feuerborn.<\/p>\n","protected":false},"author":1,"featured_media":13860,"comment_status":"closed","ping_status":"open","sticky":false,"template":"","format":"standard","meta":{"_acf_changed":false,"footnotes":""},"categories":[1],"tags":[],"class_list":["post-13858","post","type-post","status-publish","format-standard","has-post-thumbnail","hentry","category-non-classe"],"acf":[],"yoast_head":"<!-- This site is optimized with the Yoast SEO plugin v27.4 - https:\/\/yoast.com\/product\/yoast-seo-wordpress\/ -->\n<title>Nouvelle \u00e9dition du S\u00e9minaire en Allemagne pour les \u00e9l\u00e8ves avocats de la promotion Richard Malka. - efb.fr<\/title>\n<meta name=\"robots\" content=\"index, follow, max-snippet:-1, max-image-preview:large, max-video-preview:-1\" \/>\n<link rel=\"canonical\" href=\"https:\/\/wpvit.efb.fr\/index.php\/nouvelle-edition-du-seminaire-en-allemagne-pour-les-eleves-avocats-de-la-promotion-richard-malka\/\" \/>\n<meta property=\"og:locale\" content=\"fr_FR\" \/>\n<meta property=\"og:type\" content=\"article\" \/>\n<meta property=\"og:title\" content=\"Nouvelle \u00e9dition du S\u00e9minaire en Allemagne pour les \u00e9l\u00e8ves avocats de la promotion Richard Malka. - efb.fr\" \/>\n<meta property=\"og:description\" content=\"Un groupe de 14 \u00e9l\u00e8ves avocats est actuellement \u00e0 D\u00fcsseldorf dans le cadre d\u2019un programme d\u2019\u00e9change initi\u00e9 par la commission franco-allemande du Barreau de Paris (Ordre des avocats de Paris) et organis\u00e9 par l\u2019EFB. Lundi 21 novembre, le groupe a eu le plaisir d\u2019\u00eatre accueilli par le ministre de la Justice du L\u00e4nd de Rh\u00e9nanie-du-Nord-Westphalie, Dr. Benjamin Limbach. Une pr\u00e9sentation de la formation des juristes allemands ainsi qu\u2019une introduction au droit p\u00e9nal et \u00e0 la proc\u00e9dure p\u00e9nale allemande leur ont ensuite \u00e9t\u00e9 dispens\u00e9s par Dr Corinna Dylla-Krebs et Monsieur le pr\u00e9sident Sebastian Holtman. L\u2019apr\u00e8s-midi, le groupe a \u00e9t\u00e9 re\u00e7u \u00e0 la Chancellerie par Dr. Dominik Fanatico, chef de cabinet du Ministre-Pr\u00e9sident en sa qualit\u00e9 de pl\u00e9nipotentiaire de l\u2019Allemagne pour les relations culturelles avec la France, pour une pr\u00e9sentation des relations entre la Rh\u00e9nanie-du-Nord-Westphalie et la France. Cette rencontre a permis de rappeler l\u2019importance de l\u2019exemple du couple franco-allemand au sein de l\u2019Union Europ\u00e9enne, dans un climat politique troubl\u00e9, et \u00e0 la veille du 60\u00e8me anniversaire du Trait\u00e9 de l\u2019Elysee. Enfin, les \u00e9l\u00e8ves avocats ont rencontr\u00e9 leurs homologues allemands \u00e0 l\u2019universit\u00e9 Heinrich Heine dans le cadre d\u2019un atelier pratique sur le th\u00e8me de la non-discrimination en droit du travail, anim\u00e9 par Monsieur le professeur Andreas Feuerborn.\" \/>\n<meta property=\"og:url\" content=\"https:\/\/wpvit.efb.fr\/index.php\/nouvelle-edition-du-seminaire-en-allemagne-pour-les-eleves-avocats-de-la-promotion-richard-malka\/\" \/>\n<meta property=\"og:site_name\" content=\"efb.fr\" \/>\n<meta property=\"article:published_time\" content=\"2022-11-20T14:23:50+00:00\" \/>\n<meta property=\"article:modified_time\" content=\"2023-05-23T08:36:33+00:00\" \/>\n<meta property=\"og:image\" content=\"https:\/\/wpvit.efb.fr\/wp-content\/uploads\/2023\/05\/IMG_4990.jpeg\" \/>\n\t<meta property=\"og:image:width\" content=\"1920\" \/>\n\t<meta property=\"og:image:height\" content=\"1440\" \/>\n\t<meta property=\"og:image:type\" content=\"image\/jpeg\" \/>\n<meta name=\"author\" content=\"wordpress_adm\" \/>\n<meta name=\"twitter:card\" content=\"summary_large_image\" \/>\n<meta name=\"twitter:label1\" content=\"\u00c9crit par\" \/>\n\t<meta name=\"twitter:data1\" content=\"wordpress_adm\" \/>\n\t<meta name=\"twitter:label2\" content=\"Dur\u00e9e de lecture estim\u00e9e\" \/>\n\t<meta name=\"twitter:data2\" content=\"2 minutes\" \/>\n<script type=\"application\/ld+json\" class=\"yoast-schema-graph\">{\"@context\":\"https:\\\/\\\/schema.org\",\"@graph\":[{\"@type\":\"Article\",\"@id\":\"https:\\\/\\\/wpvit.efb.fr\\\/index.php\\\/nouvelle-edition-du-seminaire-en-allemagne-pour-les-eleves-avocats-de-la-promotion-richard-malka\\\/#article\",\"isPartOf\":{\"@id\":\"https:\\\/\\\/wpvit.efb.fr\\\/index.php\\\/nouvelle-edition-du-seminaire-en-allemagne-pour-les-eleves-avocats-de-la-promotion-richard-malka\\\/\"},\"author\":{\"name\":\"wordpress_adm\",\"@id\":\"https:\\\/\\\/wpvit.efb.fr\\\/#\\\/schema\\\/person\\\/b67db37d3f915e9e119c4e66b7e2922a\"},\"headline\":\"Nouvelle \u00e9dition du S\u00e9minaire en Allemagne pour les \u00e9l\u00e8ves avocats de la promotion Richard Malka.\",\"datePublished\":\"2022-11-20T14:23:50+00:00\",\"dateModified\":\"2023-05-23T08:36:33+00:00\",\"mainEntityOfPage\":{\"@id\":\"https:\\\/\\\/wpvit.efb.fr\\\/index.php\\\/nouvelle-edition-du-seminaire-en-allemagne-pour-les-eleves-avocats-de-la-promotion-richard-malka\\\/\"},\"wordCount\":247,\"publisher\":{\"@id\":\"https:\\\/\\\/wpvit.efb.fr\\\/#organization\"},\"image\":{\"@id\":\"https:\\\/\\\/wpvit.efb.fr\\\/index.php\\\/nouvelle-edition-du-seminaire-en-allemagne-pour-les-eleves-avocats-de-la-promotion-richard-malka\\\/#primaryimage\"},\"thumbnailUrl\":\"https:\\\/\\\/wpvit.efb.fr\\\/wp-content\\\/uploads\\\/2023\\\/05\\\/IMG_4990.jpeg\",\"inLanguage\":\"fr-FR\"},{\"@type\":\"WebPage\",\"@id\":\"https:\\\/\\\/wpvit.efb.fr\\\/index.php\\\/nouvelle-edition-du-seminaire-en-allemagne-pour-les-eleves-avocats-de-la-promotion-richard-malka\\\/\",\"url\":\"https:\\\/\\\/wpvit.efb.fr\\\/index.php\\\/nouvelle-edition-du-seminaire-en-allemagne-pour-les-eleves-avocats-de-la-promotion-richard-malka\\\/\",\"name\":\"Nouvelle \u00e9dition du S\u00e9minaire en Allemagne pour les \u00e9l\u00e8ves avocats de la promotion Richard Malka. - efb.fr\",\"isPartOf\":{\"@id\":\"https:\\\/\\\/wpvit.efb.fr\\\/#website\"},\"primaryImageOfPage\":{\"@id\":\"https:\\\/\\\/wpvit.efb.fr\\\/index.php\\\/nouvelle-edition-du-seminaire-en-allemagne-pour-les-eleves-avocats-de-la-promotion-richard-malka\\\/#primaryimage\"},\"image\":{\"@id\":\"https:\\\/\\\/wpvit.efb.fr\\\/index.php\\\/nouvelle-edition-du-seminaire-en-allemagne-pour-les-eleves-avocats-de-la-promotion-richard-malka\\\/#primaryimage\"},\"thumbnailUrl\":\"https:\\\/\\\/wpvit.efb.fr\\\/wp-content\\\/uploads\\\/2023\\\/05\\\/IMG_4990.jpeg\",\"datePublished\":\"2022-11-20T14:23:50+00:00\",\"dateModified\":\"2023-05-23T08:36:33+00:00\",\"breadcrumb\":{\"@id\":\"https:\\\/\\\/wpvit.efb.fr\\\/index.php\\\/nouvelle-edition-du-seminaire-en-allemagne-pour-les-eleves-avocats-de-la-promotion-richard-malka\\\/#breadcrumb\"},\"inLanguage\":\"fr-FR\",\"potentialAction\":[{\"@type\":\"ReadAction\",\"target\":[\"https:\\\/\\\/wpvit.efb.fr\\\/index.php\\\/nouvelle-edition-du-seminaire-en-allemagne-pour-les-eleves-avocats-de-la-promotion-richard-malka\\\/\"]}]},{\"@type\":\"ImageObject\",\"inLanguage\":\"fr-FR\",\"@id\":\"https:\\\/\\\/wpvit.efb.fr\\\/index.php\\\/nouvelle-edition-du-seminaire-en-allemagne-pour-les-eleves-avocats-de-la-promotion-richard-malka\\\/#primaryimage\",\"url\":\"https:\\\/\\\/wpvit.efb.fr\\\/wp-content\\\/uploads\\\/2023\\\/05\\\/IMG_4990.jpeg\",\"contentUrl\":\"https:\\\/\\\/wpvit.efb.fr\\\/wp-content\\\/uploads\\\/2023\\\/05\\\/IMG_4990.jpeg\",\"width\":1920,\"height\":1440,\"caption\":\"14 \u00e9l\u00e8ves posent devant les drapeaux de l'Allemagne et de l'Union Europ\u00e9enne\"},{\"@type\":\"BreadcrumbList\",\"@id\":\"https:\\\/\\\/wpvit.efb.fr\\\/index.php\\\/nouvelle-edition-du-seminaire-en-allemagne-pour-les-eleves-avocats-de-la-promotion-richard-malka\\\/#breadcrumb\",\"itemListElement\":[{\"@type\":\"ListItem\",\"position\":1,\"name\":\"Accueil\",\"item\":\"https:\\\/\\\/wpvit.efb.fr\\\/\"},{\"@type\":\"ListItem\",\"position\":2,\"name\":\"Nouvelle \u00e9dition du S\u00e9minaire en Allemagne pour les \u00e9l\u00e8ves avocats de la promotion Richard Malka.\"}]},{\"@type\":\"WebSite\",\"@id\":\"https:\\\/\\\/wpvit.efb.fr\\\/#website\",\"url\":\"https:\\\/\\\/wpvit.efb.fr\\\/\",\"name\":\"EFB\",\"description\":\"\",\"publisher\":{\"@id\":\"https:\\\/\\\/wpvit.efb.fr\\\/#organization\"},\"potentialAction\":[{\"@type\":\"SearchAction\",\"target\":{\"@type\":\"EntryPoint\",\"urlTemplate\":\"https:\\\/\\\/wpvit.efb.fr\\\/?s={search_term_string}\"},\"query-input\":{\"@type\":\"PropertyValueSpecification\",\"valueRequired\":true,\"valueName\":\"search_term_string\"}}],\"inLanguage\":\"fr-FR\"},{\"@type\":\"Organization\",\"@id\":\"https:\\\/\\\/wpvit.efb.fr\\\/#organization\",\"name\":\"\u00c9cole de formation professionnelle des barreaux du ressort de la cour d\u2019appel de Paris (EFB)\",\"alternateName\":\"\u00c9cole de Formation des Barreaux (EFB)\",\"url\":\"https:\\\/\\\/wpvit.efb.fr\\\/\",\"logo\":{\"@type\":\"ImageObject\",\"inLanguage\":\"fr-FR\",\"@id\":\"https:\\\/\\\/wpvit.efb.fr\\\/#\\\/schema\\\/logo\\\/image\\\/\",\"url\":\"https:\\\/\\\/wpvit.efb.fr\\\/wp-content\\\/uploads\\\/2024\\\/10\\\/cropped-Logo-EFB-2023_fond-transparent_mail.png\",\"contentUrl\":\"https:\\\/\\\/wpvit.efb.fr\\\/wp-content\\\/uploads\\\/2024\\\/10\\\/cropped-Logo-EFB-2023_fond-transparent_mail.png\",\"width\":638,\"height\":282,\"caption\":\"\u00c9cole de formation professionnelle des barreaux du ressort de la cour d\u2019appel de Paris (EFB)\"},\"image\":{\"@id\":\"https:\\\/\\\/wpvit.efb.fr\\\/#\\\/schema\\\/logo\\\/image\\\/\"}},{\"@type\":\"Person\",\"@id\":\"https:\\\/\\\/wpvit.efb.fr\\\/#\\\/schema\\\/person\\\/b67db37d3f915e9e119c4e66b7e2922a\",\"name\":\"wordpress_adm\",\"image\":{\"@type\":\"ImageObject\",\"inLanguage\":\"fr-FR\",\"@id\":\"https:\\\/\\\/secure.gravatar.com\\\/avatar\\\/093d90a8ac85d0ebd9579948e52b601bab9901593d225105f51d6c1f47cde80a?s=96&d=mm&r=g\",\"url\":\"https:\\\/\\\/secure.gravatar.com\\\/avatar\\\/093d90a8ac85d0ebd9579948e52b601bab9901593d225105f51d6c1f47cde80a?s=96&d=mm&r=g\",\"contentUrl\":\"https:\\\/\\\/secure.gravatar.com\\\/avatar\\\/093d90a8ac85d0ebd9579948e52b601bab9901593d225105f51d6c1f47cde80a?s=96&d=mm&r=g\",\"caption\":\"wordpress_adm\"},\"sameAs\":[\"http:\\\/\\\/wpvit.efb.fr\"],\"url\":\"https:\\\/\\\/wpvit.efb.fr\\\/index.php\\\/author\\\/wordpress_adm\\\/\"}]}<\/script>\n<!-- \/ Yoast SEO plugin. -->","yoast_head_json":{"title":"Nouvelle \u00e9dition du S\u00e9minaire en Allemagne pour les \u00e9l\u00e8ves avocats de la promotion Richard Malka. - efb.fr","robots":{"index":"index","follow":"follow","max-snippet":"max-snippet:-1","max-image-preview":"max-image-preview:large","max-video-preview":"max-video-preview:-1"},"canonical":"https:\/\/wpvit.efb.fr\/index.php\/nouvelle-edition-du-seminaire-en-allemagne-pour-les-eleves-avocats-de-la-promotion-richard-malka\/","og_locale":"fr_FR","og_type":"article","og_title":"Nouvelle \u00e9dition du S\u00e9minaire en Allemagne pour les \u00e9l\u00e8ves avocats de la promotion Richard Malka. - efb.fr","og_description":"Un groupe de 14 \u00e9l\u00e8ves avocats est actuellement \u00e0 D\u00fcsseldorf dans le cadre d\u2019un programme d\u2019\u00e9change initi\u00e9 par la commission franco-allemande du Barreau de Paris (Ordre des avocats de Paris) et organis\u00e9 par l\u2019EFB. Lundi 21 novembre, le groupe a eu le plaisir d\u2019\u00eatre accueilli par le ministre de la Justice du L\u00e4nd de Rh\u00e9nanie-du-Nord-Westphalie, Dr. Benjamin Limbach. Une pr\u00e9sentation de la formation des juristes allemands ainsi qu\u2019une introduction au droit p\u00e9nal et \u00e0 la proc\u00e9dure p\u00e9nale allemande leur ont ensuite \u00e9t\u00e9 dispens\u00e9s par Dr Corinna Dylla-Krebs et Monsieur le pr\u00e9sident Sebastian Holtman. L\u2019apr\u00e8s-midi, le groupe a \u00e9t\u00e9 re\u00e7u \u00e0 la Chancellerie par Dr. Dominik Fanatico, chef de cabinet du Ministre-Pr\u00e9sident en sa qualit\u00e9 de pl\u00e9nipotentiaire de l\u2019Allemagne pour les relations culturelles avec la France, pour une pr\u00e9sentation des relations entre la Rh\u00e9nanie-du-Nord-Westphalie et la France. Cette rencontre a permis de rappeler l\u2019importance de l\u2019exemple du couple franco-allemand au sein de l\u2019Union Europ\u00e9enne, dans un climat politique troubl\u00e9, et \u00e0 la veille du 60\u00e8me anniversaire du Trait\u00e9 de l\u2019Elysee. Enfin, les \u00e9l\u00e8ves avocats ont rencontr\u00e9 leurs homologues allemands \u00e0 l\u2019universit\u00e9 Heinrich Heine dans le cadre d\u2019un atelier pratique sur le th\u00e8me de la non-discrimination en droit du travail, anim\u00e9 par Monsieur le professeur Andreas Feuerborn.","og_url":"https:\/\/wpvit.efb.fr\/index.php\/nouvelle-edition-du-seminaire-en-allemagne-pour-les-eleves-avocats-de-la-promotion-richard-malka\/","og_site_name":"efb.fr","article_published_time":"2022-11-20T14:23:50+00:00","article_modified_time":"2023-05-23T08:36:33+00:00","og_image":[{"width":1920,"height":1440,"url":"https:\/\/wpvit.efb.fr\/wp-content\/uploads\/2023\/05\/IMG_4990.jpeg","type":"image\/jpeg"}],"author":"wordpress_adm","twitter_card":"summary_large_image","twitter_misc":{"\u00c9crit par":"wordpress_adm","Dur\u00e9e de lecture estim\u00e9e":"2 minutes"},"schema":{"@context":"https:\/\/schema.org","@graph":[{"@type":"Article","@id":"https:\/\/wpvit.efb.fr\/index.php\/nouvelle-edition-du-seminaire-en-allemagne-pour-les-eleves-avocats-de-la-promotion-richard-malka\/#article","isPartOf":{"@id":"https:\/\/wpvit.efb.fr\/index.php\/nouvelle-edition-du-seminaire-en-allemagne-pour-les-eleves-avocats-de-la-promotion-richard-malka\/"},"author":{"name":"wordpress_adm","@id":"https:\/\/wpvit.efb.fr\/#\/schema\/person\/b67db37d3f915e9e119c4e66b7e2922a"},"headline":"Nouvelle \u00e9dition du S\u00e9minaire en Allemagne pour les \u00e9l\u00e8ves avocats de la promotion Richard Malka.","datePublished":"2022-11-20T14:23:50+00:00","dateModified":"2023-05-23T08:36:33+00:00","mainEntityOfPage":{"@id":"https:\/\/wpvit.efb.fr\/index.php\/nouvelle-edition-du-seminaire-en-allemagne-pour-les-eleves-avocats-de-la-promotion-richard-malka\/"},"wordCount":247,"publisher":{"@id":"https:\/\/wpvit.efb.fr\/#organization"},"image":{"@id":"https:\/\/wpvit.efb.fr\/index.php\/nouvelle-edition-du-seminaire-en-allemagne-pour-les-eleves-avocats-de-la-promotion-richard-malka\/#primaryimage"},"thumbnailUrl":"https:\/\/wpvit.efb.fr\/wp-content\/uploads\/2023\/05\/IMG_4990.jpeg","inLanguage":"fr-FR"},{"@type":"WebPage","@id":"https:\/\/wpvit.efb.fr\/index.php\/nouvelle-edition-du-seminaire-en-allemagne-pour-les-eleves-avocats-de-la-promotion-richard-malka\/","url":"https:\/\/wpvit.efb.fr\/index.php\/nouvelle-edition-du-seminaire-en-allemagne-pour-les-eleves-avocats-de-la-promotion-richard-malka\/","name":"Nouvelle \u00e9dition du S\u00e9minaire en Allemagne pour les \u00e9l\u00e8ves avocats de la promotion Richard Malka. - efb.fr","isPartOf":{"@id":"https:\/\/wpvit.efb.fr\/#website"},"primaryImageOfPage":{"@id":"https:\/\/wpvit.efb.fr\/index.php\/nouvelle-edition-du-seminaire-en-allemagne-pour-les-eleves-avocats-de-la-promotion-richard-malka\/#primaryimage"},"image":{"@id":"https:\/\/wpvit.efb.fr\/index.php\/nouvelle-edition-du-seminaire-en-allemagne-pour-les-eleves-avocats-de-la-promotion-richard-malka\/#primaryimage"},"thumbnailUrl":"https:\/\/wpvit.efb.fr\/wp-content\/uploads\/2023\/05\/IMG_4990.jpeg","datePublished":"2022-11-20T14:23:50+00:00","dateModified":"2023-05-23T08:36:33+00:00","breadcrumb":{"@id":"https:\/\/wpvit.efb.fr\/index.php\/nouvelle-edition-du-seminaire-en-allemagne-pour-les-eleves-avocats-de-la-promotion-richard-malka\/#breadcrumb"},"inLanguage":"fr-FR","potentialAction":[{"@type":"ReadAction","target":["https:\/\/wpvit.efb.fr\/index.php\/nouvelle-edition-du-seminaire-en-allemagne-pour-les-eleves-avocats-de-la-promotion-richard-malka\/"]}]},{"@type":"ImageObject","inLanguage":"fr-FR","@id":"https:\/\/wpvit.efb.fr\/index.php\/nouvelle-edition-du-seminaire-en-allemagne-pour-les-eleves-avocats-de-la-promotion-richard-malka\/#primaryimage","url":"https:\/\/wpvit.efb.fr\/wp-content\/uploads\/2023\/05\/IMG_4990.jpeg","contentUrl":"https:\/\/wpvit.efb.fr\/wp-content\/uploads\/2023\/05\/IMG_4990.jpeg","width":1920,"height":1440,"caption":"14 \u00e9l\u00e8ves posent devant les drapeaux de l'Allemagne et de l'Union Europ\u00e9enne"},{"@type":"BreadcrumbList","@id":"https:\/\/wpvit.efb.fr\/index.php\/nouvelle-edition-du-seminaire-en-allemagne-pour-les-eleves-avocats-de-la-promotion-richard-malka\/#breadcrumb","itemListElement":[{"@type":"ListItem","position":1,"name":"Accueil","item":"https:\/\/wpvit.efb.fr\/"},{"@type":"ListItem","position":2,"name":"Nouvelle \u00e9dition du S\u00e9minaire en Allemagne pour les \u00e9l\u00e8ves avocats de la promotion Richard Malka."}]},{"@type":"WebSite","@id":"https:\/\/wpvit.efb.fr\/#website","url":"https:\/\/wpvit.efb.fr\/","name":"EFB","description":"","publisher":{"@id":"https:\/\/wpvit.efb.fr\/#organization"},"potentialAction":[{"@type":"SearchAction","target":{"@type":"EntryPoint","urlTemplate":"https:\/\/wpvit.efb.fr\/?s={search_term_string}"},"query-input":{"@type":"PropertyValueSpecification","valueRequired":true,"valueName":"search_term_string"}}],"inLanguage":"fr-FR"},{"@type":"Organization","@id":"https:\/\/wpvit.efb.fr\/#organization","name":"\u00c9cole de formation professionnelle des barreaux du ressort de la cour d\u2019appel de Paris (EFB)","alternateName":"\u00c9cole de Formation des Barreaux (EFB)","url":"https:\/\/wpvit.efb.fr\/","logo":{"@type":"ImageObject","inLanguage":"fr-FR","@id":"https:\/\/wpvit.efb.fr\/#\/schema\/logo\/image\/","url":"https:\/\/wpvit.efb.fr\/wp-content\/uploads\/2024\/10\/cropped-Logo-EFB-2023_fond-transparent_mail.png","contentUrl":"https:\/\/wpvit.efb.fr\/wp-content\/uploads\/2024\/10\/cropped-Logo-EFB-2023_fond-transparent_mail.png","width":638,"height":282,"caption":"\u00c9cole de formation professionnelle des barreaux du ressort de la cour d\u2019appel de Paris (EFB)"},"image":{"@id":"https:\/\/wpvit.efb.fr\/#\/schema\/logo\/image\/"}},{"@type":"Person","@id":"https:\/\/wpvit.efb.fr\/#\/schema\/person\/b67db37d3f915e9e119c4e66b7e2922a","name":"wordpress_adm","image":{"@type":"ImageObject","inLanguage":"fr-FR","@id":"https:\/\/secure.gravatar.com\/avatar\/093d90a8ac85d0ebd9579948e52b601bab9901593d225105f51d6c1f47cde80a?s=96&d=mm&r=g","url":"https:\/\/secure.gravatar.com\/avatar\/093d90a8ac85d0ebd9579948e52b601bab9901593d225105f51d6c1f47cde80a?s=96&d=mm&r=g","contentUrl":"https:\/\/secure.gravatar.com\/avatar\/093d90a8ac85d0ebd9579948e52b601bab9901593d225105f51d6c1f47cde80a?s=96&d=mm&r=g","caption":"wordpress_adm"},"sameAs":["http:\/\/wpvit.efb.fr"],"url":"https:\/\/wpvit.efb.fr\/index.php\/author\/wordpress_adm\/"}]}},"_links":{"self":[{"href":"https:\/\/wpvit.efb.fr\/index.php\/wp-json\/wp\/v2\/posts\/13858","targetHints":{"allow":["GET"]}}],"collection":[{"href":"https:\/\/wpvit.efb.fr\/index.php\/wp-json\/wp\/v2\/posts"}],"about":[{"href":"https:\/\/wpvit.efb.fr\/index.php\/wp-json\/wp\/v2\/types\/post"}],"author":[{"embeddable":true,"href":"https:\/\/wpvit.efb.fr\/index.php\/wp-json\/wp\/v2\/users\/1"}],"replies":[{"embeddable":true,"href":"https:\/\/wpvit.efb.fr\/index.php\/wp-json\/wp\/v2\/comments?post=13858"}],"version-history":[{"count":1,"href":"https:\/\/wpvit.efb.fr\/index.php\/wp-json\/wp\/v2\/posts\/13858\/revisions"}],"predecessor-version":[{"id":13864,"href":"https:\/\/wpvit.efb.fr\/index.php\/wp-json\/wp\/v2\/posts\/13858\/revisions\/13864"}],"wp:featuredmedia":[{"embeddable":true,"href":"https:\/\/wpvit.efb.fr\/index.php\/wp-json\/wp\/v2\/media\/13860"}],"wp:attachment":[{"href":"https:\/\/wpvit.efb.fr\/index.php\/wp-json\/wp\/v2\/media?parent=13858"}],"wp:term":[{"taxonomy":"category","embeddable":true,"href":"https:\/\/wpvit.efb.fr\/index.php\/wp-json\/wp\/v2\/categories?post=13858"},{"taxonomy":"post_tag","embeddable":true,"href":"https:\/\/wpvit.efb.fr\/index.php\/wp-json\/wp\/v2\/tags?post=13858"}],"curies":[{"name":"wp","href":"https:\/\/api.w.org\/{rel}","templated":true}]}}