{"id":13871,"date":"2022-09-07T15:30:38","date_gmt":"2022-09-07T13:30:38","guid":{"rendered":"https:\/\/wpvit.efb.fr\/?p=13871"},"modified":"2023-06-28T14:40:59","modified_gmt":"2023-06-28T12:40:59","slug":"le-labefb-une-vraie-revelation-pour-les-eleves-avocats","status":"publish","type":"post","link":"https:\/\/wpvit.efb.fr\/index.php\/le-labefb-une-vraie-revelation-pour-les-eleves-avocats\/","title":{"rendered":"Le LabEFB, une vraie r\u00e9v\u00e9lation pour les \u00e9l\u00e8ves avocats"},"content":{"rendered":"\n<p>\u00ab Pour certains \u00e9l\u00e8ves, le Lab EFB permet une vraie r\u00e9v\u00e9lation de leur<br>potentiel. \u00bb<\/p>\n\n\n\n<p>Romain Hazebroucq est le responsable p\u00e9dagogique du Lab EFB ainsi que le tuteur pour les ateliers de legal design.<br>Il r\u00e9pond aux questions de Jordan Belgrave pour la r\u00e9daction du Journal du Village de la Justice.<\/p>\n\n\n\n<p>Lien de l&rsquo;article complet :&nbsp;<a href=\"https:\/\/lnkd.in\/d9e5AKvs\">https:\/\/lnkd.in\/d9e5AKvs<\/a>&nbsp;<\/p>\n\n\n\n<figure class=\"wp-block-image size-large\"><img fetchpriority=\"high\" decoding=\"async\" width=\"1013\" height=\"1024\" src=\"https:\/\/wpvit.efb.fr\/wp-content\/uploads\/2023\/05\/image-18-1013x1024.png\" alt=\"\" class=\"wp-image-13872\" srcset=\"https:\/\/wpvit.efb.fr\/wp-content\/uploads\/2023\/05\/image-18-1013x1024.png 1013w, https:\/\/wpvit.efb.fr\/wp-content\/uploads\/2023\/05\/image-18-297x300.png 297w, https:\/\/wpvit.efb.fr\/wp-content\/uploads\/2023\/05\/image-18-768x776.png 768w, https:\/\/wpvit.efb.fr\/wp-content\/uploads\/2023\/05\/image-18.png 1187w\" sizes=\"(max-width: 1013px) 100vw, 1013px\" \/><\/figure>\n","protected":false},"excerpt":{"rendered":"<p>\u00ab Pour certains \u00e9l\u00e8ves, le Lab EFB permet une vraie r\u00e9v\u00e9lation de leurpotentiel. \u00bb Romain Hazebroucq est le responsable p\u00e9dagogique du Lab EFB ainsi que le tuteur pour les ateliers de legal design.Il r\u00e9pond aux questions de Jordan Belgrave pour la r\u00e9daction du Journal du Village de la Justice. Lien de l&rsquo;article complet :&nbsp;https:\/\/lnkd.in\/d9e5AKvs&nbsp;<\/p>\n","protected":false},"author":1,"featured_media":22518,"comment_status":"closed","ping_status":"open","sticky":false,"template":"","format":"standard","meta":{"_acf_changed":false,"footnotes":""},"categories":[1],"tags":[],"class_list":["post-13871","post","type-post","status-publish","format-standard","has-post-thumbnail","hentry","category-non-classe"],"acf":[],"yoast_head":"<!-- This site is optimized with the Yoast SEO plugin v27.4 - https:\/\/yoast.com\/product\/yoast-seo-wordpress\/ -->\n<title>Le LabEFB, une vraie r\u00e9v\u00e9lation pour les \u00e9l\u00e8ves avocats - efb.fr<\/title>\n<meta name=\"robots\" content=\"index, follow, max-snippet:-1, max-image-preview:large, max-video-preview:-1\" \/>\n<link rel=\"canonical\" href=\"https:\/\/wpvit.efb.fr\/index.php\/le-labefb-une-vraie-revelation-pour-les-eleves-avocats\/\" \/>\n<meta property=\"og:locale\" content=\"fr_FR\" \/>\n<meta property=\"og:type\" content=\"article\" \/>\n<meta property=\"og:title\" content=\"Le LabEFB, une vraie r\u00e9v\u00e9lation pour les \u00e9l\u00e8ves avocats - efb.fr\" \/>\n<meta property=\"og:description\" content=\"\u00ab Pour certains \u00e9l\u00e8ves, le Lab EFB permet une vraie r\u00e9v\u00e9lation de leurpotentiel. \u00bb Romain Hazebroucq est le responsable p\u00e9dagogique du Lab EFB ainsi que le tuteur pour les ateliers de legal design.Il r\u00e9pond aux questions de Jordan Belgrave pour la r\u00e9daction du Journal du Village de la Justice. Lien de l&rsquo;article complet :&nbsp;https:\/\/lnkd.in\/d9e5AKvs&nbsp;\" \/>\n<meta property=\"og:url\" content=\"https:\/\/wpvit.efb.fr\/index.php\/le-labefb-une-vraie-revelation-pour-les-eleves-avocats\/\" \/>\n<meta property=\"og:site_name\" content=\"efb.fr\" \/>\n<meta property=\"article:published_time\" content=\"2022-09-07T13:30:38+00:00\" \/>\n<meta property=\"article:modified_time\" content=\"2023-06-28T12:40:59+00:00\" \/>\n<meta property=\"og:image\" content=\"https:\/\/wpvit.efb.fr\/wp-content\/uploads\/2022\/09\/Screenshot-2023-06-28-144038.png\" \/>\n\t<meta property=\"og:image:width\" content=\"425\" \/>\n\t<meta property=\"og:image:height\" content=\"386\" \/>\n\t<meta property=\"og:image:type\" content=\"image\/png\" \/>\n<meta name=\"author\" content=\"wordpress_adm\" \/>\n<meta name=\"twitter:card\" content=\"summary_large_image\" \/>\n<meta name=\"twitter:label1\" content=\"\u00c9crit par\" \/>\n\t<meta name=\"twitter:data1\" content=\"wordpress_adm\" \/>\n\t<meta name=\"twitter:label2\" content=\"Dur\u00e9e de lecture estim\u00e9e\" \/>\n\t<meta name=\"twitter:data2\" content=\"1 minute\" \/>\n<script type=\"application\/ld+json\" class=\"yoast-schema-graph\">{\"@context\":\"https:\\\/\\\/schema.org\",\"@graph\":[{\"@type\":\"Article\",\"@id\":\"https:\\\/\\\/wpvit.efb.fr\\\/index.php\\\/le-labefb-une-vraie-revelation-pour-les-eleves-avocats\\\/#article\",\"isPartOf\":{\"@id\":\"https:\\\/\\\/wpvit.efb.fr\\\/index.php\\\/le-labefb-une-vraie-revelation-pour-les-eleves-avocats\\\/\"},\"author\":{\"name\":\"wordpress_adm\",\"@id\":\"https:\\\/\\\/wpvit.efb.fr\\\/#\\\/schema\\\/person\\\/b67db37d3f915e9e119c4e66b7e2922a\"},\"headline\":\"Le LabEFB, une vraie r\u00e9v\u00e9lation pour les \u00e9l\u00e8ves avocats\",\"datePublished\":\"2022-09-07T13:30:38+00:00\",\"dateModified\":\"2023-06-28T12:40:59+00:00\",\"mainEntityOfPage\":{\"@id\":\"https:\\\/\\\/wpvit.efb.fr\\\/index.php\\\/le-labefb-une-vraie-revelation-pour-les-eleves-avocats\\\/\"},\"wordCount\":79,\"publisher\":{\"@id\":\"https:\\\/\\\/wpvit.efb.fr\\\/#organization\"},\"image\":{\"@id\":\"https:\\\/\\\/wpvit.efb.fr\\\/index.php\\\/le-labefb-une-vraie-revelation-pour-les-eleves-avocats\\\/#primaryimage\"},\"thumbnailUrl\":\"https:\\\/\\\/wpvit.efb.fr\\\/wp-content\\\/uploads\\\/2022\\\/09\\\/Screenshot-2023-06-28-144038.png\",\"inLanguage\":\"fr-FR\"},{\"@type\":\"WebPage\",\"@id\":\"https:\\\/\\\/wpvit.efb.fr\\\/index.php\\\/le-labefb-une-vraie-revelation-pour-les-eleves-avocats\\\/\",\"url\":\"https:\\\/\\\/wpvit.efb.fr\\\/index.php\\\/le-labefb-une-vraie-revelation-pour-les-eleves-avocats\\\/\",\"name\":\"Le LabEFB, une vraie r\u00e9v\u00e9lation pour les \u00e9l\u00e8ves avocats - efb.fr\",\"isPartOf\":{\"@id\":\"https:\\\/\\\/wpvit.efb.fr\\\/#website\"},\"primaryImageOfPage\":{\"@id\":\"https:\\\/\\\/wpvit.efb.fr\\\/index.php\\\/le-labefb-une-vraie-revelation-pour-les-eleves-avocats\\\/#primaryimage\"},\"image\":{\"@id\":\"https:\\\/\\\/wpvit.efb.fr\\\/index.php\\\/le-labefb-une-vraie-revelation-pour-les-eleves-avocats\\\/#primaryimage\"},\"thumbnailUrl\":\"https:\\\/\\\/wpvit.efb.fr\\\/wp-content\\\/uploads\\\/2022\\\/09\\\/Screenshot-2023-06-28-144038.png\",\"datePublished\":\"2022-09-07T13:30:38+00:00\",\"dateModified\":\"2023-06-28T12:40:59+00:00\",\"breadcrumb\":{\"@id\":\"https:\\\/\\\/wpvit.efb.fr\\\/index.php\\\/le-labefb-une-vraie-revelation-pour-les-eleves-avocats\\\/#breadcrumb\"},\"inLanguage\":\"fr-FR\",\"potentialAction\":[{\"@type\":\"ReadAction\",\"target\":[\"https:\\\/\\\/wpvit.efb.fr\\\/index.php\\\/le-labefb-une-vraie-revelation-pour-les-eleves-avocats\\\/\"]}]},{\"@type\":\"ImageObject\",\"inLanguage\":\"fr-FR\",\"@id\":\"https:\\\/\\\/wpvit.efb.fr\\\/index.php\\\/le-labefb-une-vraie-revelation-pour-les-eleves-avocats\\\/#primaryimage\",\"url\":\"https:\\\/\\\/wpvit.efb.fr\\\/wp-content\\\/uploads\\\/2022\\\/09\\\/Screenshot-2023-06-28-144038.png\",\"contentUrl\":\"https:\\\/\\\/wpvit.efb.fr\\\/wp-content\\\/uploads\\\/2022\\\/09\\\/Screenshot-2023-06-28-144038.png\",\"width\":425,\"height\":386,\"caption\":\"Un homme regardant la cam\u00e9ra\"},{\"@type\":\"BreadcrumbList\",\"@id\":\"https:\\\/\\\/wpvit.efb.fr\\\/index.php\\\/le-labefb-une-vraie-revelation-pour-les-eleves-avocats\\\/#breadcrumb\",\"itemListElement\":[{\"@type\":\"ListItem\",\"position\":1,\"name\":\"Accueil\",\"item\":\"https:\\\/\\\/wpvit.efb.fr\\\/\"},{\"@type\":\"ListItem\",\"position\":2,\"name\":\"Le LabEFB, une vraie r\u00e9v\u00e9lation pour les \u00e9l\u00e8ves avocats\"}]},{\"@type\":\"WebSite\",\"@id\":\"https:\\\/\\\/wpvit.efb.fr\\\/#website\",\"url\":\"https:\\\/\\\/wpvit.efb.fr\\\/\",\"name\":\"EFB\",\"description\":\"\",\"publisher\":{\"@id\":\"https:\\\/\\\/wpvit.efb.fr\\\/#organization\"},\"potentialAction\":[{\"@type\":\"SearchAction\",\"target\":{\"@type\":\"EntryPoint\",\"urlTemplate\":\"https:\\\/\\\/wpvit.efb.fr\\\/?s={search_term_string}\"},\"query-input\":{\"@type\":\"PropertyValueSpecification\",\"valueRequired\":true,\"valueName\":\"search_term_string\"}}],\"inLanguage\":\"fr-FR\"},{\"@type\":\"Organization\",\"@id\":\"https:\\\/\\\/wpvit.efb.fr\\\/#organization\",\"name\":\"\u00c9cole de formation professionnelle des barreaux du ressort de la cour d\u2019appel de Paris (EFB)\",\"alternateName\":\"\u00c9cole de Formation des Barreaux (EFB)\",\"url\":\"https:\\\/\\\/wpvit.efb.fr\\\/\",\"logo\":{\"@type\":\"ImageObject\",\"inLanguage\":\"fr-FR\",\"@id\":\"https:\\\/\\\/wpvit.efb.fr\\\/#\\\/schema\\\/logo\\\/image\\\/\",\"url\":\"https:\\\/\\\/wpvit.efb.fr\\\/wp-content\\\/uploads\\\/2024\\\/10\\\/cropped-Logo-EFB-2023_fond-transparent_mail.png\",\"contentUrl\":\"https:\\\/\\\/wpvit.efb.fr\\\/wp-content\\\/uploads\\\/2024\\\/10\\\/cropped-Logo-EFB-2023_fond-transparent_mail.png\",\"width\":638,\"height\":282,\"caption\":\"\u00c9cole de formation professionnelle des barreaux du ressort de la cour d\u2019appel de Paris (EFB)\"},\"image\":{\"@id\":\"https:\\\/\\\/wpvit.efb.fr\\\/#\\\/schema\\\/logo\\\/image\\\/\"}},{\"@type\":\"Person\",\"@id\":\"https:\\\/\\\/wpvit.efb.fr\\\/#\\\/schema\\\/person\\\/b67db37d3f915e9e119c4e66b7e2922a\",\"name\":\"wordpress_adm\",\"image\":{\"@type\":\"ImageObject\",\"inLanguage\":\"fr-FR\",\"@id\":\"https:\\\/\\\/secure.gravatar.com\\\/avatar\\\/093d90a8ac85d0ebd9579948e52b601bab9901593d225105f51d6c1f47cde80a?s=96&d=mm&r=g\",\"url\":\"https:\\\/\\\/secure.gravatar.com\\\/avatar\\\/093d90a8ac85d0ebd9579948e52b601bab9901593d225105f51d6c1f47cde80a?s=96&d=mm&r=g\",\"contentUrl\":\"https:\\\/\\\/secure.gravatar.com\\\/avatar\\\/093d90a8ac85d0ebd9579948e52b601bab9901593d225105f51d6c1f47cde80a?s=96&d=mm&r=g\",\"caption\":\"wordpress_adm\"},\"sameAs\":[\"http:\\\/\\\/wpvit.efb.fr\"],\"url\":\"https:\\\/\\\/wpvit.efb.fr\\\/index.php\\\/author\\\/wordpress_adm\\\/\"}]}<\/script>\n<!-- \/ Yoast SEO plugin. -->","yoast_head_json":{"title":"Le LabEFB, une vraie r\u00e9v\u00e9lation pour les \u00e9l\u00e8ves avocats - efb.fr","robots":{"index":"index","follow":"follow","max-snippet":"max-snippet:-1","max-image-preview":"max-image-preview:large","max-video-preview":"max-video-preview:-1"},"canonical":"https:\/\/wpvit.efb.fr\/index.php\/le-labefb-une-vraie-revelation-pour-les-eleves-avocats\/","og_locale":"fr_FR","og_type":"article","og_title":"Le LabEFB, une vraie r\u00e9v\u00e9lation pour les \u00e9l\u00e8ves avocats - efb.fr","og_description":"\u00ab Pour certains \u00e9l\u00e8ves, le Lab EFB permet une vraie r\u00e9v\u00e9lation de leurpotentiel. \u00bb Romain Hazebroucq est le responsable p\u00e9dagogique du Lab EFB ainsi que le tuteur pour les ateliers de legal design.Il r\u00e9pond aux questions de Jordan Belgrave pour la r\u00e9daction du Journal du Village de la Justice. Lien de l&rsquo;article complet :&nbsp;https:\/\/lnkd.in\/d9e5AKvs&nbsp;","og_url":"https:\/\/wpvit.efb.fr\/index.php\/le-labefb-une-vraie-revelation-pour-les-eleves-avocats\/","og_site_name":"efb.fr","article_published_time":"2022-09-07T13:30:38+00:00","article_modified_time":"2023-06-28T12:40:59+00:00","og_image":[{"width":425,"height":386,"url":"https:\/\/wpvit.efb.fr\/wp-content\/uploads\/2022\/09\/Screenshot-2023-06-28-144038.png","type":"image\/png"}],"author":"wordpress_adm","twitter_card":"summary_large_image","twitter_misc":{"\u00c9crit par":"wordpress_adm","Dur\u00e9e de lecture estim\u00e9e":"1 minute"},"schema":{"@context":"https:\/\/schema.org","@graph":[{"@type":"Article","@id":"https:\/\/wpvit.efb.fr\/index.php\/le-labefb-une-vraie-revelation-pour-les-eleves-avocats\/#article","isPartOf":{"@id":"https:\/\/wpvit.efb.fr\/index.php\/le-labefb-une-vraie-revelation-pour-les-eleves-avocats\/"},"author":{"name":"wordpress_adm","@id":"https:\/\/wpvit.efb.fr\/#\/schema\/person\/b67db37d3f915e9e119c4e66b7e2922a"},"headline":"Le LabEFB, une vraie r\u00e9v\u00e9lation pour les \u00e9l\u00e8ves avocats","datePublished":"2022-09-07T13:30:38+00:00","dateModified":"2023-06-28T12:40:59+00:00","mainEntityOfPage":{"@id":"https:\/\/wpvit.efb.fr\/index.php\/le-labefb-une-vraie-revelation-pour-les-eleves-avocats\/"},"wordCount":79,"publisher":{"@id":"https:\/\/wpvit.efb.fr\/#organization"},"image":{"@id":"https:\/\/wpvit.efb.fr\/index.php\/le-labefb-une-vraie-revelation-pour-les-eleves-avocats\/#primaryimage"},"thumbnailUrl":"https:\/\/wpvit.efb.fr\/wp-content\/uploads\/2022\/09\/Screenshot-2023-06-28-144038.png","inLanguage":"fr-FR"},{"@type":"WebPage","@id":"https:\/\/wpvit.efb.fr\/index.php\/le-labefb-une-vraie-revelation-pour-les-eleves-avocats\/","url":"https:\/\/wpvit.efb.fr\/index.php\/le-labefb-une-vraie-revelation-pour-les-eleves-avocats\/","name":"Le LabEFB, une vraie r\u00e9v\u00e9lation pour les \u00e9l\u00e8ves avocats - efb.fr","isPartOf":{"@id":"https:\/\/wpvit.efb.fr\/#website"},"primaryImageOfPage":{"@id":"https:\/\/wpvit.efb.fr\/index.php\/le-labefb-une-vraie-revelation-pour-les-eleves-avocats\/#primaryimage"},"image":{"@id":"https:\/\/wpvit.efb.fr\/index.php\/le-labefb-une-vraie-revelation-pour-les-eleves-avocats\/#primaryimage"},"thumbnailUrl":"https:\/\/wpvit.efb.fr\/wp-content\/uploads\/2022\/09\/Screenshot-2023-06-28-144038.png","datePublished":"2022-09-07T13:30:38+00:00","dateModified":"2023-06-28T12:40:59+00:00","breadcrumb":{"@id":"https:\/\/wpvit.efb.fr\/index.php\/le-labefb-une-vraie-revelation-pour-les-eleves-avocats\/#breadcrumb"},"inLanguage":"fr-FR","potentialAction":[{"@type":"ReadAction","target":["https:\/\/wpvit.efb.fr\/index.php\/le-labefb-une-vraie-revelation-pour-les-eleves-avocats\/"]}]},{"@type":"ImageObject","inLanguage":"fr-FR","@id":"https:\/\/wpvit.efb.fr\/index.php\/le-labefb-une-vraie-revelation-pour-les-eleves-avocats\/#primaryimage","url":"https:\/\/wpvit.efb.fr\/wp-content\/uploads\/2022\/09\/Screenshot-2023-06-28-144038.png","contentUrl":"https:\/\/wpvit.efb.fr\/wp-content\/uploads\/2022\/09\/Screenshot-2023-06-28-144038.png","width":425,"height":386,"caption":"Un homme regardant la cam\u00e9ra"},{"@type":"BreadcrumbList","@id":"https:\/\/wpvit.efb.fr\/index.php\/le-labefb-une-vraie-revelation-pour-les-eleves-avocats\/#breadcrumb","itemListElement":[{"@type":"ListItem","position":1,"name":"Accueil","item":"https:\/\/wpvit.efb.fr\/"},{"@type":"ListItem","position":2,"name":"Le LabEFB, une vraie r\u00e9v\u00e9lation pour les \u00e9l\u00e8ves avocats"}]},{"@type":"WebSite","@id":"https:\/\/wpvit.efb.fr\/#website","url":"https:\/\/wpvit.efb.fr\/","name":"EFB","description":"","publisher":{"@id":"https:\/\/wpvit.efb.fr\/#organization"},"potentialAction":[{"@type":"SearchAction","target":{"@type":"EntryPoint","urlTemplate":"https:\/\/wpvit.efb.fr\/?s={search_term_string}"},"query-input":{"@type":"PropertyValueSpecification","valueRequired":true,"valueName":"search_term_string"}}],"inLanguage":"fr-FR"},{"@type":"Organization","@id":"https:\/\/wpvit.efb.fr\/#organization","name":"\u00c9cole de formation professionnelle des barreaux du ressort de la cour d\u2019appel de Paris (EFB)","alternateName":"\u00c9cole de Formation des Barreaux (EFB)","url":"https:\/\/wpvit.efb.fr\/","logo":{"@type":"ImageObject","inLanguage":"fr-FR","@id":"https:\/\/wpvit.efb.fr\/#\/schema\/logo\/image\/","url":"https:\/\/wpvit.efb.fr\/wp-content\/uploads\/2024\/10\/cropped-Logo-EFB-2023_fond-transparent_mail.png","contentUrl":"https:\/\/wpvit.efb.fr\/wp-content\/uploads\/2024\/10\/cropped-Logo-EFB-2023_fond-transparent_mail.png","width":638,"height":282,"caption":"\u00c9cole de formation professionnelle des barreaux du ressort de la cour d\u2019appel de Paris (EFB)"},"image":{"@id":"https:\/\/wpvit.efb.fr\/#\/schema\/logo\/image\/"}},{"@type":"Person","@id":"https:\/\/wpvit.efb.fr\/#\/schema\/person\/b67db37d3f915e9e119c4e66b7e2922a","name":"wordpress_adm","image":{"@type":"ImageObject","inLanguage":"fr-FR","@id":"https:\/\/secure.gravatar.com\/avatar\/093d90a8ac85d0ebd9579948e52b601bab9901593d225105f51d6c1f47cde80a?s=96&d=mm&r=g","url":"https:\/\/secure.gravatar.com\/avatar\/093d90a8ac85d0ebd9579948e52b601bab9901593d225105f51d6c1f47cde80a?s=96&d=mm&r=g","contentUrl":"https:\/\/secure.gravatar.com\/avatar\/093d90a8ac85d0ebd9579948e52b601bab9901593d225105f51d6c1f47cde80a?s=96&d=mm&r=g","caption":"wordpress_adm"},"sameAs":["http:\/\/wpvit.efb.fr"],"url":"https:\/\/wpvit.efb.fr\/index.php\/author\/wordpress_adm\/"}]}},"_links":{"self":[{"href":"https:\/\/wpvit.efb.fr\/index.php\/wp-json\/wp\/v2\/posts\/13871","targetHints":{"allow":["GET"]}}],"collection":[{"href":"https:\/\/wpvit.efb.fr\/index.php\/wp-json\/wp\/v2\/posts"}],"about":[{"href":"https:\/\/wpvit.efb.fr\/index.php\/wp-json\/wp\/v2\/types\/post"}],"author":[{"embeddable":true,"href":"https:\/\/wpvit.efb.fr\/index.php\/wp-json\/wp\/v2\/users\/1"}],"replies":[{"embeddable":true,"href":"https:\/\/wpvit.efb.fr\/index.php\/wp-json\/wp\/v2\/comments?post=13871"}],"version-history":[{"count":1,"href":"https:\/\/wpvit.efb.fr\/index.php\/wp-json\/wp\/v2\/posts\/13871\/revisions"}],"predecessor-version":[{"id":13874,"href":"https:\/\/wpvit.efb.fr\/index.php\/wp-json\/wp\/v2\/posts\/13871\/revisions\/13874"}],"wp:featuredmedia":[{"embeddable":true,"href":"https:\/\/wpvit.efb.fr\/index.php\/wp-json\/wp\/v2\/media\/22518"}],"wp:attachment":[{"href":"https:\/\/wpvit.efb.fr\/index.php\/wp-json\/wp\/v2\/media?parent=13871"}],"wp:term":[{"taxonomy":"category","embeddable":true,"href":"https:\/\/wpvit.efb.fr\/index.php\/wp-json\/wp\/v2\/categories?post=13871"},{"taxonomy":"post_tag","embeddable":true,"href":"https:\/\/wpvit.efb.fr\/index.php\/wp-json\/wp\/v2\/tags?post=13871"}],"curies":[{"name":"wp","href":"https:\/\/api.w.org\/{rel}","templated":true}]}}