{"id":13909,"date":"2022-02-24T15:43:14","date_gmt":"2022-02-24T14:43:14","guid":{"rendered":"https:\/\/wpvit.efb.fr\/?p=13909"},"modified":"2023-06-28T09:50:53","modified_gmt":"2023-06-28T07:50:53","slug":"acquerir-le-reflexe-europeen-les-nouveaux-defis-de-la-formation-des-futurs-avocats","status":"publish","type":"post","link":"https:\/\/wpvit.efb.fr\/index.php\/acquerir-le-reflexe-europeen-les-nouveaux-defis-de-la-formation-des-futurs-avocats\/","title":{"rendered":"\u00ab Acqu\u00e9rir le r\u00e9flexe europ\u00e9en, les nouveaux d\u00e9fis de la #formation des futurs #avocats \u00bb"},"content":{"rendered":"\n<p>Tous les enseignements propos\u00e9s par l\u2019\u00e9cole incluent des enseignements au droit de l\u2019Union int\u00e9gr\u00e9s \u00e0 la formation en droit national. Certains cours sont \u00e9galement autonomes et donnent aux futurs avocats des outils processuels enseign\u00e9s dans un domaine pr\u00e9cis. Par exemple, un cours en mati\u00e8re de droit social s\u2019intitule \u00ab Comment g\u00e9rer un recours devant la CJUE et la CEDH relatif aux discriminations et \u00e0 la libert\u00e9 religieuse \u00bb, un autre \u00ab Savoir conduire un dossier contentieux devant les juridictions de l\u2019Union \u00bb en droit de la concurrence. La formation sera renforc\u00e9e par la mise en place prochaine d\u2019un parcours droit europ\u00e9en propos\u00e9 aux \u00e9l\u00e8ves avocats.<\/p>\n\n\n\n<p>Rendez-vous dans \u00ab\u00a0L&rsquo;Avis de l&rsquo;Expert europ\u00e9en n\u00b024\u00a0\u00bb du mois de f\u00e9vrier par D\u00e9l\u00e9gation des Barreaux de France.<\/p>\n\n\n\n<figure class=\"wp-block-embed is-type-wp-embed is-provider-genially wp-block-embed-genially\"><div class=\"wp-block-embed__wrapper\">\n<iframe class=\"wp-embedded-content\" sandbox=\"allow-scripts\" security=\"restricted\" title=\"L&#039;AVIS DE L&#039;EXPERT EUROPEEN 24\" frameborder='0' width='1200' height='675' src='https:\/\/view.genial.ly\/620e23e8f264ed00181a8fc6#?secret=BUYifFMAA0' data-secret='BUYifFMAA0' scrolling='yes'><\/iframe>\n<\/div><\/figure>\n","protected":false},"excerpt":{"rendered":"<p>Tous les enseignements propos\u00e9s par l\u2019\u00e9cole incluent des enseignements au droit de l\u2019Union int\u00e9gr\u00e9s \u00e0 la formation en droit national. Certains cours sont \u00e9galement autonomes et donnent aux futurs avocats des outils processuels enseign\u00e9s dans un domaine pr\u00e9cis. Par exemple, un cours en mati\u00e8re de droit social s\u2019intitule \u00ab Comment g\u00e9rer un recours devant la CJUE et la CEDH relatif aux discriminations et \u00e0 la libert\u00e9 religieuse \u00bb, un autre \u00ab Savoir conduire un dossier contentieux devant les juridictions de l\u2019Union \u00bb en droit de la concurrence. La formation sera renforc\u00e9e par la mise en place prochaine d\u2019un parcours droit europ\u00e9en propos\u00e9 aux \u00e9l\u00e8ves avocats. Rendez-vous dans \u00ab\u00a0L&rsquo;Avis de l&rsquo;Expert europ\u00e9en n\u00b024\u00a0\u00bb du mois de f\u00e9vrier par D\u00e9l\u00e9gation des Barreaux de France.<\/p>\n","protected":false},"author":1,"featured_media":20589,"comment_status":"closed","ping_status":"open","sticky":false,"template":"","format":"standard","meta":{"_acf_changed":false,"footnotes":""},"categories":[1],"tags":[],"class_list":["post-13909","post","type-post","status-publish","format-standard","has-post-thumbnail","hentry","category-non-classe"],"acf":[],"yoast_head":"<!-- This site is optimized with the Yoast SEO plugin v27.4 - https:\/\/yoast.com\/product\/yoast-seo-wordpress\/ -->\n<title>\u00ab Acqu\u00e9rir le r\u00e9flexe europ\u00e9en, les nouveaux d\u00e9fis de la #formation des futurs #avocats \u00bb - efb.fr<\/title>\n<meta name=\"robots\" content=\"index, follow, max-snippet:-1, max-image-preview:large, max-video-preview:-1\" \/>\n<link rel=\"canonical\" href=\"https:\/\/wpvit.efb.fr\/index.php\/acquerir-le-reflexe-europeen-les-nouveaux-defis-de-la-formation-des-futurs-avocats\/\" \/>\n<meta property=\"og:locale\" content=\"fr_FR\" \/>\n<meta property=\"og:type\" content=\"article\" \/>\n<meta property=\"og:title\" content=\"\u00ab Acqu\u00e9rir le r\u00e9flexe europ\u00e9en, les nouveaux d\u00e9fis de la #formation des futurs #avocats \u00bb - efb.fr\" \/>\n<meta property=\"og:description\" content=\"Tous les enseignements propos\u00e9s par l\u2019\u00e9cole incluent des enseignements au droit de l\u2019Union int\u00e9gr\u00e9s \u00e0 la formation en droit national. Certains cours sont \u00e9galement autonomes et donnent aux futurs avocats des outils processuels enseign\u00e9s dans un domaine pr\u00e9cis. Par exemple, un cours en mati\u00e8re de droit social s\u2019intitule \u00ab Comment g\u00e9rer un recours devant la CJUE et la CEDH relatif aux discriminations et \u00e0 la libert\u00e9 religieuse \u00bb, un autre \u00ab Savoir conduire un dossier contentieux devant les juridictions de l\u2019Union \u00bb en droit de la concurrence. La formation sera renforc\u00e9e par la mise en place prochaine d\u2019un parcours droit europ\u00e9en propos\u00e9 aux \u00e9l\u00e8ves avocats. Rendez-vous dans \u00ab\u00a0L&rsquo;Avis de l&rsquo;Expert europ\u00e9en n\u00b024\u00a0\u00bb du mois de f\u00e9vrier par D\u00e9l\u00e9gation des Barreaux de France.\" \/>\n<meta property=\"og:url\" content=\"https:\/\/wpvit.efb.fr\/index.php\/acquerir-le-reflexe-europeen-les-nouveaux-defis-de-la-formation-des-futurs-avocats\/\" \/>\n<meta property=\"og:site_name\" content=\"efb.fr\" \/>\n<meta property=\"article:published_time\" content=\"2022-02-24T14:43:14+00:00\" \/>\n<meta property=\"article:modified_time\" content=\"2023-06-28T07:50:53+00:00\" \/>\n<meta property=\"og:image\" content=\"https:\/\/wpvit.efb.fr\/wp-content\/uploads\/2023\/06\/2023-06-20-09_04_40-Boite-de-reception-a.malo@efb.fr-Outlook.png\" \/>\n\t<meta property=\"og:image:width\" content=\"619\" \/>\n\t<meta property=\"og:image:height\" content=\"639\" \/>\n\t<meta property=\"og:image:type\" content=\"image\/png\" \/>\n<meta name=\"author\" content=\"wordpress_adm\" \/>\n<meta name=\"twitter:card\" content=\"summary_large_image\" \/>\n<meta name=\"twitter:label1\" content=\"\u00c9crit par\" \/>\n\t<meta name=\"twitter:data1\" content=\"wordpress_adm\" \/>\n\t<meta name=\"twitter:label2\" content=\"Dur\u00e9e de lecture estim\u00e9e\" \/>\n\t<meta name=\"twitter:data2\" content=\"1 minute\" \/>\n<script type=\"application\/ld+json\" class=\"yoast-schema-graph\">{\"@context\":\"https:\\\/\\\/schema.org\",\"@graph\":[{\"@type\":\"Article\",\"@id\":\"https:\\\/\\\/wpvit.efb.fr\\\/index.php\\\/acquerir-le-reflexe-europeen-les-nouveaux-defis-de-la-formation-des-futurs-avocats\\\/#article\",\"isPartOf\":{\"@id\":\"https:\\\/\\\/wpvit.efb.fr\\\/index.php\\\/acquerir-le-reflexe-europeen-les-nouveaux-defis-de-la-formation-des-futurs-avocats\\\/\"},\"author\":{\"name\":\"wordpress_adm\",\"@id\":\"https:\\\/\\\/wpvit.efb.fr\\\/#\\\/schema\\\/person\\\/b67db37d3f915e9e119c4e66b7e2922a\"},\"headline\":\"\u00ab Acqu\u00e9rir le r\u00e9flexe europ\u00e9en, les nouveaux d\u00e9fis de la #formation des futurs #avocats \u00bb\",\"datePublished\":\"2022-02-24T14:43:14+00:00\",\"dateModified\":\"2023-06-28T07:50:53+00:00\",\"mainEntityOfPage\":{\"@id\":\"https:\\\/\\\/wpvit.efb.fr\\\/index.php\\\/acquerir-le-reflexe-europeen-les-nouveaux-defis-de-la-formation-des-futurs-avocats\\\/\"},\"wordCount\":164,\"publisher\":{\"@id\":\"https:\\\/\\\/wpvit.efb.fr\\\/#organization\"},\"image\":{\"@id\":\"https:\\\/\\\/wpvit.efb.fr\\\/index.php\\\/acquerir-le-reflexe-europeen-les-nouveaux-defis-de-la-formation-des-futurs-avocats\\\/#primaryimage\"},\"thumbnailUrl\":\"https:\\\/\\\/wpvit.efb.fr\\\/wp-content\\\/uploads\\\/2023\\\/06\\\/2023-06-20-09_04_40-Boite-de-reception-a.malo@efb.fr-Outlook.png\",\"inLanguage\":\"fr-FR\"},{\"@type\":\"WebPage\",\"@id\":\"https:\\\/\\\/wpvit.efb.fr\\\/index.php\\\/acquerir-le-reflexe-europeen-les-nouveaux-defis-de-la-formation-des-futurs-avocats\\\/\",\"url\":\"https:\\\/\\\/wpvit.efb.fr\\\/index.php\\\/acquerir-le-reflexe-europeen-les-nouveaux-defis-de-la-formation-des-futurs-avocats\\\/\",\"name\":\"\u00ab Acqu\u00e9rir le r\u00e9flexe europ\u00e9en, les nouveaux d\u00e9fis de la #formation des futurs #avocats \u00bb - efb.fr\",\"isPartOf\":{\"@id\":\"https:\\\/\\\/wpvit.efb.fr\\\/#website\"},\"primaryImageOfPage\":{\"@id\":\"https:\\\/\\\/wpvit.efb.fr\\\/index.php\\\/acquerir-le-reflexe-europeen-les-nouveaux-defis-de-la-formation-des-futurs-avocats\\\/#primaryimage\"},\"image\":{\"@id\":\"https:\\\/\\\/wpvit.efb.fr\\\/index.php\\\/acquerir-le-reflexe-europeen-les-nouveaux-defis-de-la-formation-des-futurs-avocats\\\/#primaryimage\"},\"thumbnailUrl\":\"https:\\\/\\\/wpvit.efb.fr\\\/wp-content\\\/uploads\\\/2023\\\/06\\\/2023-06-20-09_04_40-Boite-de-reception-a.malo@efb.fr-Outlook.png\",\"datePublished\":\"2022-02-24T14:43:14+00:00\",\"dateModified\":\"2023-06-28T07:50:53+00:00\",\"breadcrumb\":{\"@id\":\"https:\\\/\\\/wpvit.efb.fr\\\/index.php\\\/acquerir-le-reflexe-europeen-les-nouveaux-defis-de-la-formation-des-futurs-avocats\\\/#breadcrumb\"},\"inLanguage\":\"fr-FR\",\"potentialAction\":[{\"@type\":\"ReadAction\",\"target\":[\"https:\\\/\\\/wpvit.efb.fr\\\/index.php\\\/acquerir-le-reflexe-europeen-les-nouveaux-defis-de-la-formation-des-futurs-avocats\\\/\"]}]},{\"@type\":\"ImageObject\",\"inLanguage\":\"fr-FR\",\"@id\":\"https:\\\/\\\/wpvit.efb.fr\\\/index.php\\\/acquerir-le-reflexe-europeen-les-nouveaux-defis-de-la-formation-des-futurs-avocats\\\/#primaryimage\",\"url\":\"https:\\\/\\\/wpvit.efb.fr\\\/wp-content\\\/uploads\\\/2023\\\/06\\\/2023-06-20-09_04_40-Boite-de-reception-a.malo@efb.fr-Outlook.png\",\"contentUrl\":\"https:\\\/\\\/wpvit.efb.fr\\\/wp-content\\\/uploads\\\/2023\\\/06\\\/2023-06-20-09_04_40-Boite-de-reception-a.malo@efb.fr-Outlook.png\",\"width\":619,\"height\":639},{\"@type\":\"BreadcrumbList\",\"@id\":\"https:\\\/\\\/wpvit.efb.fr\\\/index.php\\\/acquerir-le-reflexe-europeen-les-nouveaux-defis-de-la-formation-des-futurs-avocats\\\/#breadcrumb\",\"itemListElement\":[{\"@type\":\"ListItem\",\"position\":1,\"name\":\"Accueil\",\"item\":\"https:\\\/\\\/wpvit.efb.fr\\\/\"},{\"@type\":\"ListItem\",\"position\":2,\"name\":\"\u00ab Acqu\u00e9rir le r\u00e9flexe europ\u00e9en, les nouveaux d\u00e9fis de la #formation des futurs #avocats \u00bb\"}]},{\"@type\":\"WebSite\",\"@id\":\"https:\\\/\\\/wpvit.efb.fr\\\/#website\",\"url\":\"https:\\\/\\\/wpvit.efb.fr\\\/\",\"name\":\"EFB\",\"description\":\"\",\"publisher\":{\"@id\":\"https:\\\/\\\/wpvit.efb.fr\\\/#organization\"},\"potentialAction\":[{\"@type\":\"SearchAction\",\"target\":{\"@type\":\"EntryPoint\",\"urlTemplate\":\"https:\\\/\\\/wpvit.efb.fr\\\/?s={search_term_string}\"},\"query-input\":{\"@type\":\"PropertyValueSpecification\",\"valueRequired\":true,\"valueName\":\"search_term_string\"}}],\"inLanguage\":\"fr-FR\"},{\"@type\":\"Organization\",\"@id\":\"https:\\\/\\\/wpvit.efb.fr\\\/#organization\",\"name\":\"\u00c9cole de formation professionnelle des barreaux du ressort de la cour d\u2019appel de Paris (EFB)\",\"alternateName\":\"\u00c9cole de Formation des Barreaux (EFB)\",\"url\":\"https:\\\/\\\/wpvit.efb.fr\\\/\",\"logo\":{\"@type\":\"ImageObject\",\"inLanguage\":\"fr-FR\",\"@id\":\"https:\\\/\\\/wpvit.efb.fr\\\/#\\\/schema\\\/logo\\\/image\\\/\",\"url\":\"https:\\\/\\\/wpvit.efb.fr\\\/wp-content\\\/uploads\\\/2024\\\/10\\\/cropped-Logo-EFB-2023_fond-transparent_mail.png\",\"contentUrl\":\"https:\\\/\\\/wpvit.efb.fr\\\/wp-content\\\/uploads\\\/2024\\\/10\\\/cropped-Logo-EFB-2023_fond-transparent_mail.png\",\"width\":638,\"height\":282,\"caption\":\"\u00c9cole de formation professionnelle des barreaux du ressort de la cour d\u2019appel de Paris (EFB)\"},\"image\":{\"@id\":\"https:\\\/\\\/wpvit.efb.fr\\\/#\\\/schema\\\/logo\\\/image\\\/\"}},{\"@type\":\"Person\",\"@id\":\"https:\\\/\\\/wpvit.efb.fr\\\/#\\\/schema\\\/person\\\/b67db37d3f915e9e119c4e66b7e2922a\",\"name\":\"wordpress_adm\",\"image\":{\"@type\":\"ImageObject\",\"inLanguage\":\"fr-FR\",\"@id\":\"https:\\\/\\\/secure.gravatar.com\\\/avatar\\\/093d90a8ac85d0ebd9579948e52b601bab9901593d225105f51d6c1f47cde80a?s=96&d=mm&r=g\",\"url\":\"https:\\\/\\\/secure.gravatar.com\\\/avatar\\\/093d90a8ac85d0ebd9579948e52b601bab9901593d225105f51d6c1f47cde80a?s=96&d=mm&r=g\",\"contentUrl\":\"https:\\\/\\\/secure.gravatar.com\\\/avatar\\\/093d90a8ac85d0ebd9579948e52b601bab9901593d225105f51d6c1f47cde80a?s=96&d=mm&r=g\",\"caption\":\"wordpress_adm\"},\"sameAs\":[\"http:\\\/\\\/wpvit.efb.fr\"],\"url\":\"https:\\\/\\\/wpvit.efb.fr\\\/index.php\\\/author\\\/wordpress_adm\\\/\"}]}<\/script>\n<!-- \/ Yoast SEO plugin. -->","yoast_head_json":{"title":"\u00ab Acqu\u00e9rir le r\u00e9flexe europ\u00e9en, les nouveaux d\u00e9fis de la #formation des futurs #avocats \u00bb - efb.fr","robots":{"index":"index","follow":"follow","max-snippet":"max-snippet:-1","max-image-preview":"max-image-preview:large","max-video-preview":"max-video-preview:-1"},"canonical":"https:\/\/wpvit.efb.fr\/index.php\/acquerir-le-reflexe-europeen-les-nouveaux-defis-de-la-formation-des-futurs-avocats\/","og_locale":"fr_FR","og_type":"article","og_title":"\u00ab Acqu\u00e9rir le r\u00e9flexe europ\u00e9en, les nouveaux d\u00e9fis de la #formation des futurs #avocats \u00bb - efb.fr","og_description":"Tous les enseignements propos\u00e9s par l\u2019\u00e9cole incluent des enseignements au droit de l\u2019Union int\u00e9gr\u00e9s \u00e0 la formation en droit national. Certains cours sont \u00e9galement autonomes et donnent aux futurs avocats des outils processuels enseign\u00e9s dans un domaine pr\u00e9cis. Par exemple, un cours en mati\u00e8re de droit social s\u2019intitule \u00ab Comment g\u00e9rer un recours devant la CJUE et la CEDH relatif aux discriminations et \u00e0 la libert\u00e9 religieuse \u00bb, un autre \u00ab Savoir conduire un dossier contentieux devant les juridictions de l\u2019Union \u00bb en droit de la concurrence. La formation sera renforc\u00e9e par la mise en place prochaine d\u2019un parcours droit europ\u00e9en propos\u00e9 aux \u00e9l\u00e8ves avocats. Rendez-vous dans \u00ab\u00a0L&rsquo;Avis de l&rsquo;Expert europ\u00e9en n\u00b024\u00a0\u00bb du mois de f\u00e9vrier par D\u00e9l\u00e9gation des Barreaux de France.","og_url":"https:\/\/wpvit.efb.fr\/index.php\/acquerir-le-reflexe-europeen-les-nouveaux-defis-de-la-formation-des-futurs-avocats\/","og_site_name":"efb.fr","article_published_time":"2022-02-24T14:43:14+00:00","article_modified_time":"2023-06-28T07:50:53+00:00","og_image":[{"width":619,"height":639,"url":"https:\/\/wpvit.efb.fr\/wp-content\/uploads\/2023\/06\/2023-06-20-09_04_40-Boite-de-reception-a.malo@efb.fr-Outlook.png","type":"image\/png"}],"author":"wordpress_adm","twitter_card":"summary_large_image","twitter_misc":{"\u00c9crit par":"wordpress_adm","Dur\u00e9e de lecture estim\u00e9e":"1 minute"},"schema":{"@context":"https:\/\/schema.org","@graph":[{"@type":"Article","@id":"https:\/\/wpvit.efb.fr\/index.php\/acquerir-le-reflexe-europeen-les-nouveaux-defis-de-la-formation-des-futurs-avocats\/#article","isPartOf":{"@id":"https:\/\/wpvit.efb.fr\/index.php\/acquerir-le-reflexe-europeen-les-nouveaux-defis-de-la-formation-des-futurs-avocats\/"},"author":{"name":"wordpress_adm","@id":"https:\/\/wpvit.efb.fr\/#\/schema\/person\/b67db37d3f915e9e119c4e66b7e2922a"},"headline":"\u00ab Acqu\u00e9rir le r\u00e9flexe europ\u00e9en, les nouveaux d\u00e9fis de la #formation des futurs #avocats \u00bb","datePublished":"2022-02-24T14:43:14+00:00","dateModified":"2023-06-28T07:50:53+00:00","mainEntityOfPage":{"@id":"https:\/\/wpvit.efb.fr\/index.php\/acquerir-le-reflexe-europeen-les-nouveaux-defis-de-la-formation-des-futurs-avocats\/"},"wordCount":164,"publisher":{"@id":"https:\/\/wpvit.efb.fr\/#organization"},"image":{"@id":"https:\/\/wpvit.efb.fr\/index.php\/acquerir-le-reflexe-europeen-les-nouveaux-defis-de-la-formation-des-futurs-avocats\/#primaryimage"},"thumbnailUrl":"https:\/\/wpvit.efb.fr\/wp-content\/uploads\/2023\/06\/2023-06-20-09_04_40-Boite-de-reception-a.malo@efb.fr-Outlook.png","inLanguage":"fr-FR"},{"@type":"WebPage","@id":"https:\/\/wpvit.efb.fr\/index.php\/acquerir-le-reflexe-europeen-les-nouveaux-defis-de-la-formation-des-futurs-avocats\/","url":"https:\/\/wpvit.efb.fr\/index.php\/acquerir-le-reflexe-europeen-les-nouveaux-defis-de-la-formation-des-futurs-avocats\/","name":"\u00ab Acqu\u00e9rir le r\u00e9flexe europ\u00e9en, les nouveaux d\u00e9fis de la #formation des futurs #avocats \u00bb - efb.fr","isPartOf":{"@id":"https:\/\/wpvit.efb.fr\/#website"},"primaryImageOfPage":{"@id":"https:\/\/wpvit.efb.fr\/index.php\/acquerir-le-reflexe-europeen-les-nouveaux-defis-de-la-formation-des-futurs-avocats\/#primaryimage"},"image":{"@id":"https:\/\/wpvit.efb.fr\/index.php\/acquerir-le-reflexe-europeen-les-nouveaux-defis-de-la-formation-des-futurs-avocats\/#primaryimage"},"thumbnailUrl":"https:\/\/wpvit.efb.fr\/wp-content\/uploads\/2023\/06\/2023-06-20-09_04_40-Boite-de-reception-a.malo@efb.fr-Outlook.png","datePublished":"2022-02-24T14:43:14+00:00","dateModified":"2023-06-28T07:50:53+00:00","breadcrumb":{"@id":"https:\/\/wpvit.efb.fr\/index.php\/acquerir-le-reflexe-europeen-les-nouveaux-defis-de-la-formation-des-futurs-avocats\/#breadcrumb"},"inLanguage":"fr-FR","potentialAction":[{"@type":"ReadAction","target":["https:\/\/wpvit.efb.fr\/index.php\/acquerir-le-reflexe-europeen-les-nouveaux-defis-de-la-formation-des-futurs-avocats\/"]}]},{"@type":"ImageObject","inLanguage":"fr-FR","@id":"https:\/\/wpvit.efb.fr\/index.php\/acquerir-le-reflexe-europeen-les-nouveaux-defis-de-la-formation-des-futurs-avocats\/#primaryimage","url":"https:\/\/wpvit.efb.fr\/wp-content\/uploads\/2023\/06\/2023-06-20-09_04_40-Boite-de-reception-a.malo@efb.fr-Outlook.png","contentUrl":"https:\/\/wpvit.efb.fr\/wp-content\/uploads\/2023\/06\/2023-06-20-09_04_40-Boite-de-reception-a.malo@efb.fr-Outlook.png","width":619,"height":639},{"@type":"BreadcrumbList","@id":"https:\/\/wpvit.efb.fr\/index.php\/acquerir-le-reflexe-europeen-les-nouveaux-defis-de-la-formation-des-futurs-avocats\/#breadcrumb","itemListElement":[{"@type":"ListItem","position":1,"name":"Accueil","item":"https:\/\/wpvit.efb.fr\/"},{"@type":"ListItem","position":2,"name":"\u00ab Acqu\u00e9rir le r\u00e9flexe europ\u00e9en, les nouveaux d\u00e9fis de la #formation des futurs #avocats \u00bb"}]},{"@type":"WebSite","@id":"https:\/\/wpvit.efb.fr\/#website","url":"https:\/\/wpvit.efb.fr\/","name":"EFB","description":"","publisher":{"@id":"https:\/\/wpvit.efb.fr\/#organization"},"potentialAction":[{"@type":"SearchAction","target":{"@type":"EntryPoint","urlTemplate":"https:\/\/wpvit.efb.fr\/?s={search_term_string}"},"query-input":{"@type":"PropertyValueSpecification","valueRequired":true,"valueName":"search_term_string"}}],"inLanguage":"fr-FR"},{"@type":"Organization","@id":"https:\/\/wpvit.efb.fr\/#organization","name":"\u00c9cole de formation professionnelle des barreaux du ressort de la cour d\u2019appel de Paris (EFB)","alternateName":"\u00c9cole de Formation des Barreaux (EFB)","url":"https:\/\/wpvit.efb.fr\/","logo":{"@type":"ImageObject","inLanguage":"fr-FR","@id":"https:\/\/wpvit.efb.fr\/#\/schema\/logo\/image\/","url":"https:\/\/wpvit.efb.fr\/wp-content\/uploads\/2024\/10\/cropped-Logo-EFB-2023_fond-transparent_mail.png","contentUrl":"https:\/\/wpvit.efb.fr\/wp-content\/uploads\/2024\/10\/cropped-Logo-EFB-2023_fond-transparent_mail.png","width":638,"height":282,"caption":"\u00c9cole de formation professionnelle des barreaux du ressort de la cour d\u2019appel de Paris (EFB)"},"image":{"@id":"https:\/\/wpvit.efb.fr\/#\/schema\/logo\/image\/"}},{"@type":"Person","@id":"https:\/\/wpvit.efb.fr\/#\/schema\/person\/b67db37d3f915e9e119c4e66b7e2922a","name":"wordpress_adm","image":{"@type":"ImageObject","inLanguage":"fr-FR","@id":"https:\/\/secure.gravatar.com\/avatar\/093d90a8ac85d0ebd9579948e52b601bab9901593d225105f51d6c1f47cde80a?s=96&d=mm&r=g","url":"https:\/\/secure.gravatar.com\/avatar\/093d90a8ac85d0ebd9579948e52b601bab9901593d225105f51d6c1f47cde80a?s=96&d=mm&r=g","contentUrl":"https:\/\/secure.gravatar.com\/avatar\/093d90a8ac85d0ebd9579948e52b601bab9901593d225105f51d6c1f47cde80a?s=96&d=mm&r=g","caption":"wordpress_adm"},"sameAs":["http:\/\/wpvit.efb.fr"],"url":"https:\/\/wpvit.efb.fr\/index.php\/author\/wordpress_adm\/"}]}},"_links":{"self":[{"href":"https:\/\/wpvit.efb.fr\/index.php\/wp-json\/wp\/v2\/posts\/13909","targetHints":{"allow":["GET"]}}],"collection":[{"href":"https:\/\/wpvit.efb.fr\/index.php\/wp-json\/wp\/v2\/posts"}],"about":[{"href":"https:\/\/wpvit.efb.fr\/index.php\/wp-json\/wp\/v2\/types\/post"}],"author":[{"embeddable":true,"href":"https:\/\/wpvit.efb.fr\/index.php\/wp-json\/wp\/v2\/users\/1"}],"replies":[{"embeddable":true,"href":"https:\/\/wpvit.efb.fr\/index.php\/wp-json\/wp\/v2\/comments?post=13909"}],"version-history":[{"count":1,"href":"https:\/\/wpvit.efb.fr\/index.php\/wp-json\/wp\/v2\/posts\/13909\/revisions"}],"predecessor-version":[{"id":13911,"href":"https:\/\/wpvit.efb.fr\/index.php\/wp-json\/wp\/v2\/posts\/13909\/revisions\/13911"}],"wp:featuredmedia":[{"embeddable":true,"href":"https:\/\/wpvit.efb.fr\/index.php\/wp-json\/wp\/v2\/media\/20589"}],"wp:attachment":[{"href":"https:\/\/wpvit.efb.fr\/index.php\/wp-json\/wp\/v2\/media?parent=13909"}],"wp:term":[{"taxonomy":"category","embeddable":true,"href":"https:\/\/wpvit.efb.fr\/index.php\/wp-json\/wp\/v2\/categories?post=13909"},{"taxonomy":"post_tag","embeddable":true,"href":"https:\/\/wpvit.efb.fr\/index.php\/wp-json\/wp\/v2\/tags?post=13909"}],"curies":[{"name":"wp","href":"https:\/\/api.w.org\/{rel}","templated":true}]}}