{"id":13916,"date":"2022-01-20T15:46:18","date_gmt":"2022-01-20T14:46:18","guid":{"rendered":"https:\/\/wpvit.efb.fr\/?p=13916"},"modified":"2023-05-23T10:33:57","modified_gmt":"2023-05-23T08:33:57","slug":"julie-couturier-presidente-de-lefb","status":"publish","type":"post","link":"https:\/\/wpvit.efb.fr\/index.php\/julie-couturier-presidente-de-lefb\/","title":{"rendered":"Julie Couturier, pr\u00e9sidente de l\u2019EFB"},"content":{"rendered":"\n<p><strong>\u00ab Les premiers effets de la r\u00e9forme de l\u2019examen d\u2019entr\u00e9e se font sentir \u00bb<\/strong><\/p>\n\n\n\n<p><strong>Quelles sont vos ambitions pour l\u2019\u00e9cole ?<\/strong><\/p>\n\n\n\n<p><strong>Julie Couturier<\/strong>&nbsp;: C\u2019est de poursuivre le mouvement d\u00e9j\u00e0 entam\u00e9, c\u2019est-\u00e0-dire les formations communes avocats-magistrats. Effectivement, il y a une pr\u00e9sence tr\u00e8s forte des magistrats \u00e0 l\u2019EFB pour apprendre aux \u00e9l\u00e8ves, notamment en mati\u00e8re judiciaire, \u00e0 comprendre d\u00e8s l\u2019\u00e9cole ce que les juges attendent des avocats.<\/p>\n\n\n\n<p>Il y a, par ailleurs, une esp\u00e8ce de d\u00e9calage entre la perception que les \u00e9l\u00e8ves ont de l\u2019\u00e9cole et la r\u00e9alit\u00e9. L\u2019EFB a consid\u00e9rablement progress\u00e9e ces derni\u00e8res ann\u00e9es, notamment sous l\u2019impulsion de Marie-Aim\u00e9e Peyron, b\u00e2tonnier, et Basile Ader, vice-b\u00e2tonnier, ainsi que Ali\u00e9nor Kamara-Cavarroc, la directrice p\u00e9dagogique. Il est vrai que la cr\u00e9ation de ces parcours a aussi permis d\u2019am\u00e9liorer la qualit\u00e9 de la formation, il faut maintenant que cela se sache. On a beaucoup critiqu\u00e9 l\u2019\u00e9cole, disant que \u00e7a ne sert \u00e0 rien, que ses cours \u00e9taient trop th\u00e9oriques, aujourd\u2019hui cela n\u2019est plus vrai.<\/p>\n\n\n\n<p><strong>Les changements op\u00e9r\u00e9s apr\u00e8s chaque \u00e9lection ordinale sont \u00e9galement critiqu\u00e9s. Qu\u2019en pensez-vous ?<\/strong><\/p>\n\n\n\n<p><strong>J. C<\/strong>. : Je pense, au contraire, qu\u2019il faut que les choses s\u2019inscrivent dans la dur\u00e9e. L\u2019installation, l\u2019ann\u00e9e derni\u00e8re, du directeur, Gilles Accomando, va permettre la mise en place d\u2019un certain nombre de programmes. Nous aimerions insister sur la formation \u00e0 la vie du cabinet : il faut consid\u00e9rer que les \u00e9l\u00e8ves-avocats sont d\u00e9j\u00e0 des entrepreneurs en puissance. Nous souhaitons \u00e9galement mettre l\u2019accent sur tout ce qui concerne l\u2019\u00e9galit\u00e9, c\u2019est-\u00e0-dire que nous voulons aussi former les avocats aux risques psycho-sociaux, \u00e0 toutes les questions de conciliation vie professionnelle-vie personnelle. Toutes ces donn\u00e9es sont quelque peu nouvelles.<\/p>\n\n\n\n<p><strong>Vous parliez de la relation avocats-magistrats. Cela vous tient \u00e0 c\u0153ur personnellement ?<\/strong><\/p>\n\n\n\n<p><strong>J. C.<\/strong>&nbsp;: Oui, toutefois, il ne faut pas oublier que 70 % des avocats parisiens ne font pas du judiciaire mais du conseil. Il ne faut pas non plus que nous ayons un tropisme judiciaire trop fort. Il est vrai qu\u2019une c\u00e9r\u00e9monie comme aujourd\u2019hui, o\u00f9 la cour fait l\u2019effort de se d\u00e9placer, c\u2019est important de savoir ce qu\u2019il en est. Mais effectivement, c\u2019est mon sujet depuis des ann\u00e9es.<\/p>\n\n\n\n<p><strong>Cette ann\u00e9e, il y a pr\u00e8s de 400 \u00e9l\u00e8ves-avocats en moins. Pourquoi ?<\/strong><\/p>\n\n\n\n<p><strong>J. C.<\/strong>&nbsp;: Nous commen\u00e7ons \u00e0 sentir les premiers effets de la r\u00e9forme de l\u2019examen d\u2019entr\u00e9e, qui est devenu national. Auparavant, les Instituts d\u2019\u00e9tudes judicaires (IEJ) organisaient leurs propres examens. \u00c0 partir du moment o\u00f9 il y a un examen national, les r\u00e9sultats sont unifi\u00e9s. Cela rend les choses un peu plus s\u00e9lectives, ce qui n\u2019est pas plus mal. M\u00eame si je suis radicalement oppos\u00e9e au numerus clausus.<\/p>\n\n\n\n<p><strong>Il y a \u00e9galement des \u00e9volutions sur le plan sanitaire ?<\/strong><\/p>\n\n\n\n<p><strong>J. C.<\/strong>&nbsp;: Nous allons nous adapter, comme nous avons su le faire durant la premi\u00e8re p\u00e9riode de la pand\u00e9mie. Je n\u2019\u00e9tais pas aux affaires, mais cela continue. Effectivement, nous avons fait le choix du distanciel, au moins pour le mois de janvier, m\u00eame si nous aimerions revenir le plus vite au pr\u00e9sentiel. Autant, lors de la rentr\u00e9e de l\u2019EFB, nous avions la possibilit\u00e9 d\u2019assurer aux \u00e9l\u00e8ves la plus grande s\u00e9curit\u00e9 possible avec des FFP2, un si\u00e8ge sur deux, etc. Autant, \u00e0 l\u2019\u00e9cole, il y a forc\u00e9ment plus de brassage. C\u2019est un peu plus compliqu\u00e9, c\u2019est pourquoi nous pr\u00e9f\u00e9rons, dans un premier temps et par pr\u00e9caution, \u00eatre en distanciel.<\/p>\n\n\n\n<p>Par QUENTIN CLAUZON<br>17 janvier 2022<\/p>\n\n\n\n<p><a href=\"https:\/\/www.affiches-parisiennes.com\/amp\/julie-couturier-presidente-de-l-efb-les-premiers-effets-de-la-reforme-de-l-examen-d-entree-se-font-sentir-93498.html\">https:\/\/www.affiches-parisiennes.com\/amp\/julie-couturier-presidente-de-l-efb-les-premiers-effets-de-la-reforme-de-l-examen-d-entree-se-font-sentir-93498.html<\/a><\/p>\n","protected":false},"excerpt":{"rendered":"<p>\u00ab Les premiers effets de la r\u00e9forme de l\u2019examen d\u2019entr\u00e9e se font sentir \u00bb Quelles sont vos ambitions pour l\u2019\u00e9cole ? Julie Couturier&nbsp;: C\u2019est de poursuivre le mouvement d\u00e9j\u00e0 entam\u00e9, c\u2019est-\u00e0-dire les formations communes avocats-magistrats. Effectivement, il y a une pr\u00e9sence tr\u00e8s forte des magistrats \u00e0 l\u2019EFB pour apprendre aux \u00e9l\u00e8ves, notamment en mati\u00e8re judiciaire, \u00e0 comprendre d\u00e8s l\u2019\u00e9cole ce que les juges attendent des avocats. Il y a, par ailleurs, une esp\u00e8ce de d\u00e9calage entre la perception que les \u00e9l\u00e8ves ont de l\u2019\u00e9cole et la r\u00e9alit\u00e9. L\u2019EFB a consid\u00e9rablement progress\u00e9e ces derni\u00e8res ann\u00e9es, notamment sous l\u2019impulsion de Marie-Aim\u00e9e Peyron, b\u00e2tonnier, et Basile Ader, vice-b\u00e2tonnier, ainsi que Ali\u00e9nor Kamara-Cavarroc, la directrice p\u00e9dagogique. Il est vrai que la cr\u00e9ation de ces parcours a aussi permis d\u2019am\u00e9liorer la qualit\u00e9 de la formation, il faut maintenant que cela se sache. On a beaucoup critiqu\u00e9 l\u2019\u00e9cole, disant que \u00e7a ne sert \u00e0 rien, que ses cours \u00e9taient trop th\u00e9oriques, aujourd\u2019hui cela n\u2019est plus vrai. Les changements op\u00e9r\u00e9s apr\u00e8s chaque \u00e9lection ordinale sont \u00e9galement critiqu\u00e9s. Qu\u2019en pensez-vous ? J. C. : Je pense, au contraire, qu\u2019il faut que les choses s\u2019inscrivent dans la dur\u00e9e. L\u2019installation, l\u2019ann\u00e9e derni\u00e8re, du directeur, Gilles Accomando, va permettre la mise en place d\u2019un certain nombre de programmes. Nous aimerions insister sur la formation \u00e0 la vie du cabinet : il faut consid\u00e9rer que les \u00e9l\u00e8ves-avocats sont d\u00e9j\u00e0 des entrepreneurs en puissance. Nous souhaitons \u00e9galement mettre l\u2019accent sur tout ce qui concerne l\u2019\u00e9galit\u00e9, c\u2019est-\u00e0-dire que nous voulons aussi former les avocats aux risques psycho-sociaux, \u00e0 toutes les questions de conciliation vie professionnelle-vie personnelle. Toutes ces donn\u00e9es sont quelque peu nouvelles. Vous parliez de la relation avocats-magistrats. Cela vous tient \u00e0 c\u0153ur personnellement ? J. C.&nbsp;: Oui, toutefois, il ne faut pas oublier que 70 % des avocats parisiens ne font pas du judiciaire mais du conseil. Il ne faut pas non plus que nous ayons un tropisme judiciaire trop fort. Il est vrai qu\u2019une c\u00e9r\u00e9monie comme aujourd\u2019hui, o\u00f9 la cour fait l\u2019effort de se d\u00e9placer, c\u2019est important de savoir ce qu\u2019il en est. Mais effectivement, c\u2019est mon sujet depuis des ann\u00e9es. Cette ann\u00e9e, il y a pr\u00e8s de 400 \u00e9l\u00e8ves-avocats en moins. Pourquoi ? J. C.&nbsp;: Nous commen\u00e7ons \u00e0 sentir les premiers effets de la r\u00e9forme de l\u2019examen d\u2019entr\u00e9e, qui est devenu national. Auparavant, les Instituts d\u2019\u00e9tudes judicaires (IEJ) organisaient leurs propres examens. \u00c0 partir du moment o\u00f9 il y a un examen national, les r\u00e9sultats sont unifi\u00e9s. Cela rend les choses un peu plus s\u00e9lectives, ce qui n\u2019est pas plus mal. M\u00eame si je suis radicalement oppos\u00e9e au numerus clausus. Il y a \u00e9galement des \u00e9volutions sur le plan sanitaire ? J. C.&nbsp;: Nous allons nous adapter, comme nous avons su le faire durant la premi\u00e8re p\u00e9riode de la pand\u00e9mie. Je n\u2019\u00e9tais pas aux affaires, mais cela continue. Effectivement, nous avons fait le choix du distanciel, au moins pour le mois de janvier, m\u00eame si nous aimerions revenir le plus vite au pr\u00e9sentiel. Autant, lors de la rentr\u00e9e de l\u2019EFB, nous avions la possibilit\u00e9 d\u2019assurer aux \u00e9l\u00e8ves la plus grande s\u00e9curit\u00e9 possible avec des FFP2, un si\u00e8ge sur deux, etc. Autant, \u00e0 l\u2019\u00e9cole, il y a forc\u00e9ment plus de brassage. C\u2019est un peu plus compliqu\u00e9, c\u2019est pourquoi nous pr\u00e9f\u00e9rons, dans un premier temps et par pr\u00e9caution, \u00eatre en distanciel. Par QUENTIN CLAUZON17 janvier 2022 https:\/\/www.affiches-parisiennes.com\/amp\/julie-couturier-presidente-de-l-efb-les-premiers-effets-de-la-reforme-de-l-examen-d-entree-se-font-sentir-93498.html<\/p>\n","protected":false},"author":1,"featured_media":13917,"comment_status":"closed","ping_status":"open","sticky":false,"template":"","format":"standard","meta":{"_acf_changed":false,"footnotes":""},"categories":[1],"tags":[],"class_list":["post-13916","post","type-post","status-publish","format-standard","has-post-thumbnail","hentry","category-non-classe"],"acf":[],"yoast_head":"<!-- This site is optimized with the Yoast SEO plugin v27.4 - https:\/\/yoast.com\/product\/yoast-seo-wordpress\/ -->\n<title>Julie Couturier, pr\u00e9sidente de l\u2019EFB - efb.fr<\/title>\n<meta name=\"robots\" content=\"index, follow, max-snippet:-1, max-image-preview:large, max-video-preview:-1\" \/>\n<link rel=\"canonical\" href=\"https:\/\/wpvit.efb.fr\/index.php\/julie-couturier-presidente-de-lefb\/\" \/>\n<meta property=\"og:locale\" content=\"fr_FR\" \/>\n<meta property=\"og:type\" content=\"article\" \/>\n<meta property=\"og:title\" content=\"Julie Couturier, pr\u00e9sidente de l\u2019EFB - efb.fr\" \/>\n<meta property=\"og:description\" content=\"\u00ab Les premiers effets de la r\u00e9forme de l\u2019examen d\u2019entr\u00e9e se font sentir \u00bb Quelles sont vos ambitions pour l\u2019\u00e9cole ? Julie Couturier&nbsp;: C\u2019est de poursuivre le mouvement d\u00e9j\u00e0 entam\u00e9, c\u2019est-\u00e0-dire les formations communes avocats-magistrats. Effectivement, il y a une pr\u00e9sence tr\u00e8s forte des magistrats \u00e0 l\u2019EFB pour apprendre aux \u00e9l\u00e8ves, notamment en mati\u00e8re judiciaire, \u00e0 comprendre d\u00e8s l\u2019\u00e9cole ce que les juges attendent des avocats. Il y a, par ailleurs, une esp\u00e8ce de d\u00e9calage entre la perception que les \u00e9l\u00e8ves ont de l\u2019\u00e9cole et la r\u00e9alit\u00e9. L\u2019EFB a consid\u00e9rablement progress\u00e9e ces derni\u00e8res ann\u00e9es, notamment sous l\u2019impulsion de Marie-Aim\u00e9e Peyron, b\u00e2tonnier, et Basile Ader, vice-b\u00e2tonnier, ainsi que Ali\u00e9nor Kamara-Cavarroc, la directrice p\u00e9dagogique. Il est vrai que la cr\u00e9ation de ces parcours a aussi permis d\u2019am\u00e9liorer la qualit\u00e9 de la formation, il faut maintenant que cela se sache. On a beaucoup critiqu\u00e9 l\u2019\u00e9cole, disant que \u00e7a ne sert \u00e0 rien, que ses cours \u00e9taient trop th\u00e9oriques, aujourd\u2019hui cela n\u2019est plus vrai. Les changements op\u00e9r\u00e9s apr\u00e8s chaque \u00e9lection ordinale sont \u00e9galement critiqu\u00e9s. Qu\u2019en pensez-vous ? J. C. : Je pense, au contraire, qu\u2019il faut que les choses s\u2019inscrivent dans la dur\u00e9e. L\u2019installation, l\u2019ann\u00e9e derni\u00e8re, du directeur, Gilles Accomando, va permettre la mise en place d\u2019un certain nombre de programmes. Nous aimerions insister sur la formation \u00e0 la vie du cabinet : il faut consid\u00e9rer que les \u00e9l\u00e8ves-avocats sont d\u00e9j\u00e0 des entrepreneurs en puissance. Nous souhaitons \u00e9galement mettre l\u2019accent sur tout ce qui concerne l\u2019\u00e9galit\u00e9, c\u2019est-\u00e0-dire que nous voulons aussi former les avocats aux risques psycho-sociaux, \u00e0 toutes les questions de conciliation vie professionnelle-vie personnelle. Toutes ces donn\u00e9es sont quelque peu nouvelles. Vous parliez de la relation avocats-magistrats. Cela vous tient \u00e0 c\u0153ur personnellement ? J. C.&nbsp;: Oui, toutefois, il ne faut pas oublier que 70 % des avocats parisiens ne font pas du judiciaire mais du conseil. Il ne faut pas non plus que nous ayons un tropisme judiciaire trop fort. Il est vrai qu\u2019une c\u00e9r\u00e9monie comme aujourd\u2019hui, o\u00f9 la cour fait l\u2019effort de se d\u00e9placer, c\u2019est important de savoir ce qu\u2019il en est. Mais effectivement, c\u2019est mon sujet depuis des ann\u00e9es. Cette ann\u00e9e, il y a pr\u00e8s de 400 \u00e9l\u00e8ves-avocats en moins. Pourquoi ? J. C.&nbsp;: Nous commen\u00e7ons \u00e0 sentir les premiers effets de la r\u00e9forme de l\u2019examen d\u2019entr\u00e9e, qui est devenu national. Auparavant, les Instituts d\u2019\u00e9tudes judicaires (IEJ) organisaient leurs propres examens. \u00c0 partir du moment o\u00f9 il y a un examen national, les r\u00e9sultats sont unifi\u00e9s. Cela rend les choses un peu plus s\u00e9lectives, ce qui n\u2019est pas plus mal. M\u00eame si je suis radicalement oppos\u00e9e au numerus clausus. Il y a \u00e9galement des \u00e9volutions sur le plan sanitaire ? J. C.&nbsp;: Nous allons nous adapter, comme nous avons su le faire durant la premi\u00e8re p\u00e9riode de la pand\u00e9mie. Je n\u2019\u00e9tais pas aux affaires, mais cela continue. Effectivement, nous avons fait le choix du distanciel, au moins pour le mois de janvier, m\u00eame si nous aimerions revenir le plus vite au pr\u00e9sentiel. Autant, lors de la rentr\u00e9e de l\u2019EFB, nous avions la possibilit\u00e9 d\u2019assurer aux \u00e9l\u00e8ves la plus grande s\u00e9curit\u00e9 possible avec des FFP2, un si\u00e8ge sur deux, etc. Autant, \u00e0 l\u2019\u00e9cole, il y a forc\u00e9ment plus de brassage. C\u2019est un peu plus compliqu\u00e9, c\u2019est pourquoi nous pr\u00e9f\u00e9rons, dans un premier temps et par pr\u00e9caution, \u00eatre en distanciel. Par QUENTIN CLAUZON17 janvier 2022 https:\/\/www.affiches-parisiennes.com\/amp\/julie-couturier-presidente-de-l-efb-les-premiers-effets-de-la-reforme-de-l-examen-d-entree-se-font-sentir-93498.html\" \/>\n<meta property=\"og:url\" content=\"https:\/\/wpvit.efb.fr\/index.php\/julie-couturier-presidente-de-lefb\/\" \/>\n<meta property=\"og:site_name\" content=\"efb.fr\" \/>\n<meta property=\"article:published_time\" content=\"2022-01-20T14:46:18+00:00\" \/>\n<meta property=\"article:modified_time\" content=\"2023-05-23T08:33:57+00:00\" \/>\n<meta property=\"og:image\" content=\"https:\/\/wpvit.efb.fr\/wp-content\/uploads\/2023\/05\/initial-full-j-couturier-2.webp\" \/>\n\t<meta property=\"og:image:width\" content=\"2560\" \/>\n\t<meta property=\"og:image:height\" content=\"1440\" \/>\n\t<meta property=\"og:image:type\" content=\"image\/webp\" \/>\n<meta name=\"author\" content=\"wordpress_adm\" \/>\n<meta name=\"twitter:card\" content=\"summary_large_image\" \/>\n<meta name=\"twitter:label1\" content=\"\u00c9crit par\" \/>\n\t<meta name=\"twitter:data1\" content=\"wordpress_adm\" \/>\n\t<meta name=\"twitter:label2\" content=\"Dur\u00e9e de lecture estim\u00e9e\" \/>\n\t<meta name=\"twitter:data2\" content=\"3 minutes\" \/>\n<script type=\"application\/ld+json\" class=\"yoast-schema-graph\">{\"@context\":\"https:\\\/\\\/schema.org\",\"@graph\":[{\"@type\":\"Article\",\"@id\":\"https:\\\/\\\/wpvit.efb.fr\\\/index.php\\\/julie-couturier-presidente-de-lefb\\\/#article\",\"isPartOf\":{\"@id\":\"https:\\\/\\\/wpvit.efb.fr\\\/index.php\\\/julie-couturier-presidente-de-lefb\\\/\"},\"author\":{\"name\":\"wordpress_adm\",\"@id\":\"https:\\\/\\\/wpvit.efb.fr\\\/#\\\/schema\\\/person\\\/b67db37d3f915e9e119c4e66b7e2922a\"},\"headline\":\"Julie Couturier, pr\u00e9sidente de l\u2019EFB\",\"datePublished\":\"2022-01-20T14:46:18+00:00\",\"dateModified\":\"2023-05-23T08:33:57+00:00\",\"mainEntityOfPage\":{\"@id\":\"https:\\\/\\\/wpvit.efb.fr\\\/index.php\\\/julie-couturier-presidente-de-lefb\\\/\"},\"wordCount\":655,\"publisher\":{\"@id\":\"https:\\\/\\\/wpvit.efb.fr\\\/#organization\"},\"image\":{\"@id\":\"https:\\\/\\\/wpvit.efb.fr\\\/index.php\\\/julie-couturier-presidente-de-lefb\\\/#primaryimage\"},\"thumbnailUrl\":\"https:\\\/\\\/wpvit.efb.fr\\\/wp-content\\\/uploads\\\/2023\\\/05\\\/initial-full-j-couturier-2.webp\",\"inLanguage\":\"fr-FR\"},{\"@type\":\"WebPage\",\"@id\":\"https:\\\/\\\/wpvit.efb.fr\\\/index.php\\\/julie-couturier-presidente-de-lefb\\\/\",\"url\":\"https:\\\/\\\/wpvit.efb.fr\\\/index.php\\\/julie-couturier-presidente-de-lefb\\\/\",\"name\":\"Julie Couturier, pr\u00e9sidente de l\u2019EFB - efb.fr\",\"isPartOf\":{\"@id\":\"https:\\\/\\\/wpvit.efb.fr\\\/#website\"},\"primaryImageOfPage\":{\"@id\":\"https:\\\/\\\/wpvit.efb.fr\\\/index.php\\\/julie-couturier-presidente-de-lefb\\\/#primaryimage\"},\"image\":{\"@id\":\"https:\\\/\\\/wpvit.efb.fr\\\/index.php\\\/julie-couturier-presidente-de-lefb\\\/#primaryimage\"},\"thumbnailUrl\":\"https:\\\/\\\/wpvit.efb.fr\\\/wp-content\\\/uploads\\\/2023\\\/05\\\/initial-full-j-couturier-2.webp\",\"datePublished\":\"2022-01-20T14:46:18+00:00\",\"dateModified\":\"2023-05-23T08:33:57+00:00\",\"breadcrumb\":{\"@id\":\"https:\\\/\\\/wpvit.efb.fr\\\/index.php\\\/julie-couturier-presidente-de-lefb\\\/#breadcrumb\"},\"inLanguage\":\"fr-FR\",\"potentialAction\":[{\"@type\":\"ReadAction\",\"target\":[\"https:\\\/\\\/wpvit.efb.fr\\\/index.php\\\/julie-couturier-presidente-de-lefb\\\/\"]}]},{\"@type\":\"ImageObject\",\"inLanguage\":\"fr-FR\",\"@id\":\"https:\\\/\\\/wpvit.efb.fr\\\/index.php\\\/julie-couturier-presidente-de-lefb\\\/#primaryimage\",\"url\":\"https:\\\/\\\/wpvit.efb.fr\\\/wp-content\\\/uploads\\\/2023\\\/05\\\/initial-full-j-couturier-2.webp\",\"contentUrl\":\"https:\\\/\\\/wpvit.efb.fr\\\/wp-content\\\/uploads\\\/2023\\\/05\\\/initial-full-j-couturier-2.webp\",\"width\":2560,\"height\":1440,\"caption\":\"Julie Couturier sur sc\u00e8ne\"},{\"@type\":\"BreadcrumbList\",\"@id\":\"https:\\\/\\\/wpvit.efb.fr\\\/index.php\\\/julie-couturier-presidente-de-lefb\\\/#breadcrumb\",\"itemListElement\":[{\"@type\":\"ListItem\",\"position\":1,\"name\":\"Accueil\",\"item\":\"https:\\\/\\\/wpvit.efb.fr\\\/\"},{\"@type\":\"ListItem\",\"position\":2,\"name\":\"Julie Couturier, pr\u00e9sidente de l\u2019EFB\"}]},{\"@type\":\"WebSite\",\"@id\":\"https:\\\/\\\/wpvit.efb.fr\\\/#website\",\"url\":\"https:\\\/\\\/wpvit.efb.fr\\\/\",\"name\":\"EFB\",\"description\":\"\",\"publisher\":{\"@id\":\"https:\\\/\\\/wpvit.efb.fr\\\/#organization\"},\"potentialAction\":[{\"@type\":\"SearchAction\",\"target\":{\"@type\":\"EntryPoint\",\"urlTemplate\":\"https:\\\/\\\/wpvit.efb.fr\\\/?s={search_term_string}\"},\"query-input\":{\"@type\":\"PropertyValueSpecification\",\"valueRequired\":true,\"valueName\":\"search_term_string\"}}],\"inLanguage\":\"fr-FR\"},{\"@type\":\"Organization\",\"@id\":\"https:\\\/\\\/wpvit.efb.fr\\\/#organization\",\"name\":\"\u00c9cole de formation professionnelle des barreaux du ressort de la cour d\u2019appel de Paris (EFB)\",\"alternateName\":\"\u00c9cole de Formation des Barreaux (EFB)\",\"url\":\"https:\\\/\\\/wpvit.efb.fr\\\/\",\"logo\":{\"@type\":\"ImageObject\",\"inLanguage\":\"fr-FR\",\"@id\":\"https:\\\/\\\/wpvit.efb.fr\\\/#\\\/schema\\\/logo\\\/image\\\/\",\"url\":\"https:\\\/\\\/wpvit.efb.fr\\\/wp-content\\\/uploads\\\/2024\\\/10\\\/cropped-Logo-EFB-2023_fond-transparent_mail.png\",\"contentUrl\":\"https:\\\/\\\/wpvit.efb.fr\\\/wp-content\\\/uploads\\\/2024\\\/10\\\/cropped-Logo-EFB-2023_fond-transparent_mail.png\",\"width\":638,\"height\":282,\"caption\":\"\u00c9cole de formation professionnelle des barreaux du ressort de la cour d\u2019appel de Paris (EFB)\"},\"image\":{\"@id\":\"https:\\\/\\\/wpvit.efb.fr\\\/#\\\/schema\\\/logo\\\/image\\\/\"}},{\"@type\":\"Person\",\"@id\":\"https:\\\/\\\/wpvit.efb.fr\\\/#\\\/schema\\\/person\\\/b67db37d3f915e9e119c4e66b7e2922a\",\"name\":\"wordpress_adm\",\"image\":{\"@type\":\"ImageObject\",\"inLanguage\":\"fr-FR\",\"@id\":\"https:\\\/\\\/secure.gravatar.com\\\/avatar\\\/093d90a8ac85d0ebd9579948e52b601bab9901593d225105f51d6c1f47cde80a?s=96&d=mm&r=g\",\"url\":\"https:\\\/\\\/secure.gravatar.com\\\/avatar\\\/093d90a8ac85d0ebd9579948e52b601bab9901593d225105f51d6c1f47cde80a?s=96&d=mm&r=g\",\"contentUrl\":\"https:\\\/\\\/secure.gravatar.com\\\/avatar\\\/093d90a8ac85d0ebd9579948e52b601bab9901593d225105f51d6c1f47cde80a?s=96&d=mm&r=g\",\"caption\":\"wordpress_adm\"},\"sameAs\":[\"http:\\\/\\\/wpvit.efb.fr\"],\"url\":\"https:\\\/\\\/wpvit.efb.fr\\\/index.php\\\/author\\\/wordpress_adm\\\/\"}]}<\/script>\n<!-- \/ Yoast SEO plugin. -->","yoast_head_json":{"title":"Julie Couturier, pr\u00e9sidente de l\u2019EFB - efb.fr","robots":{"index":"index","follow":"follow","max-snippet":"max-snippet:-1","max-image-preview":"max-image-preview:large","max-video-preview":"max-video-preview:-1"},"canonical":"https:\/\/wpvit.efb.fr\/index.php\/julie-couturier-presidente-de-lefb\/","og_locale":"fr_FR","og_type":"article","og_title":"Julie Couturier, pr\u00e9sidente de l\u2019EFB - efb.fr","og_description":"\u00ab Les premiers effets de la r\u00e9forme de l\u2019examen d\u2019entr\u00e9e se font sentir \u00bb Quelles sont vos ambitions pour l\u2019\u00e9cole ? Julie Couturier&nbsp;: C\u2019est de poursuivre le mouvement d\u00e9j\u00e0 entam\u00e9, c\u2019est-\u00e0-dire les formations communes avocats-magistrats. Effectivement, il y a une pr\u00e9sence tr\u00e8s forte des magistrats \u00e0 l\u2019EFB pour apprendre aux \u00e9l\u00e8ves, notamment en mati\u00e8re judiciaire, \u00e0 comprendre d\u00e8s l\u2019\u00e9cole ce que les juges attendent des avocats. Il y a, par ailleurs, une esp\u00e8ce de d\u00e9calage entre la perception que les \u00e9l\u00e8ves ont de l\u2019\u00e9cole et la r\u00e9alit\u00e9. L\u2019EFB a consid\u00e9rablement progress\u00e9e ces derni\u00e8res ann\u00e9es, notamment sous l\u2019impulsion de Marie-Aim\u00e9e Peyron, b\u00e2tonnier, et Basile Ader, vice-b\u00e2tonnier, ainsi que Ali\u00e9nor Kamara-Cavarroc, la directrice p\u00e9dagogique. Il est vrai que la cr\u00e9ation de ces parcours a aussi permis d\u2019am\u00e9liorer la qualit\u00e9 de la formation, il faut maintenant que cela se sache. On a beaucoup critiqu\u00e9 l\u2019\u00e9cole, disant que \u00e7a ne sert \u00e0 rien, que ses cours \u00e9taient trop th\u00e9oriques, aujourd\u2019hui cela n\u2019est plus vrai. Les changements op\u00e9r\u00e9s apr\u00e8s chaque \u00e9lection ordinale sont \u00e9galement critiqu\u00e9s. Qu\u2019en pensez-vous ? J. C. : Je pense, au contraire, qu\u2019il faut que les choses s\u2019inscrivent dans la dur\u00e9e. L\u2019installation, l\u2019ann\u00e9e derni\u00e8re, du directeur, Gilles Accomando, va permettre la mise en place d\u2019un certain nombre de programmes. Nous aimerions insister sur la formation \u00e0 la vie du cabinet : il faut consid\u00e9rer que les \u00e9l\u00e8ves-avocats sont d\u00e9j\u00e0 des entrepreneurs en puissance. Nous souhaitons \u00e9galement mettre l\u2019accent sur tout ce qui concerne l\u2019\u00e9galit\u00e9, c\u2019est-\u00e0-dire que nous voulons aussi former les avocats aux risques psycho-sociaux, \u00e0 toutes les questions de conciliation vie professionnelle-vie personnelle. Toutes ces donn\u00e9es sont quelque peu nouvelles. Vous parliez de la relation avocats-magistrats. Cela vous tient \u00e0 c\u0153ur personnellement ? J. C.&nbsp;: Oui, toutefois, il ne faut pas oublier que 70 % des avocats parisiens ne font pas du judiciaire mais du conseil. Il ne faut pas non plus que nous ayons un tropisme judiciaire trop fort. Il est vrai qu\u2019une c\u00e9r\u00e9monie comme aujourd\u2019hui, o\u00f9 la cour fait l\u2019effort de se d\u00e9placer, c\u2019est important de savoir ce qu\u2019il en est. Mais effectivement, c\u2019est mon sujet depuis des ann\u00e9es. Cette ann\u00e9e, il y a pr\u00e8s de 400 \u00e9l\u00e8ves-avocats en moins. Pourquoi ? J. C.&nbsp;: Nous commen\u00e7ons \u00e0 sentir les premiers effets de la r\u00e9forme de l\u2019examen d\u2019entr\u00e9e, qui est devenu national. Auparavant, les Instituts d\u2019\u00e9tudes judicaires (IEJ) organisaient leurs propres examens. \u00c0 partir du moment o\u00f9 il y a un examen national, les r\u00e9sultats sont unifi\u00e9s. Cela rend les choses un peu plus s\u00e9lectives, ce qui n\u2019est pas plus mal. M\u00eame si je suis radicalement oppos\u00e9e au numerus clausus. Il y a \u00e9galement des \u00e9volutions sur le plan sanitaire ? J. C.&nbsp;: Nous allons nous adapter, comme nous avons su le faire durant la premi\u00e8re p\u00e9riode de la pand\u00e9mie. Je n\u2019\u00e9tais pas aux affaires, mais cela continue. Effectivement, nous avons fait le choix du distanciel, au moins pour le mois de janvier, m\u00eame si nous aimerions revenir le plus vite au pr\u00e9sentiel. Autant, lors de la rentr\u00e9e de l\u2019EFB, nous avions la possibilit\u00e9 d\u2019assurer aux \u00e9l\u00e8ves la plus grande s\u00e9curit\u00e9 possible avec des FFP2, un si\u00e8ge sur deux, etc. Autant, \u00e0 l\u2019\u00e9cole, il y a forc\u00e9ment plus de brassage. C\u2019est un peu plus compliqu\u00e9, c\u2019est pourquoi nous pr\u00e9f\u00e9rons, dans un premier temps et par pr\u00e9caution, \u00eatre en distanciel. Par QUENTIN CLAUZON17 janvier 2022 https:\/\/www.affiches-parisiennes.com\/amp\/julie-couturier-presidente-de-l-efb-les-premiers-effets-de-la-reforme-de-l-examen-d-entree-se-font-sentir-93498.html","og_url":"https:\/\/wpvit.efb.fr\/index.php\/julie-couturier-presidente-de-lefb\/","og_site_name":"efb.fr","article_published_time":"2022-01-20T14:46:18+00:00","article_modified_time":"2023-05-23T08:33:57+00:00","og_image":[{"width":2560,"height":1440,"url":"https:\/\/wpvit.efb.fr\/wp-content\/uploads\/2023\/05\/initial-full-j-couturier-2.webp","type":"image\/webp"}],"author":"wordpress_adm","twitter_card":"summary_large_image","twitter_misc":{"\u00c9crit par":"wordpress_adm","Dur\u00e9e de lecture estim\u00e9e":"3 minutes"},"schema":{"@context":"https:\/\/schema.org","@graph":[{"@type":"Article","@id":"https:\/\/wpvit.efb.fr\/index.php\/julie-couturier-presidente-de-lefb\/#article","isPartOf":{"@id":"https:\/\/wpvit.efb.fr\/index.php\/julie-couturier-presidente-de-lefb\/"},"author":{"name":"wordpress_adm","@id":"https:\/\/wpvit.efb.fr\/#\/schema\/person\/b67db37d3f915e9e119c4e66b7e2922a"},"headline":"Julie Couturier, pr\u00e9sidente de l\u2019EFB","datePublished":"2022-01-20T14:46:18+00:00","dateModified":"2023-05-23T08:33:57+00:00","mainEntityOfPage":{"@id":"https:\/\/wpvit.efb.fr\/index.php\/julie-couturier-presidente-de-lefb\/"},"wordCount":655,"publisher":{"@id":"https:\/\/wpvit.efb.fr\/#organization"},"image":{"@id":"https:\/\/wpvit.efb.fr\/index.php\/julie-couturier-presidente-de-lefb\/#primaryimage"},"thumbnailUrl":"https:\/\/wpvit.efb.fr\/wp-content\/uploads\/2023\/05\/initial-full-j-couturier-2.webp","inLanguage":"fr-FR"},{"@type":"WebPage","@id":"https:\/\/wpvit.efb.fr\/index.php\/julie-couturier-presidente-de-lefb\/","url":"https:\/\/wpvit.efb.fr\/index.php\/julie-couturier-presidente-de-lefb\/","name":"Julie Couturier, pr\u00e9sidente de l\u2019EFB - efb.fr","isPartOf":{"@id":"https:\/\/wpvit.efb.fr\/#website"},"primaryImageOfPage":{"@id":"https:\/\/wpvit.efb.fr\/index.php\/julie-couturier-presidente-de-lefb\/#primaryimage"},"image":{"@id":"https:\/\/wpvit.efb.fr\/index.php\/julie-couturier-presidente-de-lefb\/#primaryimage"},"thumbnailUrl":"https:\/\/wpvit.efb.fr\/wp-content\/uploads\/2023\/05\/initial-full-j-couturier-2.webp","datePublished":"2022-01-20T14:46:18+00:00","dateModified":"2023-05-23T08:33:57+00:00","breadcrumb":{"@id":"https:\/\/wpvit.efb.fr\/index.php\/julie-couturier-presidente-de-lefb\/#breadcrumb"},"inLanguage":"fr-FR","potentialAction":[{"@type":"ReadAction","target":["https:\/\/wpvit.efb.fr\/index.php\/julie-couturier-presidente-de-lefb\/"]}]},{"@type":"ImageObject","inLanguage":"fr-FR","@id":"https:\/\/wpvit.efb.fr\/index.php\/julie-couturier-presidente-de-lefb\/#primaryimage","url":"https:\/\/wpvit.efb.fr\/wp-content\/uploads\/2023\/05\/initial-full-j-couturier-2.webp","contentUrl":"https:\/\/wpvit.efb.fr\/wp-content\/uploads\/2023\/05\/initial-full-j-couturier-2.webp","width":2560,"height":1440,"caption":"Julie Couturier sur sc\u00e8ne"},{"@type":"BreadcrumbList","@id":"https:\/\/wpvit.efb.fr\/index.php\/julie-couturier-presidente-de-lefb\/#breadcrumb","itemListElement":[{"@type":"ListItem","position":1,"name":"Accueil","item":"https:\/\/wpvit.efb.fr\/"},{"@type":"ListItem","position":2,"name":"Julie Couturier, pr\u00e9sidente de l\u2019EFB"}]},{"@type":"WebSite","@id":"https:\/\/wpvit.efb.fr\/#website","url":"https:\/\/wpvit.efb.fr\/","name":"EFB","description":"","publisher":{"@id":"https:\/\/wpvit.efb.fr\/#organization"},"potentialAction":[{"@type":"SearchAction","target":{"@type":"EntryPoint","urlTemplate":"https:\/\/wpvit.efb.fr\/?s={search_term_string}"},"query-input":{"@type":"PropertyValueSpecification","valueRequired":true,"valueName":"search_term_string"}}],"inLanguage":"fr-FR"},{"@type":"Organization","@id":"https:\/\/wpvit.efb.fr\/#organization","name":"\u00c9cole de formation professionnelle des barreaux du ressort de la cour d\u2019appel de Paris (EFB)","alternateName":"\u00c9cole de Formation des Barreaux (EFB)","url":"https:\/\/wpvit.efb.fr\/","logo":{"@type":"ImageObject","inLanguage":"fr-FR","@id":"https:\/\/wpvit.efb.fr\/#\/schema\/logo\/image\/","url":"https:\/\/wpvit.efb.fr\/wp-content\/uploads\/2024\/10\/cropped-Logo-EFB-2023_fond-transparent_mail.png","contentUrl":"https:\/\/wpvit.efb.fr\/wp-content\/uploads\/2024\/10\/cropped-Logo-EFB-2023_fond-transparent_mail.png","width":638,"height":282,"caption":"\u00c9cole de formation professionnelle des barreaux du ressort de la cour d\u2019appel de Paris (EFB)"},"image":{"@id":"https:\/\/wpvit.efb.fr\/#\/schema\/logo\/image\/"}},{"@type":"Person","@id":"https:\/\/wpvit.efb.fr\/#\/schema\/person\/b67db37d3f915e9e119c4e66b7e2922a","name":"wordpress_adm","image":{"@type":"ImageObject","inLanguage":"fr-FR","@id":"https:\/\/secure.gravatar.com\/avatar\/093d90a8ac85d0ebd9579948e52b601bab9901593d225105f51d6c1f47cde80a?s=96&d=mm&r=g","url":"https:\/\/secure.gravatar.com\/avatar\/093d90a8ac85d0ebd9579948e52b601bab9901593d225105f51d6c1f47cde80a?s=96&d=mm&r=g","contentUrl":"https:\/\/secure.gravatar.com\/avatar\/093d90a8ac85d0ebd9579948e52b601bab9901593d225105f51d6c1f47cde80a?s=96&d=mm&r=g","caption":"wordpress_adm"},"sameAs":["http:\/\/wpvit.efb.fr"],"url":"https:\/\/wpvit.efb.fr\/index.php\/author\/wordpress_adm\/"}]}},"_links":{"self":[{"href":"https:\/\/wpvit.efb.fr\/index.php\/wp-json\/wp\/v2\/posts\/13916","targetHints":{"allow":["GET"]}}],"collection":[{"href":"https:\/\/wpvit.efb.fr\/index.php\/wp-json\/wp\/v2\/posts"}],"about":[{"href":"https:\/\/wpvit.efb.fr\/index.php\/wp-json\/wp\/v2\/types\/post"}],"author":[{"embeddable":true,"href":"https:\/\/wpvit.efb.fr\/index.php\/wp-json\/wp\/v2\/users\/1"}],"replies":[{"embeddable":true,"href":"https:\/\/wpvit.efb.fr\/index.php\/wp-json\/wp\/v2\/comments?post=13916"}],"version-history":[{"count":1,"href":"https:\/\/wpvit.efb.fr\/index.php\/wp-json\/wp\/v2\/posts\/13916\/revisions"}],"predecessor-version":[{"id":13918,"href":"https:\/\/wpvit.efb.fr\/index.php\/wp-json\/wp\/v2\/posts\/13916\/revisions\/13918"}],"wp:featuredmedia":[{"embeddable":true,"href":"https:\/\/wpvit.efb.fr\/index.php\/wp-json\/wp\/v2\/media\/13917"}],"wp:attachment":[{"href":"https:\/\/wpvit.efb.fr\/index.php\/wp-json\/wp\/v2\/media?parent=13916"}],"wp:term":[{"taxonomy":"category","embeddable":true,"href":"https:\/\/wpvit.efb.fr\/index.php\/wp-json\/wp\/v2\/categories?post=13916"},{"taxonomy":"post_tag","embeddable":true,"href":"https:\/\/wpvit.efb.fr\/index.php\/wp-json\/wp\/v2\/tags?post=13916"}],"curies":[{"name":"wp","href":"https:\/\/api.w.org\/{rel}","templated":true}]}}