{"id":13944,"date":"2021-12-02T15:56:39","date_gmt":"2021-12-02T14:56:39","guid":{"rendered":"https:\/\/wpvit.efb.fr\/?p=13944"},"modified":"2023-05-23T10:32:57","modified_gmt":"2023-05-23T08:32:57","slug":"parcours-davocats-5-portrait-de-sevan-karian","status":"publish","type":"post","link":"https:\/\/wpvit.efb.fr\/index.php\/parcours-davocats-5-portrait-de-sevan-karian\/","title":{"rendered":"Parcours d&rsquo;avocats #5 &#8211; portrait de Sevan Karian"},"content":{"rendered":"\n<p>Cinqui\u00e8me num\u00e9ro de parcours d&rsquo;avocats, Voici le portrait de Sevan Karian, avocat au barreau de Paris dipl\u00f4m\u00e9 de grandes universit\u00e9s en France et aux Etats-Unis, et form\u00e9 durant plusieurs ann\u00e9es au sein de cabinets d\u2019affaires internationaux, entre Paris, Londres et Buenos Aires.<\/p>\n\n\n\n<p>Par sa maitrise de plusieurs langues au niveau professionnel, ASK intervient en fran\u00e7ais, anglais et espagnol.<\/p>\n\n\n\n<p>Me Karian est inscrit sur la liste des avocats mandataires sportifs du barreau de Paris, intervenant ainsi dans le secteur du football aupr\u00e8s de clubs, d\u2019agents sportifs ou de joueurs professionnels.<\/p>\n\n\n\n<p>En parall\u00e8le \u00e0 ses activit\u00e9s, il enseigne au sein de diff\u00e9rentes \u00e9coles et universit\u00e9s, principalement en Droit des investissements internationaux, Droit des contrats, Droit du sport et ses mati\u00e8res p\u00e9riph\u00e9riques (image, social, associations, \u2026).<\/p>\n\n\n\n<p>Me Karian est membre de plusieurs associations professionnelles, telles que l\u2019Association Internationale des Avocats du Football.<\/p>\n\n\n\n<p>Il occupe \u00e9galement, depuis pr\u00e8s de 10 ans, la fonction de Pr\u00e9sident de l\u2019association d\u2019aide au d\u00e9veloppement \u00ab AYO \u00bb, qui \u0153uvre en utilisant le sport et l\u2019art comme outils de d\u00e9veloppement pour les enfants d\u2019Arm\u00e9nie.<\/p>\n\n\n\n<figure class=\"wp-block-embed is-type-rich is-provider-embed-handler wp-block-embed-embed-handler wp-embed-aspect-16-9 wp-has-aspect-ratio\"><div class=\"wp-block-embed__wrapper\">\n<iframe title=\"Parcours d&#039;avocats #5 - portrait de Sevan Karian\" width=\"800\" height=\"450\" src=\"https:\/\/www.youtube.com\/embed\/2AfIcxNud-Y?feature=oembed\" frameborder=\"0\" allow=\"accelerometer; autoplay; clipboard-write; encrypted-media; gyroscope; picture-in-picture; web-share\" referrerpolicy=\"strict-origin-when-cross-origin\" allowfullscreen><\/iframe>\n<\/div><\/figure>\n","protected":false},"excerpt":{"rendered":"<p>Cinqui\u00e8me num\u00e9ro de parcours d&rsquo;avocats, Voici le portrait de Sevan Karian, avocat au barreau de Paris dipl\u00f4m\u00e9 de grandes universit\u00e9s en France et aux Etats-Unis, et form\u00e9 durant plusieurs ann\u00e9es au sein de cabinets d\u2019affaires internationaux, entre Paris, Londres et Buenos Aires. Par sa maitrise de plusieurs langues au niveau professionnel, ASK intervient en fran\u00e7ais, anglais et espagnol. Me Karian est inscrit sur la liste des avocats mandataires sportifs du barreau de Paris, intervenant ainsi dans le secteur du football aupr\u00e8s de clubs, d\u2019agents sportifs ou de joueurs professionnels. En parall\u00e8le \u00e0 ses activit\u00e9s, il enseigne au sein de diff\u00e9rentes \u00e9coles et universit\u00e9s, principalement en Droit des investissements internationaux, Droit des contrats, Droit du sport et ses mati\u00e8res p\u00e9riph\u00e9riques (image, social, associations, \u2026). Me Karian est membre de plusieurs associations professionnelles, telles que l\u2019Association Internationale des Avocats du Football. Il occupe \u00e9galement, depuis pr\u00e8s de 10 ans, la fonction de Pr\u00e9sident de l\u2019association d\u2019aide au d\u00e9veloppement \u00ab AYO \u00bb, qui \u0153uvre en utilisant le sport et l\u2019art comme outils de d\u00e9veloppement pour les enfants d\u2019Arm\u00e9nie.<\/p>\n","protected":false},"author":1,"featured_media":13946,"comment_status":"closed","ping_status":"open","sticky":false,"template":"","format":"standard","meta":{"_acf_changed":false,"footnotes":""},"categories":[1],"tags":[],"class_list":["post-13944","post","type-post","status-publish","format-standard","has-post-thumbnail","hentry","category-non-classe"],"acf":[],"yoast_head":"<!-- This site is optimized with the Yoast SEO plugin v27.4 - https:\/\/yoast.com\/product\/yoast-seo-wordpress\/ -->\n<title>Parcours d&#039;avocats #5 - portrait de Sevan Karian - efb.fr<\/title>\n<meta name=\"robots\" content=\"index, follow, max-snippet:-1, max-image-preview:large, max-video-preview:-1\" \/>\n<link rel=\"canonical\" href=\"https:\/\/wpvit.efb.fr\/index.php\/parcours-davocats-5-portrait-de-sevan-karian\/\" \/>\n<meta property=\"og:locale\" content=\"fr_FR\" \/>\n<meta property=\"og:type\" content=\"article\" \/>\n<meta property=\"og:title\" content=\"Parcours d&#039;avocats #5 - portrait de Sevan Karian - efb.fr\" \/>\n<meta property=\"og:description\" content=\"Cinqui\u00e8me num\u00e9ro de parcours d&rsquo;avocats, Voici le portrait de Sevan Karian, avocat au barreau de Paris dipl\u00f4m\u00e9 de grandes universit\u00e9s en France et aux Etats-Unis, et form\u00e9 durant plusieurs ann\u00e9es au sein de cabinets d\u2019affaires internationaux, entre Paris, Londres et Buenos Aires. Par sa maitrise de plusieurs langues au niveau professionnel, ASK intervient en fran\u00e7ais, anglais et espagnol. Me Karian est inscrit sur la liste des avocats mandataires sportifs du barreau de Paris, intervenant ainsi dans le secteur du football aupr\u00e8s de clubs, d\u2019agents sportifs ou de joueurs professionnels. En parall\u00e8le \u00e0 ses activit\u00e9s, il enseigne au sein de diff\u00e9rentes \u00e9coles et universit\u00e9s, principalement en Droit des investissements internationaux, Droit des contrats, Droit du sport et ses mati\u00e8res p\u00e9riph\u00e9riques (image, social, associations, \u2026). Me Karian est membre de plusieurs associations professionnelles, telles que l\u2019Association Internationale des Avocats du Football. Il occupe \u00e9galement, depuis pr\u00e8s de 10 ans, la fonction de Pr\u00e9sident de l\u2019association d\u2019aide au d\u00e9veloppement \u00ab AYO \u00bb, qui \u0153uvre en utilisant le sport et l\u2019art comme outils de d\u00e9veloppement pour les enfants d\u2019Arm\u00e9nie.\" \/>\n<meta property=\"og:url\" content=\"https:\/\/wpvit.efb.fr\/index.php\/parcours-davocats-5-portrait-de-sevan-karian\/\" \/>\n<meta property=\"og:site_name\" content=\"efb.fr\" \/>\n<meta property=\"article:published_time\" content=\"2021-12-02T14:56:39+00:00\" \/>\n<meta property=\"article:modified_time\" content=\"2023-05-23T08:32:57+00:00\" \/>\n<meta property=\"og:image\" content=\"https:\/\/wpvit.efb.fr\/wp-content\/uploads\/2023\/05\/Sevan_Karian.jpg\" \/>\n\t<meta property=\"og:image:width\" content=\"1920\" \/>\n\t<meta property=\"og:image:height\" content=\"1080\" \/>\n\t<meta property=\"og:image:type\" content=\"image\/jpeg\" \/>\n<meta name=\"author\" content=\"wordpress_adm\" \/>\n<meta name=\"twitter:card\" content=\"summary_large_image\" \/>\n<meta name=\"twitter:label1\" content=\"\u00c9crit par\" \/>\n\t<meta name=\"twitter:data1\" content=\"wordpress_adm\" \/>\n\t<meta name=\"twitter:label2\" content=\"Dur\u00e9e de lecture estim\u00e9e\" \/>\n\t<meta name=\"twitter:data2\" content=\"1 minute\" \/>\n<script type=\"application\/ld+json\" class=\"yoast-schema-graph\">{\"@context\":\"https:\\\/\\\/schema.org\",\"@graph\":[{\"@type\":\"Article\",\"@id\":\"https:\\\/\\\/wpvit.efb.fr\\\/index.php\\\/parcours-davocats-5-portrait-de-sevan-karian\\\/#article\",\"isPartOf\":{\"@id\":\"https:\\\/\\\/wpvit.efb.fr\\\/index.php\\\/parcours-davocats-5-portrait-de-sevan-karian\\\/\"},\"author\":{\"name\":\"wordpress_adm\",\"@id\":\"https:\\\/\\\/wpvit.efb.fr\\\/#\\\/schema\\\/person\\\/b67db37d3f915e9e119c4e66b7e2922a\"},\"headline\":\"Parcours d&rsquo;avocats #5 &#8211; portrait de Sevan Karian\",\"datePublished\":\"2021-12-02T14:56:39+00:00\",\"dateModified\":\"2023-05-23T08:32:57+00:00\",\"mainEntityOfPage\":{\"@id\":\"https:\\\/\\\/wpvit.efb.fr\\\/index.php\\\/parcours-davocats-5-portrait-de-sevan-karian\\\/\"},\"wordCount\":211,\"publisher\":{\"@id\":\"https:\\\/\\\/wpvit.efb.fr\\\/#organization\"},\"image\":{\"@id\":\"https:\\\/\\\/wpvit.efb.fr\\\/index.php\\\/parcours-davocats-5-portrait-de-sevan-karian\\\/#primaryimage\"},\"thumbnailUrl\":\"https:\\\/\\\/wpvit.efb.fr\\\/wp-content\\\/uploads\\\/2023\\\/05\\\/Sevan_Karian.jpg\",\"inLanguage\":\"fr-FR\"},{\"@type\":\"WebPage\",\"@id\":\"https:\\\/\\\/wpvit.efb.fr\\\/index.php\\\/parcours-davocats-5-portrait-de-sevan-karian\\\/\",\"url\":\"https:\\\/\\\/wpvit.efb.fr\\\/index.php\\\/parcours-davocats-5-portrait-de-sevan-karian\\\/\",\"name\":\"Parcours d'avocats #5 - portrait de Sevan Karian - efb.fr\",\"isPartOf\":{\"@id\":\"https:\\\/\\\/wpvit.efb.fr\\\/#website\"},\"primaryImageOfPage\":{\"@id\":\"https:\\\/\\\/wpvit.efb.fr\\\/index.php\\\/parcours-davocats-5-portrait-de-sevan-karian\\\/#primaryimage\"},\"image\":{\"@id\":\"https:\\\/\\\/wpvit.efb.fr\\\/index.php\\\/parcours-davocats-5-portrait-de-sevan-karian\\\/#primaryimage\"},\"thumbnailUrl\":\"https:\\\/\\\/wpvit.efb.fr\\\/wp-content\\\/uploads\\\/2023\\\/05\\\/Sevan_Karian.jpg\",\"datePublished\":\"2021-12-02T14:56:39+00:00\",\"dateModified\":\"2023-05-23T08:32:57+00:00\",\"breadcrumb\":{\"@id\":\"https:\\\/\\\/wpvit.efb.fr\\\/index.php\\\/parcours-davocats-5-portrait-de-sevan-karian\\\/#breadcrumb\"},\"inLanguage\":\"fr-FR\",\"potentialAction\":[{\"@type\":\"ReadAction\",\"target\":[\"https:\\\/\\\/wpvit.efb.fr\\\/index.php\\\/parcours-davocats-5-portrait-de-sevan-karian\\\/\"]}]},{\"@type\":\"ImageObject\",\"inLanguage\":\"fr-FR\",\"@id\":\"https:\\\/\\\/wpvit.efb.fr\\\/index.php\\\/parcours-davocats-5-portrait-de-sevan-karian\\\/#primaryimage\",\"url\":\"https:\\\/\\\/wpvit.efb.fr\\\/wp-content\\\/uploads\\\/2023\\\/05\\\/Sevan_Karian.jpg\",\"contentUrl\":\"https:\\\/\\\/wpvit.efb.fr\\\/wp-content\\\/uploads\\\/2023\\\/05\\\/Sevan_Karian.jpg\",\"width\":1920,\"height\":1080,\"caption\":\"Photo de Sevan Karian et Christiane F\u00e9ral-Schuhl\"},{\"@type\":\"BreadcrumbList\",\"@id\":\"https:\\\/\\\/wpvit.efb.fr\\\/index.php\\\/parcours-davocats-5-portrait-de-sevan-karian\\\/#breadcrumb\",\"itemListElement\":[{\"@type\":\"ListItem\",\"position\":1,\"name\":\"Accueil\",\"item\":\"https:\\\/\\\/wpvit.efb.fr\\\/\"},{\"@type\":\"ListItem\",\"position\":2,\"name\":\"Parcours d&#8217;avocats #5 &#8211; portrait de Sevan Karian\"}]},{\"@type\":\"WebSite\",\"@id\":\"https:\\\/\\\/wpvit.efb.fr\\\/#website\",\"url\":\"https:\\\/\\\/wpvit.efb.fr\\\/\",\"name\":\"EFB\",\"description\":\"\",\"publisher\":{\"@id\":\"https:\\\/\\\/wpvit.efb.fr\\\/#organization\"},\"potentialAction\":[{\"@type\":\"SearchAction\",\"target\":{\"@type\":\"EntryPoint\",\"urlTemplate\":\"https:\\\/\\\/wpvit.efb.fr\\\/?s={search_term_string}\"},\"query-input\":{\"@type\":\"PropertyValueSpecification\",\"valueRequired\":true,\"valueName\":\"search_term_string\"}}],\"inLanguage\":\"fr-FR\"},{\"@type\":\"Organization\",\"@id\":\"https:\\\/\\\/wpvit.efb.fr\\\/#organization\",\"name\":\"\u00c9cole de formation professionnelle des barreaux du ressort de la cour d\u2019appel de Paris (EFB)\",\"alternateName\":\"\u00c9cole de Formation des Barreaux (EFB)\",\"url\":\"https:\\\/\\\/wpvit.efb.fr\\\/\",\"logo\":{\"@type\":\"ImageObject\",\"inLanguage\":\"fr-FR\",\"@id\":\"https:\\\/\\\/wpvit.efb.fr\\\/#\\\/schema\\\/logo\\\/image\\\/\",\"url\":\"https:\\\/\\\/wpvit.efb.fr\\\/wp-content\\\/uploads\\\/2024\\\/10\\\/cropped-Logo-EFB-2023_fond-transparent_mail.png\",\"contentUrl\":\"https:\\\/\\\/wpvit.efb.fr\\\/wp-content\\\/uploads\\\/2024\\\/10\\\/cropped-Logo-EFB-2023_fond-transparent_mail.png\",\"width\":638,\"height\":282,\"caption\":\"\u00c9cole de formation professionnelle des barreaux du ressort de la cour d\u2019appel de Paris (EFB)\"},\"image\":{\"@id\":\"https:\\\/\\\/wpvit.efb.fr\\\/#\\\/schema\\\/logo\\\/image\\\/\"}},{\"@type\":\"Person\",\"@id\":\"https:\\\/\\\/wpvit.efb.fr\\\/#\\\/schema\\\/person\\\/b67db37d3f915e9e119c4e66b7e2922a\",\"name\":\"wordpress_adm\",\"image\":{\"@type\":\"ImageObject\",\"inLanguage\":\"fr-FR\",\"@id\":\"https:\\\/\\\/secure.gravatar.com\\\/avatar\\\/093d90a8ac85d0ebd9579948e52b601bab9901593d225105f51d6c1f47cde80a?s=96&d=mm&r=g\",\"url\":\"https:\\\/\\\/secure.gravatar.com\\\/avatar\\\/093d90a8ac85d0ebd9579948e52b601bab9901593d225105f51d6c1f47cde80a?s=96&d=mm&r=g\",\"contentUrl\":\"https:\\\/\\\/secure.gravatar.com\\\/avatar\\\/093d90a8ac85d0ebd9579948e52b601bab9901593d225105f51d6c1f47cde80a?s=96&d=mm&r=g\",\"caption\":\"wordpress_adm\"},\"sameAs\":[\"http:\\\/\\\/wpvit.efb.fr\"],\"url\":\"https:\\\/\\\/wpvit.efb.fr\\\/index.php\\\/author\\\/wordpress_adm\\\/\"}]}<\/script>\n<!-- \/ Yoast SEO plugin. -->","yoast_head_json":{"title":"Parcours d'avocats #5 - portrait de Sevan Karian - efb.fr","robots":{"index":"index","follow":"follow","max-snippet":"max-snippet:-1","max-image-preview":"max-image-preview:large","max-video-preview":"max-video-preview:-1"},"canonical":"https:\/\/wpvit.efb.fr\/index.php\/parcours-davocats-5-portrait-de-sevan-karian\/","og_locale":"fr_FR","og_type":"article","og_title":"Parcours d'avocats #5 - portrait de Sevan Karian - efb.fr","og_description":"Cinqui\u00e8me num\u00e9ro de parcours d&rsquo;avocats, Voici le portrait de Sevan Karian, avocat au barreau de Paris dipl\u00f4m\u00e9 de grandes universit\u00e9s en France et aux Etats-Unis, et form\u00e9 durant plusieurs ann\u00e9es au sein de cabinets d\u2019affaires internationaux, entre Paris, Londres et Buenos Aires. Par sa maitrise de plusieurs langues au niveau professionnel, ASK intervient en fran\u00e7ais, anglais et espagnol. Me Karian est inscrit sur la liste des avocats mandataires sportifs du barreau de Paris, intervenant ainsi dans le secteur du football aupr\u00e8s de clubs, d\u2019agents sportifs ou de joueurs professionnels. En parall\u00e8le \u00e0 ses activit\u00e9s, il enseigne au sein de diff\u00e9rentes \u00e9coles et universit\u00e9s, principalement en Droit des investissements internationaux, Droit des contrats, Droit du sport et ses mati\u00e8res p\u00e9riph\u00e9riques (image, social, associations, \u2026). Me Karian est membre de plusieurs associations professionnelles, telles que l\u2019Association Internationale des Avocats du Football. Il occupe \u00e9galement, depuis pr\u00e8s de 10 ans, la fonction de Pr\u00e9sident de l\u2019association d\u2019aide au d\u00e9veloppement \u00ab AYO \u00bb, qui \u0153uvre en utilisant le sport et l\u2019art comme outils de d\u00e9veloppement pour les enfants d\u2019Arm\u00e9nie.","og_url":"https:\/\/wpvit.efb.fr\/index.php\/parcours-davocats-5-portrait-de-sevan-karian\/","og_site_name":"efb.fr","article_published_time":"2021-12-02T14:56:39+00:00","article_modified_time":"2023-05-23T08:32:57+00:00","og_image":[{"width":1920,"height":1080,"url":"https:\/\/wpvit.efb.fr\/wp-content\/uploads\/2023\/05\/Sevan_Karian.jpg","type":"image\/jpeg"}],"author":"wordpress_adm","twitter_card":"summary_large_image","twitter_misc":{"\u00c9crit par":"wordpress_adm","Dur\u00e9e de lecture estim\u00e9e":"1 minute"},"schema":{"@context":"https:\/\/schema.org","@graph":[{"@type":"Article","@id":"https:\/\/wpvit.efb.fr\/index.php\/parcours-davocats-5-portrait-de-sevan-karian\/#article","isPartOf":{"@id":"https:\/\/wpvit.efb.fr\/index.php\/parcours-davocats-5-portrait-de-sevan-karian\/"},"author":{"name":"wordpress_adm","@id":"https:\/\/wpvit.efb.fr\/#\/schema\/person\/b67db37d3f915e9e119c4e66b7e2922a"},"headline":"Parcours d&rsquo;avocats #5 &#8211; portrait de Sevan Karian","datePublished":"2021-12-02T14:56:39+00:00","dateModified":"2023-05-23T08:32:57+00:00","mainEntityOfPage":{"@id":"https:\/\/wpvit.efb.fr\/index.php\/parcours-davocats-5-portrait-de-sevan-karian\/"},"wordCount":211,"publisher":{"@id":"https:\/\/wpvit.efb.fr\/#organization"},"image":{"@id":"https:\/\/wpvit.efb.fr\/index.php\/parcours-davocats-5-portrait-de-sevan-karian\/#primaryimage"},"thumbnailUrl":"https:\/\/wpvit.efb.fr\/wp-content\/uploads\/2023\/05\/Sevan_Karian.jpg","inLanguage":"fr-FR"},{"@type":"WebPage","@id":"https:\/\/wpvit.efb.fr\/index.php\/parcours-davocats-5-portrait-de-sevan-karian\/","url":"https:\/\/wpvit.efb.fr\/index.php\/parcours-davocats-5-portrait-de-sevan-karian\/","name":"Parcours d'avocats #5 - portrait de Sevan Karian - efb.fr","isPartOf":{"@id":"https:\/\/wpvit.efb.fr\/#website"},"primaryImageOfPage":{"@id":"https:\/\/wpvit.efb.fr\/index.php\/parcours-davocats-5-portrait-de-sevan-karian\/#primaryimage"},"image":{"@id":"https:\/\/wpvit.efb.fr\/index.php\/parcours-davocats-5-portrait-de-sevan-karian\/#primaryimage"},"thumbnailUrl":"https:\/\/wpvit.efb.fr\/wp-content\/uploads\/2023\/05\/Sevan_Karian.jpg","datePublished":"2021-12-02T14:56:39+00:00","dateModified":"2023-05-23T08:32:57+00:00","breadcrumb":{"@id":"https:\/\/wpvit.efb.fr\/index.php\/parcours-davocats-5-portrait-de-sevan-karian\/#breadcrumb"},"inLanguage":"fr-FR","potentialAction":[{"@type":"ReadAction","target":["https:\/\/wpvit.efb.fr\/index.php\/parcours-davocats-5-portrait-de-sevan-karian\/"]}]},{"@type":"ImageObject","inLanguage":"fr-FR","@id":"https:\/\/wpvit.efb.fr\/index.php\/parcours-davocats-5-portrait-de-sevan-karian\/#primaryimage","url":"https:\/\/wpvit.efb.fr\/wp-content\/uploads\/2023\/05\/Sevan_Karian.jpg","contentUrl":"https:\/\/wpvit.efb.fr\/wp-content\/uploads\/2023\/05\/Sevan_Karian.jpg","width":1920,"height":1080,"caption":"Photo de Sevan Karian et Christiane F\u00e9ral-Schuhl"},{"@type":"BreadcrumbList","@id":"https:\/\/wpvit.efb.fr\/index.php\/parcours-davocats-5-portrait-de-sevan-karian\/#breadcrumb","itemListElement":[{"@type":"ListItem","position":1,"name":"Accueil","item":"https:\/\/wpvit.efb.fr\/"},{"@type":"ListItem","position":2,"name":"Parcours d&#8217;avocats #5 &#8211; portrait de Sevan Karian"}]},{"@type":"WebSite","@id":"https:\/\/wpvit.efb.fr\/#website","url":"https:\/\/wpvit.efb.fr\/","name":"EFB","description":"","publisher":{"@id":"https:\/\/wpvit.efb.fr\/#organization"},"potentialAction":[{"@type":"SearchAction","target":{"@type":"EntryPoint","urlTemplate":"https:\/\/wpvit.efb.fr\/?s={search_term_string}"},"query-input":{"@type":"PropertyValueSpecification","valueRequired":true,"valueName":"search_term_string"}}],"inLanguage":"fr-FR"},{"@type":"Organization","@id":"https:\/\/wpvit.efb.fr\/#organization","name":"\u00c9cole de formation professionnelle des barreaux du ressort de la cour d\u2019appel de Paris (EFB)","alternateName":"\u00c9cole de Formation des Barreaux (EFB)","url":"https:\/\/wpvit.efb.fr\/","logo":{"@type":"ImageObject","inLanguage":"fr-FR","@id":"https:\/\/wpvit.efb.fr\/#\/schema\/logo\/image\/","url":"https:\/\/wpvit.efb.fr\/wp-content\/uploads\/2024\/10\/cropped-Logo-EFB-2023_fond-transparent_mail.png","contentUrl":"https:\/\/wpvit.efb.fr\/wp-content\/uploads\/2024\/10\/cropped-Logo-EFB-2023_fond-transparent_mail.png","width":638,"height":282,"caption":"\u00c9cole de formation professionnelle des barreaux du ressort de la cour d\u2019appel de Paris (EFB)"},"image":{"@id":"https:\/\/wpvit.efb.fr\/#\/schema\/logo\/image\/"}},{"@type":"Person","@id":"https:\/\/wpvit.efb.fr\/#\/schema\/person\/b67db37d3f915e9e119c4e66b7e2922a","name":"wordpress_adm","image":{"@type":"ImageObject","inLanguage":"fr-FR","@id":"https:\/\/secure.gravatar.com\/avatar\/093d90a8ac85d0ebd9579948e52b601bab9901593d225105f51d6c1f47cde80a?s=96&d=mm&r=g","url":"https:\/\/secure.gravatar.com\/avatar\/093d90a8ac85d0ebd9579948e52b601bab9901593d225105f51d6c1f47cde80a?s=96&d=mm&r=g","contentUrl":"https:\/\/secure.gravatar.com\/avatar\/093d90a8ac85d0ebd9579948e52b601bab9901593d225105f51d6c1f47cde80a?s=96&d=mm&r=g","caption":"wordpress_adm"},"sameAs":["http:\/\/wpvit.efb.fr"],"url":"https:\/\/wpvit.efb.fr\/index.php\/author\/wordpress_adm\/"}]}},"_links":{"self":[{"href":"https:\/\/wpvit.efb.fr\/index.php\/wp-json\/wp\/v2\/posts\/13944","targetHints":{"allow":["GET"]}}],"collection":[{"href":"https:\/\/wpvit.efb.fr\/index.php\/wp-json\/wp\/v2\/posts"}],"about":[{"href":"https:\/\/wpvit.efb.fr\/index.php\/wp-json\/wp\/v2\/types\/post"}],"author":[{"embeddable":true,"href":"https:\/\/wpvit.efb.fr\/index.php\/wp-json\/wp\/v2\/users\/1"}],"replies":[{"embeddable":true,"href":"https:\/\/wpvit.efb.fr\/index.php\/wp-json\/wp\/v2\/comments?post=13944"}],"version-history":[{"count":2,"href":"https:\/\/wpvit.efb.fr\/index.php\/wp-json\/wp\/v2\/posts\/13944\/revisions"}],"predecessor-version":[{"id":40329,"href":"https:\/\/wpvit.efb.fr\/index.php\/wp-json\/wp\/v2\/posts\/13944\/revisions\/40329"}],"wp:featuredmedia":[{"embeddable":true,"href":"https:\/\/wpvit.efb.fr\/index.php\/wp-json\/wp\/v2\/media\/13946"}],"wp:attachment":[{"href":"https:\/\/wpvit.efb.fr\/index.php\/wp-json\/wp\/v2\/media?parent=13944"}],"wp:term":[{"taxonomy":"category","embeddable":true,"href":"https:\/\/wpvit.efb.fr\/index.php\/wp-json\/wp\/v2\/categories?post=13944"},{"taxonomy":"post_tag","embeddable":true,"href":"https:\/\/wpvit.efb.fr\/index.php\/wp-json\/wp\/v2\/tags?post=13944"}],"curies":[{"name":"wp","href":"https:\/\/api.w.org\/{rel}","templated":true}]}}