{"id":19188,"date":"2023-06-13T09:56:43","date_gmt":"2023-06-13T07:56:43","guid":{"rendered":"https:\/\/wpvit.efb.fr\/?p=19188"},"modified":"2023-06-20T11:46:59","modified_gmt":"2023-06-20T09:46:59","slug":"les-eleves-avocats-de-lefb-remportent-la-finale-du-concours-paris-place-de-droit","status":"publish","type":"post","link":"https:\/\/wpvit.efb.fr\/index.php\/les-eleves-avocats-de-lefb-remportent-la-finale-du-concours-paris-place-de-droit\/","title":{"rendered":"Les \u00e9l\u00e8ves de l&rsquo;EFB remportent la finale du concours Paris Place de droit\u00a0!"},"content":{"rendered":"\n<p>L&rsquo;EFB est fi\u00e8re d&rsquo;annoncer la victoire d&rsquo;Ariane-Matthieue Nougoua, Charles Cailleux et Louis Portheret en finale de la troisi\u00e8me \u00e9dition du prestigieux Concours Paris Place de Droit, le 8 juin dernier. Toutes nos plus vives f\u00e9licitations aux laur\u00e9ats !<br>Issus de la promotion Dominique Simonnot 2023-2024 de l\u2019EFB, ils ont \u00e9t\u00e9 coach\u00e9s par Ma\u00eetres Fanny Rocaboy et Isaac Arnoud que nous remercions chaleureusement.<\/p>\n","protected":false},"excerpt":{"rendered":"<p>L&rsquo;EFB est fi\u00e8re d&rsquo;annoncer la victoire d&rsquo;Ariane-Matthieue Nougoua, Charles Cailleux et Louis Portheret en finale de la troisi\u00e8me \u00e9dition du prestigieux Concours Paris Place de Droit, le 8 juin dernier. Toutes nos plus vives f\u00e9licitations aux laur\u00e9ats !Issus de la promotion Dominique Simonnot 2023-2024 de l\u2019EFB, ils ont \u00e9t\u00e9 coach\u00e9s par Ma\u00eetres Fanny Rocaboy et Isaac Arnoud que nous remercions chaleureusement.<\/p>\n","protected":false},"author":1,"featured_media":19189,"comment_status":"closed","ping_status":"open","sticky":false,"template":"","format":"standard","meta":{"_acf_changed":false,"footnotes":""},"categories":[1],"tags":[],"class_list":["post-19188","post","type-post","status-publish","format-standard","has-post-thumbnail","hentry","category-non-classe"],"acf":[],"yoast_head":"<!-- This site is optimized with the Yoast SEO plugin v27.4 - https:\/\/yoast.com\/product\/yoast-seo-wordpress\/ -->\n<title>Les \u00e9l\u00e8ves de l&#039;EFB remportent la finale du concours Paris Place de droit\u00a0! - efb.fr<\/title>\n<meta name=\"robots\" content=\"index, follow, max-snippet:-1, max-image-preview:large, max-video-preview:-1\" \/>\n<link rel=\"canonical\" href=\"https:\/\/wpvit.efb.fr\/index.php\/les-eleves-avocats-de-lefb-remportent-la-finale-du-concours-paris-place-de-droit\/\" \/>\n<meta property=\"og:locale\" content=\"fr_FR\" \/>\n<meta property=\"og:type\" content=\"article\" \/>\n<meta property=\"og:title\" content=\"Les \u00e9l\u00e8ves de l&#039;EFB remportent la finale du concours Paris Place de droit\u00a0! - efb.fr\" \/>\n<meta property=\"og:description\" content=\"L&rsquo;EFB est fi\u00e8re d&rsquo;annoncer la victoire d&rsquo;Ariane-Matthieue Nougoua, Charles Cailleux et Louis Portheret en finale de la troisi\u00e8me \u00e9dition du prestigieux Concours Paris Place de Droit, le 8 juin dernier. Toutes nos plus vives f\u00e9licitations aux laur\u00e9ats !Issus de la promotion Dominique Simonnot 2023-2024 de l\u2019EFB, ils ont \u00e9t\u00e9 coach\u00e9s par Ma\u00eetres Fanny Rocaboy et Isaac Arnoud que nous remercions chaleureusement.\" \/>\n<meta property=\"og:url\" content=\"https:\/\/wpvit.efb.fr\/index.php\/les-eleves-avocats-de-lefb-remportent-la-finale-du-concours-paris-place-de-droit\/\" \/>\n<meta property=\"og:site_name\" content=\"efb.fr\" \/>\n<meta property=\"article:published_time\" content=\"2023-06-13T07:56:43+00:00\" \/>\n<meta property=\"article:modified_time\" content=\"2023-06-20T09:46:59+00:00\" \/>\n<meta property=\"og:image\" content=\"https:\/\/wpvit.efb.fr\/wp-content\/uploads\/2023\/06\/Concours-8-juin.jpg\" \/>\n\t<meta property=\"og:image:width\" content=\"640\" \/>\n\t<meta property=\"og:image:height\" content=\"415\" \/>\n\t<meta property=\"og:image:type\" content=\"image\/jpeg\" \/>\n<meta name=\"author\" content=\"wordpress_adm\" \/>\n<meta name=\"twitter:card\" content=\"summary_large_image\" \/>\n<meta name=\"twitter:label1\" content=\"\u00c9crit par\" \/>\n\t<meta name=\"twitter:data1\" content=\"wordpress_adm\" \/>\n\t<meta name=\"twitter:label2\" content=\"Dur\u00e9e de lecture estim\u00e9e\" \/>\n\t<meta name=\"twitter:data2\" content=\"1 minute\" \/>\n<script type=\"application\/ld+json\" class=\"yoast-schema-graph\">{\"@context\":\"https:\\\/\\\/schema.org\",\"@graph\":[{\"@type\":\"Article\",\"@id\":\"https:\\\/\\\/wpvit.efb.fr\\\/index.php\\\/les-eleves-avocats-de-lefb-remportent-la-finale-du-concours-paris-place-de-droit\\\/#article\",\"isPartOf\":{\"@id\":\"https:\\\/\\\/wpvit.efb.fr\\\/index.php\\\/les-eleves-avocats-de-lefb-remportent-la-finale-du-concours-paris-place-de-droit\\\/\"},\"author\":{\"name\":\"wordpress_adm\",\"@id\":\"https:\\\/\\\/wpvit.efb.fr\\\/#\\\/schema\\\/person\\\/b67db37d3f915e9e119c4e66b7e2922a\"},\"headline\":\"Les \u00e9l\u00e8ves de l&rsquo;EFB remportent la finale du concours Paris Place de droit\u00a0!\",\"datePublished\":\"2023-06-13T07:56:43+00:00\",\"dateModified\":\"2023-06-20T09:46:59+00:00\",\"mainEntityOfPage\":{\"@id\":\"https:\\\/\\\/wpvit.efb.fr\\\/index.php\\\/les-eleves-avocats-de-lefb-remportent-la-finale-du-concours-paris-place-de-droit\\\/\"},\"wordCount\":85,\"publisher\":{\"@id\":\"https:\\\/\\\/wpvit.efb.fr\\\/#organization\"},\"image\":{\"@id\":\"https:\\\/\\\/wpvit.efb.fr\\\/index.php\\\/les-eleves-avocats-de-lefb-remportent-la-finale-du-concours-paris-place-de-droit\\\/#primaryimage\"},\"thumbnailUrl\":\"https:\\\/\\\/wpvit.efb.fr\\\/wp-content\\\/uploads\\\/2023\\\/06\\\/Concours-8-juin.jpg\",\"inLanguage\":\"fr-FR\"},{\"@type\":\"WebPage\",\"@id\":\"https:\\\/\\\/wpvit.efb.fr\\\/index.php\\\/les-eleves-avocats-de-lefb-remportent-la-finale-du-concours-paris-place-de-droit\\\/\",\"url\":\"https:\\\/\\\/wpvit.efb.fr\\\/index.php\\\/les-eleves-avocats-de-lefb-remportent-la-finale-du-concours-paris-place-de-droit\\\/\",\"name\":\"Les \u00e9l\u00e8ves de l'EFB remportent la finale du concours Paris Place de droit\u00a0! - efb.fr\",\"isPartOf\":{\"@id\":\"https:\\\/\\\/wpvit.efb.fr\\\/#website\"},\"primaryImageOfPage\":{\"@id\":\"https:\\\/\\\/wpvit.efb.fr\\\/index.php\\\/les-eleves-avocats-de-lefb-remportent-la-finale-du-concours-paris-place-de-droit\\\/#primaryimage\"},\"image\":{\"@id\":\"https:\\\/\\\/wpvit.efb.fr\\\/index.php\\\/les-eleves-avocats-de-lefb-remportent-la-finale-du-concours-paris-place-de-droit\\\/#primaryimage\"},\"thumbnailUrl\":\"https:\\\/\\\/wpvit.efb.fr\\\/wp-content\\\/uploads\\\/2023\\\/06\\\/Concours-8-juin.jpg\",\"datePublished\":\"2023-06-13T07:56:43+00:00\",\"dateModified\":\"2023-06-20T09:46:59+00:00\",\"breadcrumb\":{\"@id\":\"https:\\\/\\\/wpvit.efb.fr\\\/index.php\\\/les-eleves-avocats-de-lefb-remportent-la-finale-du-concours-paris-place-de-droit\\\/#breadcrumb\"},\"inLanguage\":\"fr-FR\",\"potentialAction\":[{\"@type\":\"ReadAction\",\"target\":[\"https:\\\/\\\/wpvit.efb.fr\\\/index.php\\\/les-eleves-avocats-de-lefb-remportent-la-finale-du-concours-paris-place-de-droit\\\/\"]}]},{\"@type\":\"ImageObject\",\"inLanguage\":\"fr-FR\",\"@id\":\"https:\\\/\\\/wpvit.efb.fr\\\/index.php\\\/les-eleves-avocats-de-lefb-remportent-la-finale-du-concours-paris-place-de-droit\\\/#primaryimage\",\"url\":\"https:\\\/\\\/wpvit.efb.fr\\\/wp-content\\\/uploads\\\/2023\\\/06\\\/Concours-8-juin.jpg\",\"contentUrl\":\"https:\\\/\\\/wpvit.efb.fr\\\/wp-content\\\/uploads\\\/2023\\\/06\\\/Concours-8-juin.jpg\",\"width\":640,\"height\":415,\"caption\":\"Participants du de la finale du concours Paris Place de droit\u00a0\"},{\"@type\":\"BreadcrumbList\",\"@id\":\"https:\\\/\\\/wpvit.efb.fr\\\/index.php\\\/les-eleves-avocats-de-lefb-remportent-la-finale-du-concours-paris-place-de-droit\\\/#breadcrumb\",\"itemListElement\":[{\"@type\":\"ListItem\",\"position\":1,\"name\":\"Accueil\",\"item\":\"https:\\\/\\\/wpvit.efb.fr\\\/\"},{\"@type\":\"ListItem\",\"position\":2,\"name\":\"Les \u00e9l\u00e8ves de l&#8217;EFB remportent la finale du concours Paris Place de droit\u00a0!\"}]},{\"@type\":\"WebSite\",\"@id\":\"https:\\\/\\\/wpvit.efb.fr\\\/#website\",\"url\":\"https:\\\/\\\/wpvit.efb.fr\\\/\",\"name\":\"EFB\",\"description\":\"\",\"publisher\":{\"@id\":\"https:\\\/\\\/wpvit.efb.fr\\\/#organization\"},\"potentialAction\":[{\"@type\":\"SearchAction\",\"target\":{\"@type\":\"EntryPoint\",\"urlTemplate\":\"https:\\\/\\\/wpvit.efb.fr\\\/?s={search_term_string}\"},\"query-input\":{\"@type\":\"PropertyValueSpecification\",\"valueRequired\":true,\"valueName\":\"search_term_string\"}}],\"inLanguage\":\"fr-FR\"},{\"@type\":\"Organization\",\"@id\":\"https:\\\/\\\/wpvit.efb.fr\\\/#organization\",\"name\":\"\u00c9cole de formation professionnelle des barreaux du ressort de la cour d\u2019appel de Paris (EFB)\",\"alternateName\":\"\u00c9cole de Formation des Barreaux (EFB)\",\"url\":\"https:\\\/\\\/wpvit.efb.fr\\\/\",\"logo\":{\"@type\":\"ImageObject\",\"inLanguage\":\"fr-FR\",\"@id\":\"https:\\\/\\\/wpvit.efb.fr\\\/#\\\/schema\\\/logo\\\/image\\\/\",\"url\":\"https:\\\/\\\/wpvit.efb.fr\\\/wp-content\\\/uploads\\\/2024\\\/10\\\/cropped-Logo-EFB-2023_fond-transparent_mail.png\",\"contentUrl\":\"https:\\\/\\\/wpvit.efb.fr\\\/wp-content\\\/uploads\\\/2024\\\/10\\\/cropped-Logo-EFB-2023_fond-transparent_mail.png\",\"width\":638,\"height\":282,\"caption\":\"\u00c9cole de formation professionnelle des barreaux du ressort de la cour d\u2019appel de Paris (EFB)\"},\"image\":{\"@id\":\"https:\\\/\\\/wpvit.efb.fr\\\/#\\\/schema\\\/logo\\\/image\\\/\"}},{\"@type\":\"Person\",\"@id\":\"https:\\\/\\\/wpvit.efb.fr\\\/#\\\/schema\\\/person\\\/b67db37d3f915e9e119c4e66b7e2922a\",\"name\":\"wordpress_adm\",\"image\":{\"@type\":\"ImageObject\",\"inLanguage\":\"fr-FR\",\"@id\":\"https:\\\/\\\/secure.gravatar.com\\\/avatar\\\/093d90a8ac85d0ebd9579948e52b601bab9901593d225105f51d6c1f47cde80a?s=96&d=mm&r=g\",\"url\":\"https:\\\/\\\/secure.gravatar.com\\\/avatar\\\/093d90a8ac85d0ebd9579948e52b601bab9901593d225105f51d6c1f47cde80a?s=96&d=mm&r=g\",\"contentUrl\":\"https:\\\/\\\/secure.gravatar.com\\\/avatar\\\/093d90a8ac85d0ebd9579948e52b601bab9901593d225105f51d6c1f47cde80a?s=96&d=mm&r=g\",\"caption\":\"wordpress_adm\"},\"sameAs\":[\"http:\\\/\\\/wpvit.efb.fr\"],\"url\":\"https:\\\/\\\/wpvit.efb.fr\\\/index.php\\\/author\\\/wordpress_adm\\\/\"}]}<\/script>\n<!-- \/ Yoast SEO plugin. -->","yoast_head_json":{"title":"Les \u00e9l\u00e8ves de l'EFB remportent la finale du concours Paris Place de droit\u00a0! - efb.fr","robots":{"index":"index","follow":"follow","max-snippet":"max-snippet:-1","max-image-preview":"max-image-preview:large","max-video-preview":"max-video-preview:-1"},"canonical":"https:\/\/wpvit.efb.fr\/index.php\/les-eleves-avocats-de-lefb-remportent-la-finale-du-concours-paris-place-de-droit\/","og_locale":"fr_FR","og_type":"article","og_title":"Les \u00e9l\u00e8ves de l'EFB remportent la finale du concours Paris Place de droit\u00a0! - efb.fr","og_description":"L&rsquo;EFB est fi\u00e8re d&rsquo;annoncer la victoire d&rsquo;Ariane-Matthieue Nougoua, Charles Cailleux et Louis Portheret en finale de la troisi\u00e8me \u00e9dition du prestigieux Concours Paris Place de Droit, le 8 juin dernier. Toutes nos plus vives f\u00e9licitations aux laur\u00e9ats !Issus de la promotion Dominique Simonnot 2023-2024 de l\u2019EFB, ils ont \u00e9t\u00e9 coach\u00e9s par Ma\u00eetres Fanny Rocaboy et Isaac Arnoud que nous remercions chaleureusement.","og_url":"https:\/\/wpvit.efb.fr\/index.php\/les-eleves-avocats-de-lefb-remportent-la-finale-du-concours-paris-place-de-droit\/","og_site_name":"efb.fr","article_published_time":"2023-06-13T07:56:43+00:00","article_modified_time":"2023-06-20T09:46:59+00:00","og_image":[{"width":640,"height":415,"url":"https:\/\/wpvit.efb.fr\/wp-content\/uploads\/2023\/06\/Concours-8-juin.jpg","type":"image\/jpeg"}],"author":"wordpress_adm","twitter_card":"summary_large_image","twitter_misc":{"\u00c9crit par":"wordpress_adm","Dur\u00e9e de lecture estim\u00e9e":"1 minute"},"schema":{"@context":"https:\/\/schema.org","@graph":[{"@type":"Article","@id":"https:\/\/wpvit.efb.fr\/index.php\/les-eleves-avocats-de-lefb-remportent-la-finale-du-concours-paris-place-de-droit\/#article","isPartOf":{"@id":"https:\/\/wpvit.efb.fr\/index.php\/les-eleves-avocats-de-lefb-remportent-la-finale-du-concours-paris-place-de-droit\/"},"author":{"name":"wordpress_adm","@id":"https:\/\/wpvit.efb.fr\/#\/schema\/person\/b67db37d3f915e9e119c4e66b7e2922a"},"headline":"Les \u00e9l\u00e8ves de l&rsquo;EFB remportent la finale du concours Paris Place de droit\u00a0!","datePublished":"2023-06-13T07:56:43+00:00","dateModified":"2023-06-20T09:46:59+00:00","mainEntityOfPage":{"@id":"https:\/\/wpvit.efb.fr\/index.php\/les-eleves-avocats-de-lefb-remportent-la-finale-du-concours-paris-place-de-droit\/"},"wordCount":85,"publisher":{"@id":"https:\/\/wpvit.efb.fr\/#organization"},"image":{"@id":"https:\/\/wpvit.efb.fr\/index.php\/les-eleves-avocats-de-lefb-remportent-la-finale-du-concours-paris-place-de-droit\/#primaryimage"},"thumbnailUrl":"https:\/\/wpvit.efb.fr\/wp-content\/uploads\/2023\/06\/Concours-8-juin.jpg","inLanguage":"fr-FR"},{"@type":"WebPage","@id":"https:\/\/wpvit.efb.fr\/index.php\/les-eleves-avocats-de-lefb-remportent-la-finale-du-concours-paris-place-de-droit\/","url":"https:\/\/wpvit.efb.fr\/index.php\/les-eleves-avocats-de-lefb-remportent-la-finale-du-concours-paris-place-de-droit\/","name":"Les \u00e9l\u00e8ves de l'EFB remportent la finale du concours Paris Place de droit\u00a0! - efb.fr","isPartOf":{"@id":"https:\/\/wpvit.efb.fr\/#website"},"primaryImageOfPage":{"@id":"https:\/\/wpvit.efb.fr\/index.php\/les-eleves-avocats-de-lefb-remportent-la-finale-du-concours-paris-place-de-droit\/#primaryimage"},"image":{"@id":"https:\/\/wpvit.efb.fr\/index.php\/les-eleves-avocats-de-lefb-remportent-la-finale-du-concours-paris-place-de-droit\/#primaryimage"},"thumbnailUrl":"https:\/\/wpvit.efb.fr\/wp-content\/uploads\/2023\/06\/Concours-8-juin.jpg","datePublished":"2023-06-13T07:56:43+00:00","dateModified":"2023-06-20T09:46:59+00:00","breadcrumb":{"@id":"https:\/\/wpvit.efb.fr\/index.php\/les-eleves-avocats-de-lefb-remportent-la-finale-du-concours-paris-place-de-droit\/#breadcrumb"},"inLanguage":"fr-FR","potentialAction":[{"@type":"ReadAction","target":["https:\/\/wpvit.efb.fr\/index.php\/les-eleves-avocats-de-lefb-remportent-la-finale-du-concours-paris-place-de-droit\/"]}]},{"@type":"ImageObject","inLanguage":"fr-FR","@id":"https:\/\/wpvit.efb.fr\/index.php\/les-eleves-avocats-de-lefb-remportent-la-finale-du-concours-paris-place-de-droit\/#primaryimage","url":"https:\/\/wpvit.efb.fr\/wp-content\/uploads\/2023\/06\/Concours-8-juin.jpg","contentUrl":"https:\/\/wpvit.efb.fr\/wp-content\/uploads\/2023\/06\/Concours-8-juin.jpg","width":640,"height":415,"caption":"Participants du de la finale du concours Paris Place de droit\u00a0"},{"@type":"BreadcrumbList","@id":"https:\/\/wpvit.efb.fr\/index.php\/les-eleves-avocats-de-lefb-remportent-la-finale-du-concours-paris-place-de-droit\/#breadcrumb","itemListElement":[{"@type":"ListItem","position":1,"name":"Accueil","item":"https:\/\/wpvit.efb.fr\/"},{"@type":"ListItem","position":2,"name":"Les \u00e9l\u00e8ves de l&#8217;EFB remportent la finale du concours Paris Place de droit\u00a0!"}]},{"@type":"WebSite","@id":"https:\/\/wpvit.efb.fr\/#website","url":"https:\/\/wpvit.efb.fr\/","name":"EFB","description":"","publisher":{"@id":"https:\/\/wpvit.efb.fr\/#organization"},"potentialAction":[{"@type":"SearchAction","target":{"@type":"EntryPoint","urlTemplate":"https:\/\/wpvit.efb.fr\/?s={search_term_string}"},"query-input":{"@type":"PropertyValueSpecification","valueRequired":true,"valueName":"search_term_string"}}],"inLanguage":"fr-FR"},{"@type":"Organization","@id":"https:\/\/wpvit.efb.fr\/#organization","name":"\u00c9cole de formation professionnelle des barreaux du ressort de la cour d\u2019appel de Paris (EFB)","alternateName":"\u00c9cole de Formation des Barreaux (EFB)","url":"https:\/\/wpvit.efb.fr\/","logo":{"@type":"ImageObject","inLanguage":"fr-FR","@id":"https:\/\/wpvit.efb.fr\/#\/schema\/logo\/image\/","url":"https:\/\/wpvit.efb.fr\/wp-content\/uploads\/2024\/10\/cropped-Logo-EFB-2023_fond-transparent_mail.png","contentUrl":"https:\/\/wpvit.efb.fr\/wp-content\/uploads\/2024\/10\/cropped-Logo-EFB-2023_fond-transparent_mail.png","width":638,"height":282,"caption":"\u00c9cole de formation professionnelle des barreaux du ressort de la cour d\u2019appel de Paris (EFB)"},"image":{"@id":"https:\/\/wpvit.efb.fr\/#\/schema\/logo\/image\/"}},{"@type":"Person","@id":"https:\/\/wpvit.efb.fr\/#\/schema\/person\/b67db37d3f915e9e119c4e66b7e2922a","name":"wordpress_adm","image":{"@type":"ImageObject","inLanguage":"fr-FR","@id":"https:\/\/secure.gravatar.com\/avatar\/093d90a8ac85d0ebd9579948e52b601bab9901593d225105f51d6c1f47cde80a?s=96&d=mm&r=g","url":"https:\/\/secure.gravatar.com\/avatar\/093d90a8ac85d0ebd9579948e52b601bab9901593d225105f51d6c1f47cde80a?s=96&d=mm&r=g","contentUrl":"https:\/\/secure.gravatar.com\/avatar\/093d90a8ac85d0ebd9579948e52b601bab9901593d225105f51d6c1f47cde80a?s=96&d=mm&r=g","caption":"wordpress_adm"},"sameAs":["http:\/\/wpvit.efb.fr"],"url":"https:\/\/wpvit.efb.fr\/index.php\/author\/wordpress_adm\/"}]}},"_links":{"self":[{"href":"https:\/\/wpvit.efb.fr\/index.php\/wp-json\/wp\/v2\/posts\/19188","targetHints":{"allow":["GET"]}}],"collection":[{"href":"https:\/\/wpvit.efb.fr\/index.php\/wp-json\/wp\/v2\/posts"}],"about":[{"href":"https:\/\/wpvit.efb.fr\/index.php\/wp-json\/wp\/v2\/types\/post"}],"author":[{"embeddable":true,"href":"https:\/\/wpvit.efb.fr\/index.php\/wp-json\/wp\/v2\/users\/1"}],"replies":[{"embeddable":true,"href":"https:\/\/wpvit.efb.fr\/index.php\/wp-json\/wp\/v2\/comments?post=19188"}],"version-history":[{"count":3,"href":"https:\/\/wpvit.efb.fr\/index.php\/wp-json\/wp\/v2\/posts\/19188\/revisions"}],"predecessor-version":[{"id":20936,"href":"https:\/\/wpvit.efb.fr\/index.php\/wp-json\/wp\/v2\/posts\/19188\/revisions\/20936"}],"wp:featuredmedia":[{"embeddable":true,"href":"https:\/\/wpvit.efb.fr\/index.php\/wp-json\/wp\/v2\/media\/19189"}],"wp:attachment":[{"href":"https:\/\/wpvit.efb.fr\/index.php\/wp-json\/wp\/v2\/media?parent=19188"}],"wp:term":[{"taxonomy":"category","embeddable":true,"href":"https:\/\/wpvit.efb.fr\/index.php\/wp-json\/wp\/v2\/categories?post=19188"},{"taxonomy":"post_tag","embeddable":true,"href":"https:\/\/wpvit.efb.fr\/index.php\/wp-json\/wp\/v2\/tags?post=19188"}],"curies":[{"name":"wp","href":"https:\/\/api.w.org\/{rel}","templated":true}]}}