{"id":21430,"date":"2023-06-15T14:57:52","date_gmt":"2023-06-15T12:57:52","guid":{"rendered":"https:\/\/wpvit.efb.fr\/?p=21430"},"modified":"2024-05-28T10:47:28","modified_gmt":"2024-05-28T08:47:28","slug":"pitch-day-une-5e-edition-riche-de-beaux-projets","status":"publish","type":"post","link":"https:\/\/wpvit.efb.fr\/index.php\/pitch-day-une-5e-edition-riche-de-beaux-projets\/","title":{"rendered":"Pitch Day : une 5\u00e8me \u00e9dition riche de beaux projets\u202f!\u00a0"},"content":{"rendered":"\n<p>10 minutes. C&rsquo;est le temps dont disposaient les \u00e9quipes du LAB s\u00e9lectionn\u00e9es pour convaincre le jury\u202fdu Pitch Day qui s&rsquo;est tenu ce 15 juin, en partenariat avec l&rsquo;incubateur du Barreau de Paris et LexisNexis. Cette 5e \u00e9dition a tenu ses promesses : une s\u00e9lection de six tr\u00e8s beaux projets (sur 160\u202f!), tous soutenus avec brio par des \u00e9quipes motiv\u00e9es.&nbsp;<\/p>\n\n\n\n<p>Le Grand prix du jury a \u00e9t\u00e9 attribu\u00e9 \u00e0 2 \u00e9quipes ex-\u00e6quo\u202f:&nbsp;<\/p>\n\n\n\n<p>*<strong>Kiff ta manif<\/strong>,\u202fcabinet d&rsquo;avocat qui serait sp\u00e9cialis\u00e9 dans les besoins des militants et manifestants. Pitch\u00e9 par\u202fLouise Jarlegand, Laetitia Karpiel,\u202fMarie Laigneau, Alain Kodmani et\u202fMathieu Langlois\u202fcoach\u00e9s par Fabien Masson.\u202f&nbsp;<\/p>\n\n\n\n<p>*<strong>Oh!TCD Avocats<\/strong>, cabinet d&rsquo;avocats qui se d\u00e9dierait aux entreprises de secteurs en tension qui recourent \u00e0 des travailleurs sans papiers. Pitch\u00e9 par\u202fCharl\u00e8ne Couderc,\u202fAnna Cura, Sarah David et Chlo\u00e9 Tabone\u202fcoach\u00e9es par Thibault Oudotte.\u202f&nbsp;<\/p>\n\n\n\n<figure class=\"wp-block-image size-large\"><img fetchpriority=\"high\" decoding=\"async\" width=\"1024\" height=\"450\" src=\"https:\/\/wpvit.efb.fr\/wp-content\/uploads\/2023\/06\/Photo-Grand-prix-1024x450.jpg\" alt=\"\" class=\"wp-image-21438\" srcset=\"https:\/\/wpvit.efb.fr\/wp-content\/uploads\/2023\/06\/Photo-Grand-prix-1024x450.jpg 1024w, https:\/\/wpvit.efb.fr\/wp-content\/uploads\/2023\/06\/Photo-Grand-prix-300x132.jpg 300w, https:\/\/wpvit.efb.fr\/wp-content\/uploads\/2023\/06\/Photo-Grand-prix-768x337.jpg 768w, https:\/\/wpvit.efb.fr\/wp-content\/uploads\/2023\/06\/Photo-Grand-prix-1536x674.jpg 1536w, https:\/\/wpvit.efb.fr\/wp-content\/uploads\/2023\/06\/Photo-Grand-prix-2048x899.jpg 2048w\" sizes=\"(max-width: 1024px) 100vw, 1024px\" \/><\/figure>\n\n\n\n<p>Le Prix du public LexisNexis a quant \u00e0 lui \u00e9t\u00e9 d\u00e9cern\u00e9 \u00e0 Negocia, un outil d&rsquo;analyse et de g\u00e9n\u00e9ration d&rsquo;accords collectifs.\u202fPitch\u00e9 par\u202fAlexandre Dalel,\u202fLucie de Montredon de Scorraille, Arthur David, Mathilde Delime, Maxence Deguilhem et Margot Decoux\u202fcoach\u00e9s par Alexandre Cheronnet.&nbsp;<\/p>\n\n\n\n<figure class=\"wp-block-image size-large\"><img decoding=\"async\" width=\"1024\" height=\"557\" src=\"https:\/\/wpvit.efb.fr\/wp-content\/uploads\/2023\/06\/Negocia-1024x557.jpg\" alt=\"\" class=\"wp-image-21439\" srcset=\"https:\/\/wpvit.efb.fr\/wp-content\/uploads\/2023\/06\/Negocia-1024x557.jpg 1024w, https:\/\/wpvit.efb.fr\/wp-content\/uploads\/2023\/06\/Negocia-300x163.jpg 300w, https:\/\/wpvit.efb.fr\/wp-content\/uploads\/2023\/06\/Negocia-768x418.jpg 768w, https:\/\/wpvit.efb.fr\/wp-content\/uploads\/2023\/06\/Negocia-1536x836.jpg 1536w, https:\/\/wpvit.efb.fr\/wp-content\/uploads\/2023\/06\/Negocia-2048x1115.jpg 2048w\" sizes=\"(max-width: 1024px) 100vw, 1024px\" \/><\/figure>\n\n\n\n<p>F\u00e9licitations \u00e0 tous ces laur\u00e9ats ainsi qu&rsquo;aux autres projets finalistes tout aussi enthousiasmants\u202f:\u202fVous contre Goliath, H\u00e9r\u00e8s et Gamma.&nbsp;<\/p>\n","protected":false},"excerpt":{"rendered":"<p>10 minutes. C&rsquo;est le temps dont disposaient les \u00e9quipes du LAB s\u00e9lectionn\u00e9es pour convaincre le jury\u202fdu Pitch Day qui s&rsquo;est tenu ce 15 juin, en partenariat avec l&rsquo;incubateur du Barreau de Paris et LexisNexis. Cette 5e \u00e9dition a tenu ses promesses : une s\u00e9lection de six tr\u00e8s beaux projets (sur 160\u202f!), tous soutenus avec brio par des \u00e9quipes motiv\u00e9es.&nbsp; Le Grand prix du jury a \u00e9t\u00e9 attribu\u00e9 \u00e0 2 \u00e9quipes ex-\u00e6quo\u202f:&nbsp; *Kiff ta manif,\u202fcabinet d&rsquo;avocat qui serait sp\u00e9cialis\u00e9 dans les besoins des militants et manifestants. Pitch\u00e9 par\u202fLouise Jarlegand, Laetitia Karpiel,\u202fMarie Laigneau, Alain Kodmani et\u202fMathieu Langlois\u202fcoach\u00e9s par Fabien Masson.\u202f&nbsp; *Oh!TCD Avocats, cabinet d&rsquo;avocats qui se d\u00e9dierait aux entreprises de secteurs en tension qui recourent \u00e0 des travailleurs sans papiers. Pitch\u00e9 par\u202fCharl\u00e8ne Couderc,\u202fAnna Cura, Sarah David et Chlo\u00e9 Tabone\u202fcoach\u00e9es par Thibault Oudotte.\u202f&nbsp; Le Prix du public LexisNexis a quant \u00e0 lui \u00e9t\u00e9 d\u00e9cern\u00e9 \u00e0 Negocia, un outil d&rsquo;analyse et de g\u00e9n\u00e9ration d&rsquo;accords collectifs.\u202fPitch\u00e9 par\u202fAlexandre Dalel,\u202fLucie de Montredon de Scorraille, Arthur David, Mathilde Delime, Maxence Deguilhem et Margot Decoux\u202fcoach\u00e9s par Alexandre Cheronnet.&nbsp; F\u00e9licitations \u00e0 tous ces laur\u00e9ats ainsi qu&rsquo;aux autres projets finalistes tout aussi enthousiasmants\u202f:\u202fVous contre Goliath, H\u00e9r\u00e8s et Gamma.&nbsp;<\/p>\n","protected":false},"author":1,"featured_media":21439,"comment_status":"closed","ping_status":"open","sticky":false,"template":"","format":"standard","meta":{"_acf_changed":false,"footnotes":""},"categories":[1],"tags":[],"class_list":["post-21430","post","type-post","status-publish","format-standard","has-post-thumbnail","hentry","category-non-classe"],"acf":[],"yoast_head":"<!-- This site is optimized with the Yoast SEO plugin v27.4 - https:\/\/yoast.com\/product\/yoast-seo-wordpress\/ -->\n<title>Pitch Day : une 5\u00e8me \u00e9dition riche de beaux projets\u202f!\u00a0 - efb.fr<\/title>\n<meta name=\"robots\" content=\"index, follow, max-snippet:-1, max-image-preview:large, max-video-preview:-1\" \/>\n<link rel=\"canonical\" href=\"https:\/\/wpvit.efb.fr\/index.php\/pitch-day-une-5e-edition-riche-de-beaux-projets\/\" \/>\n<meta property=\"og:locale\" content=\"fr_FR\" \/>\n<meta property=\"og:type\" content=\"article\" \/>\n<meta property=\"og:title\" content=\"Pitch Day : une 5\u00e8me \u00e9dition riche de beaux projets\u202f!\u00a0 - efb.fr\" \/>\n<meta property=\"og:description\" content=\"10 minutes. C&rsquo;est le temps dont disposaient les \u00e9quipes du LAB s\u00e9lectionn\u00e9es pour convaincre le jury\u202fdu Pitch Day qui s&rsquo;est tenu ce 15 juin, en partenariat avec l&rsquo;incubateur du Barreau de Paris et LexisNexis. Cette 5e \u00e9dition a tenu ses promesses : une s\u00e9lection de six tr\u00e8s beaux projets (sur 160\u202f!), tous soutenus avec brio par des \u00e9quipes motiv\u00e9es.&nbsp; Le Grand prix du jury a \u00e9t\u00e9 attribu\u00e9 \u00e0 2 \u00e9quipes ex-\u00e6quo\u202f:&nbsp; *Kiff ta manif,\u202fcabinet d&rsquo;avocat qui serait sp\u00e9cialis\u00e9 dans les besoins des militants et manifestants. Pitch\u00e9 par\u202fLouise Jarlegand, Laetitia Karpiel,\u202fMarie Laigneau, Alain Kodmani et\u202fMathieu Langlois\u202fcoach\u00e9s par Fabien Masson.\u202f&nbsp; *Oh!TCD Avocats, cabinet d&rsquo;avocats qui se d\u00e9dierait aux entreprises de secteurs en tension qui recourent \u00e0 des travailleurs sans papiers. Pitch\u00e9 par\u202fCharl\u00e8ne Couderc,\u202fAnna Cura, Sarah David et Chlo\u00e9 Tabone\u202fcoach\u00e9es par Thibault Oudotte.\u202f&nbsp; Le Prix du public LexisNexis a quant \u00e0 lui \u00e9t\u00e9 d\u00e9cern\u00e9 \u00e0 Negocia, un outil d&rsquo;analyse et de g\u00e9n\u00e9ration d&rsquo;accords collectifs.\u202fPitch\u00e9 par\u202fAlexandre Dalel,\u202fLucie de Montredon de Scorraille, Arthur David, Mathilde Delime, Maxence Deguilhem et Margot Decoux\u202fcoach\u00e9s par Alexandre Cheronnet.&nbsp; F\u00e9licitations \u00e0 tous ces laur\u00e9ats ainsi qu&rsquo;aux autres projets finalistes tout aussi enthousiasmants\u202f:\u202fVous contre Goliath, H\u00e9r\u00e8s et Gamma.&nbsp;\" \/>\n<meta property=\"og:url\" content=\"https:\/\/wpvit.efb.fr\/index.php\/pitch-day-une-5e-edition-riche-de-beaux-projets\/\" \/>\n<meta property=\"og:site_name\" content=\"efb.fr\" \/>\n<meta property=\"article:published_time\" content=\"2023-06-15T12:57:52+00:00\" \/>\n<meta property=\"article:modified_time\" content=\"2024-05-28T08:47:28+00:00\" \/>\n<meta property=\"og:image\" content=\"https:\/\/wpvit.efb.fr\/wp-content\/uploads\/2023\/06\/Negocia-scaled.jpg\" \/>\n\t<meta property=\"og:image:width\" content=\"2560\" \/>\n\t<meta property=\"og:image:height\" content=\"1393\" \/>\n\t<meta property=\"og:image:type\" content=\"image\/jpeg\" \/>\n<meta name=\"author\" content=\"wordpress_adm\" \/>\n<meta name=\"twitter:card\" content=\"summary_large_image\" \/>\n<meta name=\"twitter:label1\" content=\"\u00c9crit par\" \/>\n\t<meta name=\"twitter:data1\" content=\"wordpress_adm\" \/>\n\t<meta name=\"twitter:label2\" content=\"Dur\u00e9e de lecture estim\u00e9e\" \/>\n\t<meta name=\"twitter:data2\" content=\"2 minutes\" \/>\n<script type=\"application\/ld+json\" class=\"yoast-schema-graph\">{\"@context\":\"https:\\\/\\\/schema.org\",\"@graph\":[{\"@type\":\"Article\",\"@id\":\"https:\\\/\\\/wpvit.efb.fr\\\/index.php\\\/pitch-day-une-5e-edition-riche-de-beaux-projets\\\/#article\",\"isPartOf\":{\"@id\":\"https:\\\/\\\/wpvit.efb.fr\\\/index.php\\\/pitch-day-une-5e-edition-riche-de-beaux-projets\\\/\"},\"author\":{\"name\":\"wordpress_adm\",\"@id\":\"https:\\\/\\\/wpvit.efb.fr\\\/#\\\/schema\\\/person\\\/b67db37d3f915e9e119c4e66b7e2922a\"},\"headline\":\"Pitch Day : une 5\u00e8me \u00e9dition riche de beaux projets\u202f!\u00a0\",\"datePublished\":\"2023-06-15T12:57:52+00:00\",\"dateModified\":\"2024-05-28T08:47:28+00:00\",\"mainEntityOfPage\":{\"@id\":\"https:\\\/\\\/wpvit.efb.fr\\\/index.php\\\/pitch-day-une-5e-edition-riche-de-beaux-projets\\\/\"},\"wordCount\":234,\"publisher\":{\"@id\":\"https:\\\/\\\/wpvit.efb.fr\\\/#organization\"},\"image\":{\"@id\":\"https:\\\/\\\/wpvit.efb.fr\\\/index.php\\\/pitch-day-une-5e-edition-riche-de-beaux-projets\\\/#primaryimage\"},\"thumbnailUrl\":\"https:\\\/\\\/wpvit.efb.fr\\\/wp-content\\\/uploads\\\/2023\\\/06\\\/Negocia-scaled.jpg\",\"inLanguage\":\"fr-FR\"},{\"@type\":\"WebPage\",\"@id\":\"https:\\\/\\\/wpvit.efb.fr\\\/index.php\\\/pitch-day-une-5e-edition-riche-de-beaux-projets\\\/\",\"url\":\"https:\\\/\\\/wpvit.efb.fr\\\/index.php\\\/pitch-day-une-5e-edition-riche-de-beaux-projets\\\/\",\"name\":\"Pitch Day : une 5\u00e8me \u00e9dition riche de beaux projets\u202f!\u00a0 - efb.fr\",\"isPartOf\":{\"@id\":\"https:\\\/\\\/wpvit.efb.fr\\\/#website\"},\"primaryImageOfPage\":{\"@id\":\"https:\\\/\\\/wpvit.efb.fr\\\/index.php\\\/pitch-day-une-5e-edition-riche-de-beaux-projets\\\/#primaryimage\"},\"image\":{\"@id\":\"https:\\\/\\\/wpvit.efb.fr\\\/index.php\\\/pitch-day-une-5e-edition-riche-de-beaux-projets\\\/#primaryimage\"},\"thumbnailUrl\":\"https:\\\/\\\/wpvit.efb.fr\\\/wp-content\\\/uploads\\\/2023\\\/06\\\/Negocia-scaled.jpg\",\"datePublished\":\"2023-06-15T12:57:52+00:00\",\"dateModified\":\"2024-05-28T08:47:28+00:00\",\"breadcrumb\":{\"@id\":\"https:\\\/\\\/wpvit.efb.fr\\\/index.php\\\/pitch-day-une-5e-edition-riche-de-beaux-projets\\\/#breadcrumb\"},\"inLanguage\":\"fr-FR\",\"potentialAction\":[{\"@type\":\"ReadAction\",\"target\":[\"https:\\\/\\\/wpvit.efb.fr\\\/index.php\\\/pitch-day-une-5e-edition-riche-de-beaux-projets\\\/\"]}]},{\"@type\":\"ImageObject\",\"inLanguage\":\"fr-FR\",\"@id\":\"https:\\\/\\\/wpvit.efb.fr\\\/index.php\\\/pitch-day-une-5e-edition-riche-de-beaux-projets\\\/#primaryimage\",\"url\":\"https:\\\/\\\/wpvit.efb.fr\\\/wp-content\\\/uploads\\\/2023\\\/06\\\/Negocia-scaled.jpg\",\"contentUrl\":\"https:\\\/\\\/wpvit.efb.fr\\\/wp-content\\\/uploads\\\/2023\\\/06\\\/Negocia-scaled.jpg\",\"width\":2560,\"height\":1393,\"caption\":\"Personnes constituant l'\u00e9quipe du projet Negocia, gagnante du prix LexisNexis\"},{\"@type\":\"BreadcrumbList\",\"@id\":\"https:\\\/\\\/wpvit.efb.fr\\\/index.php\\\/pitch-day-une-5e-edition-riche-de-beaux-projets\\\/#breadcrumb\",\"itemListElement\":[{\"@type\":\"ListItem\",\"position\":1,\"name\":\"Accueil\",\"item\":\"https:\\\/\\\/wpvit.efb.fr\\\/\"},{\"@type\":\"ListItem\",\"position\":2,\"name\":\"Pitch Day : une 5\u00e8me \u00e9dition riche de beaux projets\u202f!\u00a0\"}]},{\"@type\":\"WebSite\",\"@id\":\"https:\\\/\\\/wpvit.efb.fr\\\/#website\",\"url\":\"https:\\\/\\\/wpvit.efb.fr\\\/\",\"name\":\"EFB\",\"description\":\"\",\"publisher\":{\"@id\":\"https:\\\/\\\/wpvit.efb.fr\\\/#organization\"},\"potentialAction\":[{\"@type\":\"SearchAction\",\"target\":{\"@type\":\"EntryPoint\",\"urlTemplate\":\"https:\\\/\\\/wpvit.efb.fr\\\/?s={search_term_string}\"},\"query-input\":{\"@type\":\"PropertyValueSpecification\",\"valueRequired\":true,\"valueName\":\"search_term_string\"}}],\"inLanguage\":\"fr-FR\"},{\"@type\":\"Organization\",\"@id\":\"https:\\\/\\\/wpvit.efb.fr\\\/#organization\",\"name\":\"\u00c9cole de formation professionnelle des barreaux du ressort de la cour d\u2019appel de Paris (EFB)\",\"alternateName\":\"\u00c9cole de Formation des Barreaux (EFB)\",\"url\":\"https:\\\/\\\/wpvit.efb.fr\\\/\",\"logo\":{\"@type\":\"ImageObject\",\"inLanguage\":\"fr-FR\",\"@id\":\"https:\\\/\\\/wpvit.efb.fr\\\/#\\\/schema\\\/logo\\\/image\\\/\",\"url\":\"https:\\\/\\\/wpvit.efb.fr\\\/wp-content\\\/uploads\\\/2024\\\/10\\\/cropped-Logo-EFB-2023_fond-transparent_mail.png\",\"contentUrl\":\"https:\\\/\\\/wpvit.efb.fr\\\/wp-content\\\/uploads\\\/2024\\\/10\\\/cropped-Logo-EFB-2023_fond-transparent_mail.png\",\"width\":638,\"height\":282,\"caption\":\"\u00c9cole de formation professionnelle des barreaux du ressort de la cour d\u2019appel de Paris (EFB)\"},\"image\":{\"@id\":\"https:\\\/\\\/wpvit.efb.fr\\\/#\\\/schema\\\/logo\\\/image\\\/\"}},{\"@type\":\"Person\",\"@id\":\"https:\\\/\\\/wpvit.efb.fr\\\/#\\\/schema\\\/person\\\/b67db37d3f915e9e119c4e66b7e2922a\",\"name\":\"wordpress_adm\",\"image\":{\"@type\":\"ImageObject\",\"inLanguage\":\"fr-FR\",\"@id\":\"https:\\\/\\\/secure.gravatar.com\\\/avatar\\\/093d90a8ac85d0ebd9579948e52b601bab9901593d225105f51d6c1f47cde80a?s=96&d=mm&r=g\",\"url\":\"https:\\\/\\\/secure.gravatar.com\\\/avatar\\\/093d90a8ac85d0ebd9579948e52b601bab9901593d225105f51d6c1f47cde80a?s=96&d=mm&r=g\",\"contentUrl\":\"https:\\\/\\\/secure.gravatar.com\\\/avatar\\\/093d90a8ac85d0ebd9579948e52b601bab9901593d225105f51d6c1f47cde80a?s=96&d=mm&r=g\",\"caption\":\"wordpress_adm\"},\"sameAs\":[\"http:\\\/\\\/wpvit.efb.fr\"],\"url\":\"https:\\\/\\\/wpvit.efb.fr\\\/index.php\\\/author\\\/wordpress_adm\\\/\"}]}<\/script>\n<!-- \/ Yoast SEO plugin. -->","yoast_head_json":{"title":"Pitch Day : une 5\u00e8me \u00e9dition riche de beaux projets\u202f!\u00a0 - efb.fr","robots":{"index":"index","follow":"follow","max-snippet":"max-snippet:-1","max-image-preview":"max-image-preview:large","max-video-preview":"max-video-preview:-1"},"canonical":"https:\/\/wpvit.efb.fr\/index.php\/pitch-day-une-5e-edition-riche-de-beaux-projets\/","og_locale":"fr_FR","og_type":"article","og_title":"Pitch Day : une 5\u00e8me \u00e9dition riche de beaux projets\u202f!\u00a0 - efb.fr","og_description":"10 minutes. C&rsquo;est le temps dont disposaient les \u00e9quipes du LAB s\u00e9lectionn\u00e9es pour convaincre le jury\u202fdu Pitch Day qui s&rsquo;est tenu ce 15 juin, en partenariat avec l&rsquo;incubateur du Barreau de Paris et LexisNexis. Cette 5e \u00e9dition a tenu ses promesses : une s\u00e9lection de six tr\u00e8s beaux projets (sur 160\u202f!), tous soutenus avec brio par des \u00e9quipes motiv\u00e9es.&nbsp; Le Grand prix du jury a \u00e9t\u00e9 attribu\u00e9 \u00e0 2 \u00e9quipes ex-\u00e6quo\u202f:&nbsp; *Kiff ta manif,\u202fcabinet d&rsquo;avocat qui serait sp\u00e9cialis\u00e9 dans les besoins des militants et manifestants. Pitch\u00e9 par\u202fLouise Jarlegand, Laetitia Karpiel,\u202fMarie Laigneau, Alain Kodmani et\u202fMathieu Langlois\u202fcoach\u00e9s par Fabien Masson.\u202f&nbsp; *Oh!TCD Avocats, cabinet d&rsquo;avocats qui se d\u00e9dierait aux entreprises de secteurs en tension qui recourent \u00e0 des travailleurs sans papiers. Pitch\u00e9 par\u202fCharl\u00e8ne Couderc,\u202fAnna Cura, Sarah David et Chlo\u00e9 Tabone\u202fcoach\u00e9es par Thibault Oudotte.\u202f&nbsp; Le Prix du public LexisNexis a quant \u00e0 lui \u00e9t\u00e9 d\u00e9cern\u00e9 \u00e0 Negocia, un outil d&rsquo;analyse et de g\u00e9n\u00e9ration d&rsquo;accords collectifs.\u202fPitch\u00e9 par\u202fAlexandre Dalel,\u202fLucie de Montredon de Scorraille, Arthur David, Mathilde Delime, Maxence Deguilhem et Margot Decoux\u202fcoach\u00e9s par Alexandre Cheronnet.&nbsp; F\u00e9licitations \u00e0 tous ces laur\u00e9ats ainsi qu&rsquo;aux autres projets finalistes tout aussi enthousiasmants\u202f:\u202fVous contre Goliath, H\u00e9r\u00e8s et Gamma.&nbsp;","og_url":"https:\/\/wpvit.efb.fr\/index.php\/pitch-day-une-5e-edition-riche-de-beaux-projets\/","og_site_name":"efb.fr","article_published_time":"2023-06-15T12:57:52+00:00","article_modified_time":"2024-05-28T08:47:28+00:00","og_image":[{"width":2560,"height":1393,"url":"https:\/\/wpvit.efb.fr\/wp-content\/uploads\/2023\/06\/Negocia-scaled.jpg","type":"image\/jpeg"}],"author":"wordpress_adm","twitter_card":"summary_large_image","twitter_misc":{"\u00c9crit par":"wordpress_adm","Dur\u00e9e de lecture estim\u00e9e":"2 minutes"},"schema":{"@context":"https:\/\/schema.org","@graph":[{"@type":"Article","@id":"https:\/\/wpvit.efb.fr\/index.php\/pitch-day-une-5e-edition-riche-de-beaux-projets\/#article","isPartOf":{"@id":"https:\/\/wpvit.efb.fr\/index.php\/pitch-day-une-5e-edition-riche-de-beaux-projets\/"},"author":{"name":"wordpress_adm","@id":"https:\/\/wpvit.efb.fr\/#\/schema\/person\/b67db37d3f915e9e119c4e66b7e2922a"},"headline":"Pitch Day : une 5\u00e8me \u00e9dition riche de beaux projets\u202f!\u00a0","datePublished":"2023-06-15T12:57:52+00:00","dateModified":"2024-05-28T08:47:28+00:00","mainEntityOfPage":{"@id":"https:\/\/wpvit.efb.fr\/index.php\/pitch-day-une-5e-edition-riche-de-beaux-projets\/"},"wordCount":234,"publisher":{"@id":"https:\/\/wpvit.efb.fr\/#organization"},"image":{"@id":"https:\/\/wpvit.efb.fr\/index.php\/pitch-day-une-5e-edition-riche-de-beaux-projets\/#primaryimage"},"thumbnailUrl":"https:\/\/wpvit.efb.fr\/wp-content\/uploads\/2023\/06\/Negocia-scaled.jpg","inLanguage":"fr-FR"},{"@type":"WebPage","@id":"https:\/\/wpvit.efb.fr\/index.php\/pitch-day-une-5e-edition-riche-de-beaux-projets\/","url":"https:\/\/wpvit.efb.fr\/index.php\/pitch-day-une-5e-edition-riche-de-beaux-projets\/","name":"Pitch Day : une 5\u00e8me \u00e9dition riche de beaux projets\u202f!\u00a0 - efb.fr","isPartOf":{"@id":"https:\/\/wpvit.efb.fr\/#website"},"primaryImageOfPage":{"@id":"https:\/\/wpvit.efb.fr\/index.php\/pitch-day-une-5e-edition-riche-de-beaux-projets\/#primaryimage"},"image":{"@id":"https:\/\/wpvit.efb.fr\/index.php\/pitch-day-une-5e-edition-riche-de-beaux-projets\/#primaryimage"},"thumbnailUrl":"https:\/\/wpvit.efb.fr\/wp-content\/uploads\/2023\/06\/Negocia-scaled.jpg","datePublished":"2023-06-15T12:57:52+00:00","dateModified":"2024-05-28T08:47:28+00:00","breadcrumb":{"@id":"https:\/\/wpvit.efb.fr\/index.php\/pitch-day-une-5e-edition-riche-de-beaux-projets\/#breadcrumb"},"inLanguage":"fr-FR","potentialAction":[{"@type":"ReadAction","target":["https:\/\/wpvit.efb.fr\/index.php\/pitch-day-une-5e-edition-riche-de-beaux-projets\/"]}]},{"@type":"ImageObject","inLanguage":"fr-FR","@id":"https:\/\/wpvit.efb.fr\/index.php\/pitch-day-une-5e-edition-riche-de-beaux-projets\/#primaryimage","url":"https:\/\/wpvit.efb.fr\/wp-content\/uploads\/2023\/06\/Negocia-scaled.jpg","contentUrl":"https:\/\/wpvit.efb.fr\/wp-content\/uploads\/2023\/06\/Negocia-scaled.jpg","width":2560,"height":1393,"caption":"Personnes constituant l'\u00e9quipe du projet Negocia, gagnante du prix LexisNexis"},{"@type":"BreadcrumbList","@id":"https:\/\/wpvit.efb.fr\/index.php\/pitch-day-une-5e-edition-riche-de-beaux-projets\/#breadcrumb","itemListElement":[{"@type":"ListItem","position":1,"name":"Accueil","item":"https:\/\/wpvit.efb.fr\/"},{"@type":"ListItem","position":2,"name":"Pitch Day : une 5\u00e8me \u00e9dition riche de beaux projets\u202f!\u00a0"}]},{"@type":"WebSite","@id":"https:\/\/wpvit.efb.fr\/#website","url":"https:\/\/wpvit.efb.fr\/","name":"EFB","description":"","publisher":{"@id":"https:\/\/wpvit.efb.fr\/#organization"},"potentialAction":[{"@type":"SearchAction","target":{"@type":"EntryPoint","urlTemplate":"https:\/\/wpvit.efb.fr\/?s={search_term_string}"},"query-input":{"@type":"PropertyValueSpecification","valueRequired":true,"valueName":"search_term_string"}}],"inLanguage":"fr-FR"},{"@type":"Organization","@id":"https:\/\/wpvit.efb.fr\/#organization","name":"\u00c9cole de formation professionnelle des barreaux du ressort de la cour d\u2019appel de Paris (EFB)","alternateName":"\u00c9cole de Formation des Barreaux (EFB)","url":"https:\/\/wpvit.efb.fr\/","logo":{"@type":"ImageObject","inLanguage":"fr-FR","@id":"https:\/\/wpvit.efb.fr\/#\/schema\/logo\/image\/","url":"https:\/\/wpvit.efb.fr\/wp-content\/uploads\/2024\/10\/cropped-Logo-EFB-2023_fond-transparent_mail.png","contentUrl":"https:\/\/wpvit.efb.fr\/wp-content\/uploads\/2024\/10\/cropped-Logo-EFB-2023_fond-transparent_mail.png","width":638,"height":282,"caption":"\u00c9cole de formation professionnelle des barreaux du ressort de la cour d\u2019appel de Paris (EFB)"},"image":{"@id":"https:\/\/wpvit.efb.fr\/#\/schema\/logo\/image\/"}},{"@type":"Person","@id":"https:\/\/wpvit.efb.fr\/#\/schema\/person\/b67db37d3f915e9e119c4e66b7e2922a","name":"wordpress_adm","image":{"@type":"ImageObject","inLanguage":"fr-FR","@id":"https:\/\/secure.gravatar.com\/avatar\/093d90a8ac85d0ebd9579948e52b601bab9901593d225105f51d6c1f47cde80a?s=96&d=mm&r=g","url":"https:\/\/secure.gravatar.com\/avatar\/093d90a8ac85d0ebd9579948e52b601bab9901593d225105f51d6c1f47cde80a?s=96&d=mm&r=g","contentUrl":"https:\/\/secure.gravatar.com\/avatar\/093d90a8ac85d0ebd9579948e52b601bab9901593d225105f51d6c1f47cde80a?s=96&d=mm&r=g","caption":"wordpress_adm"},"sameAs":["http:\/\/wpvit.efb.fr"],"url":"https:\/\/wpvit.efb.fr\/index.php\/author\/wordpress_adm\/"}]}},"_links":{"self":[{"href":"https:\/\/wpvit.efb.fr\/index.php\/wp-json\/wp\/v2\/posts\/21430","targetHints":{"allow":["GET"]}}],"collection":[{"href":"https:\/\/wpvit.efb.fr\/index.php\/wp-json\/wp\/v2\/posts"}],"about":[{"href":"https:\/\/wpvit.efb.fr\/index.php\/wp-json\/wp\/v2\/types\/post"}],"author":[{"embeddable":true,"href":"https:\/\/wpvit.efb.fr\/index.php\/wp-json\/wp\/v2\/users\/1"}],"replies":[{"embeddable":true,"href":"https:\/\/wpvit.efb.fr\/index.php\/wp-json\/wp\/v2\/comments?post=21430"}],"version-history":[{"count":3,"href":"https:\/\/wpvit.efb.fr\/index.php\/wp-json\/wp\/v2\/posts\/21430\/revisions"}],"predecessor-version":[{"id":29449,"href":"https:\/\/wpvit.efb.fr\/index.php\/wp-json\/wp\/v2\/posts\/21430\/revisions\/29449"}],"wp:featuredmedia":[{"embeddable":true,"href":"https:\/\/wpvit.efb.fr\/index.php\/wp-json\/wp\/v2\/media\/21439"}],"wp:attachment":[{"href":"https:\/\/wpvit.efb.fr\/index.php\/wp-json\/wp\/v2\/media?parent=21430"}],"wp:term":[{"taxonomy":"category","embeddable":true,"href":"https:\/\/wpvit.efb.fr\/index.php\/wp-json\/wp\/v2\/categories?post=21430"},{"taxonomy":"post_tag","embeddable":true,"href":"https:\/\/wpvit.efb.fr\/index.php\/wp-json\/wp\/v2\/tags?post=21430"}],"curies":[{"name":"wp","href":"https:\/\/api.w.org\/{rel}","templated":true}]}}