{"id":25694,"date":"2023-10-20T14:56:39","date_gmt":"2023-10-20T12:56:39","guid":{"rendered":"https:\/\/wpvit.efb.fr\/?p=25694"},"modified":"2023-10-20T14:56:39","modified_gmt":"2023-10-20T12:56:39","slug":"nouvelle-edition-du-seminaire-franco-allemand","status":"publish","type":"post","link":"https:\/\/wpvit.efb.fr\/index.php\/nouvelle-edition-du-seminaire-franco-allemand\/","title":{"rendered":"Nouvelle \u00e9dition du S\u00e9minaire franco-allemand"},"content":{"rendered":"\n<p>L\u2019EFB a accueilli cette semaine 18 \u00ab Referendar \u00bb allemands (stagiaires en formation) venus \u00e9changer sur la formation des avocats en France avec des \u00e9l\u00e8ves avocats de l\u2019EFB. L\u2019occasion de r\u00e9soudre ensemble un cas pratique de d\u00e9ontologie dans un contexte franco-allemand !<\/p>\n\n\n\n<p>Ce voyage s\u2019inscrit dans le cadre d\u2019un programme avec le Minist\u00e8re de Rh\u00e9nanie du Nord Westphalie, permettant \u00e0 la r\u00e9ciproque aux \u00e9l\u00e8ves germanophones de l\u2019EFB de partir en s\u00e9minaire d\u2019\u00e9tudes \u00e0 D\u00fcsseldorf, avec le soutien de la Commission Allemagne du barreau de Paris. &nbsp;<\/p>\n\n\n\n<p>Huit \u00e9l\u00e8ves de l\u2019EFB ont ainsi pu assister lors du dernier s\u00e9minaire qui s\u2019est tenu \u00e0 la fin du mois de septembre, \u00e0 des rencontres avec les magistrats allemands sur les fondamentaux de la proc\u00e9dure.<\/p>\n\n\n\n<p>Des \u00e9changes nourris au Consulat de France sur la relation politique et diplomatique franco-allemande contribuent \u00e0 la richesse de ce programme.<\/p>\n\n\n\n<figure class=\"wp-block-image size-medium is-style-default\"><img fetchpriority=\"high\" decoding=\"async\" width=\"300\" height=\"201\" src=\"https:\/\/wpvit.efb.fr\/wp-content\/uploads\/2023\/10\/IMG_1141-300x201.jpeg\" alt=\"\" class=\"wp-image-25696\" srcset=\"https:\/\/wpvit.efb.fr\/wp-content\/uploads\/2023\/10\/IMG_1141-300x201.jpeg 300w, https:\/\/wpvit.efb.fr\/wp-content\/uploads\/2023\/10\/IMG_1141.jpeg 516w\" sizes=\"(max-width: 300px) 100vw, 300px\" \/><\/figure>\n","protected":false},"excerpt":{"rendered":"<p>L\u2019EFB a accueilli cette semaine 18 \u00ab Referendar \u00bb allemands (stagiaires en formation) venus \u00e9changer sur la formation des avocats en France avec des \u00e9l\u00e8ves avocats de l\u2019EFB. L\u2019occasion de r\u00e9soudre ensemble un cas pratique de d\u00e9ontologie dans un contexte franco-allemand ! Ce voyage s\u2019inscrit dans le cadre d\u2019un programme avec le Minist\u00e8re de Rh\u00e9nanie du Nord Westphalie, permettant \u00e0 la r\u00e9ciproque aux \u00e9l\u00e8ves germanophones de l\u2019EFB de partir en s\u00e9minaire d\u2019\u00e9tudes \u00e0 D\u00fcsseldorf, avec le soutien de la Commission Allemagne du barreau de Paris. &nbsp; Huit \u00e9l\u00e8ves de l\u2019EFB ont ainsi pu assister lors du dernier s\u00e9minaire qui s\u2019est tenu \u00e0 la fin du mois de septembre, \u00e0 des rencontres avec les magistrats allemands sur les fondamentaux de la proc\u00e9dure. Des \u00e9changes nourris au Consulat de France sur la relation politique et diplomatique franco-allemande contribuent \u00e0 la richesse de ce programme.<\/p>\n","protected":false},"author":1,"featured_media":25695,"comment_status":"closed","ping_status":"open","sticky":false,"template":"","format":"standard","meta":{"_acf_changed":false,"footnotes":""},"categories":[1],"tags":[],"class_list":["post-25694","post","type-post","status-publish","format-standard","has-post-thumbnail","hentry","category-non-classe"],"acf":[],"yoast_head":"<!-- This site is optimized with the Yoast SEO plugin v27.4 - https:\/\/yoast.com\/product\/yoast-seo-wordpress\/ -->\n<title>Nouvelle \u00e9dition du S\u00e9minaire franco-allemand - efb.fr<\/title>\n<meta name=\"robots\" content=\"index, follow, max-snippet:-1, max-image-preview:large, max-video-preview:-1\" \/>\n<link rel=\"canonical\" href=\"https:\/\/wpvit.efb.fr\/index.php\/nouvelle-edition-du-seminaire-franco-allemand\/\" \/>\n<meta property=\"og:locale\" content=\"fr_FR\" \/>\n<meta property=\"og:type\" content=\"article\" \/>\n<meta property=\"og:title\" content=\"Nouvelle \u00e9dition du S\u00e9minaire franco-allemand - efb.fr\" \/>\n<meta property=\"og:description\" content=\"L\u2019EFB a accueilli cette semaine 18 \u00ab Referendar \u00bb allemands (stagiaires en formation) venus \u00e9changer sur la formation des avocats en France avec des \u00e9l\u00e8ves avocats de l\u2019EFB. L\u2019occasion de r\u00e9soudre ensemble un cas pratique de d\u00e9ontologie dans un contexte franco-allemand ! Ce voyage s\u2019inscrit dans le cadre d\u2019un programme avec le Minist\u00e8re de Rh\u00e9nanie du Nord Westphalie, permettant \u00e0 la r\u00e9ciproque aux \u00e9l\u00e8ves germanophones de l\u2019EFB de partir en s\u00e9minaire d\u2019\u00e9tudes \u00e0 D\u00fcsseldorf, avec le soutien de la Commission Allemagne du barreau de Paris. &nbsp; Huit \u00e9l\u00e8ves de l\u2019EFB ont ainsi pu assister lors du dernier s\u00e9minaire qui s\u2019est tenu \u00e0 la fin du mois de septembre, \u00e0 des rencontres avec les magistrats allemands sur les fondamentaux de la proc\u00e9dure. Des \u00e9changes nourris au Consulat de France sur la relation politique et diplomatique franco-allemande contribuent \u00e0 la richesse de ce programme.\" \/>\n<meta property=\"og:url\" content=\"https:\/\/wpvit.efb.fr\/index.php\/nouvelle-edition-du-seminaire-franco-allemand\/\" \/>\n<meta property=\"og:site_name\" content=\"efb.fr\" \/>\n<meta property=\"article:published_time\" content=\"2023-10-20T12:56:39+00:00\" \/>\n<meta property=\"og:image\" content=\"https:\/\/wpvit.efb.fr\/wp-content\/uploads\/2023\/10\/IMG_1142.jpeg\" \/>\n\t<meta property=\"og:image:width\" content=\"2308\" \/>\n\t<meta property=\"og:image:height\" content=\"2091\" \/>\n\t<meta property=\"og:image:type\" content=\"image\/jpeg\" \/>\n<meta name=\"author\" content=\"wordpress_adm\" \/>\n<meta name=\"twitter:card\" content=\"summary_large_image\" \/>\n<meta name=\"twitter:label1\" content=\"\u00c9crit par\" \/>\n\t<meta name=\"twitter:data1\" content=\"wordpress_adm\" \/>\n\t<meta name=\"twitter:label2\" content=\"Dur\u00e9e de lecture estim\u00e9e\" \/>\n\t<meta name=\"twitter:data2\" content=\"1 minute\" \/>\n<script type=\"application\/ld+json\" class=\"yoast-schema-graph\">{\"@context\":\"https:\\\/\\\/schema.org\",\"@graph\":[{\"@type\":\"Article\",\"@id\":\"https:\\\/\\\/wpvit.efb.fr\\\/index.php\\\/nouvelle-edition-du-seminaire-franco-allemand\\\/#article\",\"isPartOf\":{\"@id\":\"https:\\\/\\\/wpvit.efb.fr\\\/index.php\\\/nouvelle-edition-du-seminaire-franco-allemand\\\/\"},\"author\":{\"name\":\"wordpress_adm\",\"@id\":\"https:\\\/\\\/wpvit.efb.fr\\\/#\\\/schema\\\/person\\\/b67db37d3f915e9e119c4e66b7e2922a\"},\"headline\":\"Nouvelle \u00e9dition du S\u00e9minaire franco-allemand\",\"datePublished\":\"2023-10-20T12:56:39+00:00\",\"mainEntityOfPage\":{\"@id\":\"https:\\\/\\\/wpvit.efb.fr\\\/index.php\\\/nouvelle-edition-du-seminaire-franco-allemand\\\/\"},\"wordCount\":160,\"publisher\":{\"@id\":\"https:\\\/\\\/wpvit.efb.fr\\\/#organization\"},\"image\":{\"@id\":\"https:\\\/\\\/wpvit.efb.fr\\\/index.php\\\/nouvelle-edition-du-seminaire-franco-allemand\\\/#primaryimage\"},\"thumbnailUrl\":\"https:\\\/\\\/wpvit.efb.fr\\\/wp-content\\\/uploads\\\/2023\\\/10\\\/IMG_1142.jpeg\",\"inLanguage\":\"fr-FR\"},{\"@type\":\"WebPage\",\"@id\":\"https:\\\/\\\/wpvit.efb.fr\\\/index.php\\\/nouvelle-edition-du-seminaire-franco-allemand\\\/\",\"url\":\"https:\\\/\\\/wpvit.efb.fr\\\/index.php\\\/nouvelle-edition-du-seminaire-franco-allemand\\\/\",\"name\":\"Nouvelle \u00e9dition du S\u00e9minaire franco-allemand - efb.fr\",\"isPartOf\":{\"@id\":\"https:\\\/\\\/wpvit.efb.fr\\\/#website\"},\"primaryImageOfPage\":{\"@id\":\"https:\\\/\\\/wpvit.efb.fr\\\/index.php\\\/nouvelle-edition-du-seminaire-franco-allemand\\\/#primaryimage\"},\"image\":{\"@id\":\"https:\\\/\\\/wpvit.efb.fr\\\/index.php\\\/nouvelle-edition-du-seminaire-franco-allemand\\\/#primaryimage\"},\"thumbnailUrl\":\"https:\\\/\\\/wpvit.efb.fr\\\/wp-content\\\/uploads\\\/2023\\\/10\\\/IMG_1142.jpeg\",\"datePublished\":\"2023-10-20T12:56:39+00:00\",\"breadcrumb\":{\"@id\":\"https:\\\/\\\/wpvit.efb.fr\\\/index.php\\\/nouvelle-edition-du-seminaire-franco-allemand\\\/#breadcrumb\"},\"inLanguage\":\"fr-FR\",\"potentialAction\":[{\"@type\":\"ReadAction\",\"target\":[\"https:\\\/\\\/wpvit.efb.fr\\\/index.php\\\/nouvelle-edition-du-seminaire-franco-allemand\\\/\"]}]},{\"@type\":\"ImageObject\",\"inLanguage\":\"fr-FR\",\"@id\":\"https:\\\/\\\/wpvit.efb.fr\\\/index.php\\\/nouvelle-edition-du-seminaire-franco-allemand\\\/#primaryimage\",\"url\":\"https:\\\/\\\/wpvit.efb.fr\\\/wp-content\\\/uploads\\\/2023\\\/10\\\/IMG_1142.jpeg\",\"contentUrl\":\"https:\\\/\\\/wpvit.efb.fr\\\/wp-content\\\/uploads\\\/2023\\\/10\\\/IMG_1142.jpeg\",\"width\":2308,\"height\":2091},{\"@type\":\"BreadcrumbList\",\"@id\":\"https:\\\/\\\/wpvit.efb.fr\\\/index.php\\\/nouvelle-edition-du-seminaire-franco-allemand\\\/#breadcrumb\",\"itemListElement\":[{\"@type\":\"ListItem\",\"position\":1,\"name\":\"Accueil\",\"item\":\"https:\\\/\\\/wpvit.efb.fr\\\/\"},{\"@type\":\"ListItem\",\"position\":2,\"name\":\"Nouvelle \u00e9dition du S\u00e9minaire franco-allemand\"}]},{\"@type\":\"WebSite\",\"@id\":\"https:\\\/\\\/wpvit.efb.fr\\\/#website\",\"url\":\"https:\\\/\\\/wpvit.efb.fr\\\/\",\"name\":\"EFB\",\"description\":\"\",\"publisher\":{\"@id\":\"https:\\\/\\\/wpvit.efb.fr\\\/#organization\"},\"potentialAction\":[{\"@type\":\"SearchAction\",\"target\":{\"@type\":\"EntryPoint\",\"urlTemplate\":\"https:\\\/\\\/wpvit.efb.fr\\\/?s={search_term_string}\"},\"query-input\":{\"@type\":\"PropertyValueSpecification\",\"valueRequired\":true,\"valueName\":\"search_term_string\"}}],\"inLanguage\":\"fr-FR\"},{\"@type\":\"Organization\",\"@id\":\"https:\\\/\\\/wpvit.efb.fr\\\/#organization\",\"name\":\"\u00c9cole de formation professionnelle des barreaux du ressort de la cour d\u2019appel de Paris (EFB)\",\"alternateName\":\"\u00c9cole de Formation des Barreaux (EFB)\",\"url\":\"https:\\\/\\\/wpvit.efb.fr\\\/\",\"logo\":{\"@type\":\"ImageObject\",\"inLanguage\":\"fr-FR\",\"@id\":\"https:\\\/\\\/wpvit.efb.fr\\\/#\\\/schema\\\/logo\\\/image\\\/\",\"url\":\"https:\\\/\\\/wpvit.efb.fr\\\/wp-content\\\/uploads\\\/2024\\\/10\\\/cropped-Logo-EFB-2023_fond-transparent_mail.png\",\"contentUrl\":\"https:\\\/\\\/wpvit.efb.fr\\\/wp-content\\\/uploads\\\/2024\\\/10\\\/cropped-Logo-EFB-2023_fond-transparent_mail.png\",\"width\":638,\"height\":282,\"caption\":\"\u00c9cole de formation professionnelle des barreaux du ressort de la cour d\u2019appel de Paris (EFB)\"},\"image\":{\"@id\":\"https:\\\/\\\/wpvit.efb.fr\\\/#\\\/schema\\\/logo\\\/image\\\/\"}},{\"@type\":\"Person\",\"@id\":\"https:\\\/\\\/wpvit.efb.fr\\\/#\\\/schema\\\/person\\\/b67db37d3f915e9e119c4e66b7e2922a\",\"name\":\"wordpress_adm\",\"image\":{\"@type\":\"ImageObject\",\"inLanguage\":\"fr-FR\",\"@id\":\"https:\\\/\\\/secure.gravatar.com\\\/avatar\\\/093d90a8ac85d0ebd9579948e52b601bab9901593d225105f51d6c1f47cde80a?s=96&d=mm&r=g\",\"url\":\"https:\\\/\\\/secure.gravatar.com\\\/avatar\\\/093d90a8ac85d0ebd9579948e52b601bab9901593d225105f51d6c1f47cde80a?s=96&d=mm&r=g\",\"contentUrl\":\"https:\\\/\\\/secure.gravatar.com\\\/avatar\\\/093d90a8ac85d0ebd9579948e52b601bab9901593d225105f51d6c1f47cde80a?s=96&d=mm&r=g\",\"caption\":\"wordpress_adm\"},\"sameAs\":[\"http:\\\/\\\/wpvit.efb.fr\"],\"url\":\"https:\\\/\\\/wpvit.efb.fr\\\/index.php\\\/author\\\/wordpress_adm\\\/\"}]}<\/script>\n<!-- \/ Yoast SEO plugin. -->","yoast_head_json":{"title":"Nouvelle \u00e9dition du S\u00e9minaire franco-allemand - efb.fr","robots":{"index":"index","follow":"follow","max-snippet":"max-snippet:-1","max-image-preview":"max-image-preview:large","max-video-preview":"max-video-preview:-1"},"canonical":"https:\/\/wpvit.efb.fr\/index.php\/nouvelle-edition-du-seminaire-franco-allemand\/","og_locale":"fr_FR","og_type":"article","og_title":"Nouvelle \u00e9dition du S\u00e9minaire franco-allemand - efb.fr","og_description":"L\u2019EFB a accueilli cette semaine 18 \u00ab Referendar \u00bb allemands (stagiaires en formation) venus \u00e9changer sur la formation des avocats en France avec des \u00e9l\u00e8ves avocats de l\u2019EFB. L\u2019occasion de r\u00e9soudre ensemble un cas pratique de d\u00e9ontologie dans un contexte franco-allemand ! Ce voyage s\u2019inscrit dans le cadre d\u2019un programme avec le Minist\u00e8re de Rh\u00e9nanie du Nord Westphalie, permettant \u00e0 la r\u00e9ciproque aux \u00e9l\u00e8ves germanophones de l\u2019EFB de partir en s\u00e9minaire d\u2019\u00e9tudes \u00e0 D\u00fcsseldorf, avec le soutien de la Commission Allemagne du barreau de Paris. &nbsp; Huit \u00e9l\u00e8ves de l\u2019EFB ont ainsi pu assister lors du dernier s\u00e9minaire qui s\u2019est tenu \u00e0 la fin du mois de septembre, \u00e0 des rencontres avec les magistrats allemands sur les fondamentaux de la proc\u00e9dure. Des \u00e9changes nourris au Consulat de France sur la relation politique et diplomatique franco-allemande contribuent \u00e0 la richesse de ce programme.","og_url":"https:\/\/wpvit.efb.fr\/index.php\/nouvelle-edition-du-seminaire-franco-allemand\/","og_site_name":"efb.fr","article_published_time":"2023-10-20T12:56:39+00:00","og_image":[{"width":2308,"height":2091,"url":"https:\/\/wpvit.efb.fr\/wp-content\/uploads\/2023\/10\/IMG_1142.jpeg","type":"image\/jpeg"}],"author":"wordpress_adm","twitter_card":"summary_large_image","twitter_misc":{"\u00c9crit par":"wordpress_adm","Dur\u00e9e de lecture estim\u00e9e":"1 minute"},"schema":{"@context":"https:\/\/schema.org","@graph":[{"@type":"Article","@id":"https:\/\/wpvit.efb.fr\/index.php\/nouvelle-edition-du-seminaire-franco-allemand\/#article","isPartOf":{"@id":"https:\/\/wpvit.efb.fr\/index.php\/nouvelle-edition-du-seminaire-franco-allemand\/"},"author":{"name":"wordpress_adm","@id":"https:\/\/wpvit.efb.fr\/#\/schema\/person\/b67db37d3f915e9e119c4e66b7e2922a"},"headline":"Nouvelle \u00e9dition du S\u00e9minaire franco-allemand","datePublished":"2023-10-20T12:56:39+00:00","mainEntityOfPage":{"@id":"https:\/\/wpvit.efb.fr\/index.php\/nouvelle-edition-du-seminaire-franco-allemand\/"},"wordCount":160,"publisher":{"@id":"https:\/\/wpvit.efb.fr\/#organization"},"image":{"@id":"https:\/\/wpvit.efb.fr\/index.php\/nouvelle-edition-du-seminaire-franco-allemand\/#primaryimage"},"thumbnailUrl":"https:\/\/wpvit.efb.fr\/wp-content\/uploads\/2023\/10\/IMG_1142.jpeg","inLanguage":"fr-FR"},{"@type":"WebPage","@id":"https:\/\/wpvit.efb.fr\/index.php\/nouvelle-edition-du-seminaire-franco-allemand\/","url":"https:\/\/wpvit.efb.fr\/index.php\/nouvelle-edition-du-seminaire-franco-allemand\/","name":"Nouvelle \u00e9dition du S\u00e9minaire franco-allemand - efb.fr","isPartOf":{"@id":"https:\/\/wpvit.efb.fr\/#website"},"primaryImageOfPage":{"@id":"https:\/\/wpvit.efb.fr\/index.php\/nouvelle-edition-du-seminaire-franco-allemand\/#primaryimage"},"image":{"@id":"https:\/\/wpvit.efb.fr\/index.php\/nouvelle-edition-du-seminaire-franco-allemand\/#primaryimage"},"thumbnailUrl":"https:\/\/wpvit.efb.fr\/wp-content\/uploads\/2023\/10\/IMG_1142.jpeg","datePublished":"2023-10-20T12:56:39+00:00","breadcrumb":{"@id":"https:\/\/wpvit.efb.fr\/index.php\/nouvelle-edition-du-seminaire-franco-allemand\/#breadcrumb"},"inLanguage":"fr-FR","potentialAction":[{"@type":"ReadAction","target":["https:\/\/wpvit.efb.fr\/index.php\/nouvelle-edition-du-seminaire-franco-allemand\/"]}]},{"@type":"ImageObject","inLanguage":"fr-FR","@id":"https:\/\/wpvit.efb.fr\/index.php\/nouvelle-edition-du-seminaire-franco-allemand\/#primaryimage","url":"https:\/\/wpvit.efb.fr\/wp-content\/uploads\/2023\/10\/IMG_1142.jpeg","contentUrl":"https:\/\/wpvit.efb.fr\/wp-content\/uploads\/2023\/10\/IMG_1142.jpeg","width":2308,"height":2091},{"@type":"BreadcrumbList","@id":"https:\/\/wpvit.efb.fr\/index.php\/nouvelle-edition-du-seminaire-franco-allemand\/#breadcrumb","itemListElement":[{"@type":"ListItem","position":1,"name":"Accueil","item":"https:\/\/wpvit.efb.fr\/"},{"@type":"ListItem","position":2,"name":"Nouvelle \u00e9dition du S\u00e9minaire franco-allemand"}]},{"@type":"WebSite","@id":"https:\/\/wpvit.efb.fr\/#website","url":"https:\/\/wpvit.efb.fr\/","name":"EFB","description":"","publisher":{"@id":"https:\/\/wpvit.efb.fr\/#organization"},"potentialAction":[{"@type":"SearchAction","target":{"@type":"EntryPoint","urlTemplate":"https:\/\/wpvit.efb.fr\/?s={search_term_string}"},"query-input":{"@type":"PropertyValueSpecification","valueRequired":true,"valueName":"search_term_string"}}],"inLanguage":"fr-FR"},{"@type":"Organization","@id":"https:\/\/wpvit.efb.fr\/#organization","name":"\u00c9cole de formation professionnelle des barreaux du ressort de la cour d\u2019appel de Paris (EFB)","alternateName":"\u00c9cole de Formation des Barreaux (EFB)","url":"https:\/\/wpvit.efb.fr\/","logo":{"@type":"ImageObject","inLanguage":"fr-FR","@id":"https:\/\/wpvit.efb.fr\/#\/schema\/logo\/image\/","url":"https:\/\/wpvit.efb.fr\/wp-content\/uploads\/2024\/10\/cropped-Logo-EFB-2023_fond-transparent_mail.png","contentUrl":"https:\/\/wpvit.efb.fr\/wp-content\/uploads\/2024\/10\/cropped-Logo-EFB-2023_fond-transparent_mail.png","width":638,"height":282,"caption":"\u00c9cole de formation professionnelle des barreaux du ressort de la cour d\u2019appel de Paris (EFB)"},"image":{"@id":"https:\/\/wpvit.efb.fr\/#\/schema\/logo\/image\/"}},{"@type":"Person","@id":"https:\/\/wpvit.efb.fr\/#\/schema\/person\/b67db37d3f915e9e119c4e66b7e2922a","name":"wordpress_adm","image":{"@type":"ImageObject","inLanguage":"fr-FR","@id":"https:\/\/secure.gravatar.com\/avatar\/093d90a8ac85d0ebd9579948e52b601bab9901593d225105f51d6c1f47cde80a?s=96&d=mm&r=g","url":"https:\/\/secure.gravatar.com\/avatar\/093d90a8ac85d0ebd9579948e52b601bab9901593d225105f51d6c1f47cde80a?s=96&d=mm&r=g","contentUrl":"https:\/\/secure.gravatar.com\/avatar\/093d90a8ac85d0ebd9579948e52b601bab9901593d225105f51d6c1f47cde80a?s=96&d=mm&r=g","caption":"wordpress_adm"},"sameAs":["http:\/\/wpvit.efb.fr"],"url":"https:\/\/wpvit.efb.fr\/index.php\/author\/wordpress_adm\/"}]}},"_links":{"self":[{"href":"https:\/\/wpvit.efb.fr\/index.php\/wp-json\/wp\/v2\/posts\/25694","targetHints":{"allow":["GET"]}}],"collection":[{"href":"https:\/\/wpvit.efb.fr\/index.php\/wp-json\/wp\/v2\/posts"}],"about":[{"href":"https:\/\/wpvit.efb.fr\/index.php\/wp-json\/wp\/v2\/types\/post"}],"author":[{"embeddable":true,"href":"https:\/\/wpvit.efb.fr\/index.php\/wp-json\/wp\/v2\/users\/1"}],"replies":[{"embeddable":true,"href":"https:\/\/wpvit.efb.fr\/index.php\/wp-json\/wp\/v2\/comments?post=25694"}],"version-history":[{"count":1,"href":"https:\/\/wpvit.efb.fr\/index.php\/wp-json\/wp\/v2\/posts\/25694\/revisions"}],"predecessor-version":[{"id":25697,"href":"https:\/\/wpvit.efb.fr\/index.php\/wp-json\/wp\/v2\/posts\/25694\/revisions\/25697"}],"wp:featuredmedia":[{"embeddable":true,"href":"https:\/\/wpvit.efb.fr\/index.php\/wp-json\/wp\/v2\/media\/25695"}],"wp:attachment":[{"href":"https:\/\/wpvit.efb.fr\/index.php\/wp-json\/wp\/v2\/media?parent=25694"}],"wp:term":[{"taxonomy":"category","embeddable":true,"href":"https:\/\/wpvit.efb.fr\/index.php\/wp-json\/wp\/v2\/categories?post=25694"},{"taxonomy":"post_tag","embeddable":true,"href":"https:\/\/wpvit.efb.fr\/index.php\/wp-json\/wp\/v2\/tags?post=25694"}],"curies":[{"name":"wp","href":"https:\/\/api.w.org\/{rel}","templated":true}]}}