{"id":26364,"date":"2023-12-13T13:44:53","date_gmt":"2023-12-13T12:44:53","guid":{"rendered":"https:\/\/wpvit.efb.fr\/?p=26364"},"modified":"2024-05-28T10:40:38","modified_gmt":"2024-05-28T08:40:38","slug":"13-decembre-6eme-edition-du-pitch-day","status":"publish","type":"post","link":"https:\/\/wpvit.efb.fr\/index.php\/13-decembre-6eme-edition-du-pitch-day\/","title":{"rendered":"La 6\u00e8me \u00e9dition du Pitch Day"},"content":{"rendered":"\n<p>Lab EFB, Les comp\u00e9tences qui font la diff\u00e9rence !<br><br>Mercredi 13 d\u00e9cembre, s\u2019est tenue \u00e0 l\u2019EFB&nbsp;la 6\u00e8me \u00e9dition du Pitch Day. Six \u00e9quipes d\u2019\u00e9l\u00e8ves avocats du&nbsp;Lab EFB&nbsp;ont pr\u00e9sent\u00e9 leurs projets devant le jury compos\u00e9 de&nbsp;Stephane Baller,&nbsp;Mathieu BALZARINI,&nbsp;Sophie Coin-Deleau,&nbsp;Sophie Julien,&nbsp;Hans-Christian Kast,&nbsp;Cl\u00e9mentine Kleitz,&nbsp;ANNE MANASSEWITSCH&nbsp;et&nbsp;Jean-Marc THOMAS.<br><br>Le Grand Prix du Jury a \u00e9t\u00e9 d\u00e9cern\u00e9 \u00e0 l&rsquo;\u00e9quipe DROIT \u00c0 MON MASTER et le Prix du Public&nbsp;LexisNexis France&nbsp;a \u00e9t\u00e9 remport\u00e9 par l&rsquo;\u00e9quipe L&rsquo;INTERFACE.<br><br>La soir\u00e9e s&rsquo;est conclue par une remise des prix suivie d&rsquo;un moment convivial autour d&rsquo;un cocktail.<br><br>F\u00e9licitations \u00e0 l\u2019ensemble des finalistes et merci aux membres du&nbsp;Lab EFB Romain Hazebroucq&nbsp;et&nbsp;Fabien Masson&nbsp;!&nbsp;<\/p>\n\n\n\n<figure class=\"wp-block-embed is-type-video is-provider-youtube wp-block-embed-youtube wp-embed-aspect-16-9 wp-has-aspect-ratio\"><div class=\"wp-block-embed__wrapper\">\n<iframe title=\"Pitch Day 6\u00e8me \u00e9dition 13\/12\/23\" width=\"800\" height=\"450\" src=\"https:\/\/www.youtube.com\/embed\/HR6L9hIhzFk?feature=oembed\" frameborder=\"0\" allow=\"accelerometer; autoplay; clipboard-write; encrypted-media; gyroscope; picture-in-picture; web-share\" referrerpolicy=\"strict-origin-when-cross-origin\" allowfullscreen><\/iframe>\n<\/div><\/figure>\n\n\n\n<figure class=\"wp-block-gallery has-nested-images columns-default is-cropped wp-block-gallery-1 is-layout-flex wp-block-gallery-is-layout-flex\">\n<figure data-wp-context=\"{&quot;imageId&quot;:&quot;69f4c5be5fb44&quot;}\" data-wp-interactive=\"core\/image\" data-wp-key=\"69f4c5be5fb44\" class=\"wp-block-image size-large wp-lightbox-container\"><img fetchpriority=\"high\" decoding=\"async\" width=\"1024\" height=\"1002\" data-wp-class--hide=\"state.isContentHidden\" data-wp-class--show=\"state.isContentVisible\" data-wp-init=\"callbacks.setButtonStyles\" data-wp-on--click=\"actions.showLightbox\" data-wp-on--load=\"callbacks.setButtonStyles\" data-wp-on-window--resize=\"callbacks.setButtonStyles\" data-id=\"26366\" src=\"https:\/\/wpvit.efb.fr\/wp-content\/uploads\/2023\/12\/PITCH-DAY-2-1024x1002.jpeg\" alt=\"\" class=\"wp-image-26366\" srcset=\"https:\/\/wpvit.efb.fr\/wp-content\/uploads\/2023\/12\/PITCH-DAY-2-1024x1002.jpeg 1024w, https:\/\/wpvit.efb.fr\/wp-content\/uploads\/2023\/12\/PITCH-DAY-2-300x293.jpeg 300w, https:\/\/wpvit.efb.fr\/wp-content\/uploads\/2023\/12\/PITCH-DAY-2-768x751.jpeg 768w, https:\/\/wpvit.efb.fr\/wp-content\/uploads\/2023\/12\/PITCH-DAY-2.jpeg 1284w\" sizes=\"(max-width: 1024px) 100vw, 1024px\" \/><button\n\t\t\tclass=\"lightbox-trigger\"\n\t\t\ttype=\"button\"\n\t\t\taria-haspopup=\"dialog\"\n\t\t\taria-label=\"Agrandir\"\n\t\t\tdata-wp-init=\"callbacks.initTriggerButton\"\n\t\t\tdata-wp-on--click=\"actions.showLightbox\"\n\t\t\tdata-wp-style--right=\"state.imageButtonRight\"\n\t\t\tdata-wp-style--top=\"state.imageButtonTop\"\n\t\t>\n\t\t\t<svg xmlns=\"http:\/\/www.w3.org\/2000\/svg\" width=\"12\" height=\"12\" fill=\"none\" viewBox=\"0 0 12 12\">\n\t\t\t\t<path fill=\"#fff\" d=\"M2 0a2 2 0 0 0-2 2v2h1.5V2a.5.5 0 0 1 .5-.5h2V0H2Zm2 10.5H2a.5.5 0 0 1-.5-.5V8H0v2a2 2 0 0 0 2 2h2v-1.5ZM8 12v-1.5h2a.5.5 0 0 0 .5-.5V8H12v2a2 2 0 0 1-2 2H8Zm2-12a2 2 0 0 1 2 2v2h-1.5V2a.5.5 0 0 0-.5-.5H8V0h2Z\" \/>\n\t\t\t<\/svg>\n\t\t<\/button><\/figure>\n\n\n\n<figure data-wp-context=\"{&quot;imageId&quot;:&quot;69f4c5be5febb&quot;}\" data-wp-interactive=\"core\/image\" data-wp-key=\"69f4c5be5febb\" class=\"wp-block-image size-large is-style-default wp-lightbox-container\"><img decoding=\"async\" width=\"1024\" height=\"877\" data-wp-class--hide=\"state.isContentHidden\" data-wp-class--show=\"state.isContentVisible\" data-wp-init=\"callbacks.setButtonStyles\" data-wp-on--click=\"actions.showLightbox\" data-wp-on--load=\"callbacks.setButtonStyles\" data-wp-on-window--resize=\"callbacks.setButtonStyles\" data-id=\"26365\" src=\"https:\/\/wpvit.efb.fr\/wp-content\/uploads\/2023\/12\/PITCH-DAY-1-1024x877.jpeg\" alt=\"\" class=\"wp-image-26365\" srcset=\"https:\/\/wpvit.efb.fr\/wp-content\/uploads\/2023\/12\/PITCH-DAY-1-1024x877.jpeg 1024w, https:\/\/wpvit.efb.fr\/wp-content\/uploads\/2023\/12\/PITCH-DAY-1-300x257.jpeg 300w, https:\/\/wpvit.efb.fr\/wp-content\/uploads\/2023\/12\/PITCH-DAY-1-768x658.jpeg 768w, https:\/\/wpvit.efb.fr\/wp-content\/uploads\/2023\/12\/PITCH-DAY-1.jpeg 1284w\" sizes=\"(max-width: 1024px) 100vw, 1024px\" \/><button\n\t\t\tclass=\"lightbox-trigger\"\n\t\t\ttype=\"button\"\n\t\t\taria-haspopup=\"dialog\"\n\t\t\taria-label=\"Agrandir\"\n\t\t\tdata-wp-init=\"callbacks.initTriggerButton\"\n\t\t\tdata-wp-on--click=\"actions.showLightbox\"\n\t\t\tdata-wp-style--right=\"state.imageButtonRight\"\n\t\t\tdata-wp-style--top=\"state.imageButtonTop\"\n\t\t>\n\t\t\t<svg xmlns=\"http:\/\/www.w3.org\/2000\/svg\" width=\"12\" height=\"12\" fill=\"none\" viewBox=\"0 0 12 12\">\n\t\t\t\t<path fill=\"#fff\" d=\"M2 0a2 2 0 0 0-2 2v2h1.5V2a.5.5 0 0 1 .5-.5h2V0H2Zm2 10.5H2a.5.5 0 0 1-.5-.5V8H0v2a2 2 0 0 0 2 2h2v-1.5ZM8 12v-1.5h2a.5.5 0 0 0 .5-.5V8H12v2a2 2 0 0 1-2 2H8Zm2-12a2 2 0 0 1 2 2v2h-1.5V2a.5.5 0 0 0-.5-.5H8V0h2Z\" \/>\n\t\t\t<\/svg>\n\t\t<\/button><\/figure>\n<\/figure>\n","protected":false},"excerpt":{"rendered":"<p>Lab EFB, Les comp\u00e9tences qui font la diff\u00e9rence ! Mercredi 13 d\u00e9cembre, s\u2019est tenue \u00e0 l\u2019EFB&nbsp;la 6\u00e8me \u00e9dition du Pitch Day. Six \u00e9quipes d\u2019\u00e9l\u00e8ves avocats du&nbsp;Lab EFB&nbsp;ont pr\u00e9sent\u00e9 leurs projets devant le jury compos\u00e9 de&nbsp;Stephane Baller,&nbsp;Mathieu BALZARINI,&nbsp;Sophie Coin-Deleau,&nbsp;Sophie Julien,&nbsp;Hans-Christian Kast,&nbsp;Cl\u00e9mentine Kleitz,&nbsp;ANNE MANASSEWITSCH&nbsp;et&nbsp;Jean-Marc THOMAS. Le Grand Prix du Jury a \u00e9t\u00e9 d\u00e9cern\u00e9 \u00e0 l&rsquo;\u00e9quipe DROIT \u00c0 MON MASTER et le Prix du Public&nbsp;LexisNexis France&nbsp;a \u00e9t\u00e9 remport\u00e9 par l&rsquo;\u00e9quipe L&rsquo;INTERFACE. La soir\u00e9e s&rsquo;est conclue par une remise des prix suivie d&rsquo;un moment convivial autour d&rsquo;un cocktail. F\u00e9licitations \u00e0 l\u2019ensemble des finalistes et merci aux membres du&nbsp;Lab EFB Romain Hazebroucq&nbsp;et&nbsp;Fabien Masson&nbsp;!&nbsp;<\/p>\n","protected":false},"author":1,"featured_media":26365,"comment_status":"closed","ping_status":"open","sticky":false,"template":"","format":"standard","meta":{"_acf_changed":false,"footnotes":""},"categories":[1],"tags":[],"class_list":["post-26364","post","type-post","status-publish","format-standard","has-post-thumbnail","hentry","category-non-classe"],"acf":[],"yoast_head":"<!-- This site is optimized with the Yoast SEO plugin v27.4 - https:\/\/yoast.com\/product\/yoast-seo-wordpress\/ -->\n<title>La 6\u00e8me \u00e9dition du Pitch Day - efb.fr<\/title>\n<meta name=\"robots\" content=\"index, follow, max-snippet:-1, max-image-preview:large, max-video-preview:-1\" \/>\n<link rel=\"canonical\" href=\"https:\/\/wpvit.efb.fr\/index.php\/13-decembre-6eme-edition-du-pitch-day\/\" \/>\n<meta property=\"og:locale\" content=\"fr_FR\" \/>\n<meta property=\"og:type\" content=\"article\" \/>\n<meta property=\"og:title\" content=\"La 6\u00e8me \u00e9dition du Pitch Day - efb.fr\" \/>\n<meta property=\"og:description\" content=\"Lab EFB, Les comp\u00e9tences qui font la diff\u00e9rence ! Mercredi 13 d\u00e9cembre, s\u2019est tenue \u00e0 l\u2019EFB&nbsp;la 6\u00e8me \u00e9dition du Pitch Day. Six \u00e9quipes d\u2019\u00e9l\u00e8ves avocats du&nbsp;Lab EFB&nbsp;ont pr\u00e9sent\u00e9 leurs projets devant le jury compos\u00e9 de&nbsp;Stephane Baller,&nbsp;Mathieu BALZARINI,&nbsp;Sophie Coin-Deleau,&nbsp;Sophie Julien,&nbsp;Hans-Christian Kast,&nbsp;Cl\u00e9mentine Kleitz,&nbsp;ANNE MANASSEWITSCH&nbsp;et&nbsp;Jean-Marc THOMAS. Le Grand Prix du Jury a \u00e9t\u00e9 d\u00e9cern\u00e9 \u00e0 l&rsquo;\u00e9quipe DROIT \u00c0 MON MASTER et le Prix du Public&nbsp;LexisNexis France&nbsp;a \u00e9t\u00e9 remport\u00e9 par l&rsquo;\u00e9quipe L&rsquo;INTERFACE. La soir\u00e9e s&rsquo;est conclue par une remise des prix suivie d&rsquo;un moment convivial autour d&rsquo;un cocktail. F\u00e9licitations \u00e0 l\u2019ensemble des finalistes et merci aux membres du&nbsp;Lab EFB Romain Hazebroucq&nbsp;et&nbsp;Fabien Masson&nbsp;!&nbsp;\" \/>\n<meta property=\"og:url\" content=\"https:\/\/wpvit.efb.fr\/index.php\/13-decembre-6eme-edition-du-pitch-day\/\" \/>\n<meta property=\"og:site_name\" content=\"efb.fr\" \/>\n<meta property=\"article:published_time\" content=\"2023-12-13T12:44:53+00:00\" \/>\n<meta property=\"article:modified_time\" content=\"2024-05-28T08:40:38+00:00\" \/>\n<meta property=\"og:image\" content=\"https:\/\/wpvit.efb.fr\/wp-content\/uploads\/2023\/12\/PITCH-DAY-1.jpeg\" \/>\n\t<meta property=\"og:image:width\" content=\"1284\" \/>\n\t<meta property=\"og:image:height\" content=\"1100\" \/>\n\t<meta property=\"og:image:type\" content=\"image\/jpeg\" \/>\n<meta name=\"author\" content=\"wordpress_adm\" \/>\n<meta name=\"twitter:card\" content=\"summary_large_image\" \/>\n<meta name=\"twitter:label1\" content=\"\u00c9crit par\" \/>\n\t<meta name=\"twitter:data1\" content=\"wordpress_adm\" \/>\n\t<meta name=\"twitter:label2\" content=\"Dur\u00e9e de lecture estim\u00e9e\" \/>\n\t<meta name=\"twitter:data2\" content=\"2 minutes\" \/>\n<script type=\"application\/ld+json\" class=\"yoast-schema-graph\">{\"@context\":\"https:\\\/\\\/schema.org\",\"@graph\":[{\"@type\":\"Article\",\"@id\":\"https:\\\/\\\/wpvit.efb.fr\\\/index.php\\\/13-decembre-6eme-edition-du-pitch-day\\\/#article\",\"isPartOf\":{\"@id\":\"https:\\\/\\\/wpvit.efb.fr\\\/index.php\\\/13-decembre-6eme-edition-du-pitch-day\\\/\"},\"author\":{\"name\":\"wordpress_adm\",\"@id\":\"https:\\\/\\\/wpvit.efb.fr\\\/#\\\/schema\\\/person\\\/b67db37d3f915e9e119c4e66b7e2922a\"},\"headline\":\"La 6\u00e8me \u00e9dition du Pitch Day\",\"datePublished\":\"2023-12-13T12:44:53+00:00\",\"dateModified\":\"2024-05-28T08:40:38+00:00\",\"mainEntityOfPage\":{\"@id\":\"https:\\\/\\\/wpvit.efb.fr\\\/index.php\\\/13-decembre-6eme-edition-du-pitch-day\\\/\"},\"wordCount\":159,\"publisher\":{\"@id\":\"https:\\\/\\\/wpvit.efb.fr\\\/#organization\"},\"image\":{\"@id\":\"https:\\\/\\\/wpvit.efb.fr\\\/index.php\\\/13-decembre-6eme-edition-du-pitch-day\\\/#primaryimage\"},\"thumbnailUrl\":\"https:\\\/\\\/wpvit.efb.fr\\\/wp-content\\\/uploads\\\/2023\\\/12\\\/PITCH-DAY-1.jpeg\",\"inLanguage\":\"fr-FR\"},{\"@type\":\"WebPage\",\"@id\":\"https:\\\/\\\/wpvit.efb.fr\\\/index.php\\\/13-decembre-6eme-edition-du-pitch-day\\\/\",\"url\":\"https:\\\/\\\/wpvit.efb.fr\\\/index.php\\\/13-decembre-6eme-edition-du-pitch-day\\\/\",\"name\":\"La 6\u00e8me \u00e9dition du Pitch Day - efb.fr\",\"isPartOf\":{\"@id\":\"https:\\\/\\\/wpvit.efb.fr\\\/#website\"},\"primaryImageOfPage\":{\"@id\":\"https:\\\/\\\/wpvit.efb.fr\\\/index.php\\\/13-decembre-6eme-edition-du-pitch-day\\\/#primaryimage\"},\"image\":{\"@id\":\"https:\\\/\\\/wpvit.efb.fr\\\/index.php\\\/13-decembre-6eme-edition-du-pitch-day\\\/#primaryimage\"},\"thumbnailUrl\":\"https:\\\/\\\/wpvit.efb.fr\\\/wp-content\\\/uploads\\\/2023\\\/12\\\/PITCH-DAY-1.jpeg\",\"datePublished\":\"2023-12-13T12:44:53+00:00\",\"dateModified\":\"2024-05-28T08:40:38+00:00\",\"breadcrumb\":{\"@id\":\"https:\\\/\\\/wpvit.efb.fr\\\/index.php\\\/13-decembre-6eme-edition-du-pitch-day\\\/#breadcrumb\"},\"inLanguage\":\"fr-FR\",\"potentialAction\":[{\"@type\":\"ReadAction\",\"target\":[\"https:\\\/\\\/wpvit.efb.fr\\\/index.php\\\/13-decembre-6eme-edition-du-pitch-day\\\/\"]}]},{\"@type\":\"ImageObject\",\"inLanguage\":\"fr-FR\",\"@id\":\"https:\\\/\\\/wpvit.efb.fr\\\/index.php\\\/13-decembre-6eme-edition-du-pitch-day\\\/#primaryimage\",\"url\":\"https:\\\/\\\/wpvit.efb.fr\\\/wp-content\\\/uploads\\\/2023\\\/12\\\/PITCH-DAY-1.jpeg\",\"contentUrl\":\"https:\\\/\\\/wpvit.efb.fr\\\/wp-content\\\/uploads\\\/2023\\\/12\\\/PITCH-DAY-1.jpeg\",\"width\":1284,\"height\":1100},{\"@type\":\"BreadcrumbList\",\"@id\":\"https:\\\/\\\/wpvit.efb.fr\\\/index.php\\\/13-decembre-6eme-edition-du-pitch-day\\\/#breadcrumb\",\"itemListElement\":[{\"@type\":\"ListItem\",\"position\":1,\"name\":\"Accueil\",\"item\":\"https:\\\/\\\/wpvit.efb.fr\\\/\"},{\"@type\":\"ListItem\",\"position\":2,\"name\":\"La 6\u00e8me \u00e9dition du Pitch Day\"}]},{\"@type\":\"WebSite\",\"@id\":\"https:\\\/\\\/wpvit.efb.fr\\\/#website\",\"url\":\"https:\\\/\\\/wpvit.efb.fr\\\/\",\"name\":\"EFB\",\"description\":\"\",\"publisher\":{\"@id\":\"https:\\\/\\\/wpvit.efb.fr\\\/#organization\"},\"potentialAction\":[{\"@type\":\"SearchAction\",\"target\":{\"@type\":\"EntryPoint\",\"urlTemplate\":\"https:\\\/\\\/wpvit.efb.fr\\\/?s={search_term_string}\"},\"query-input\":{\"@type\":\"PropertyValueSpecification\",\"valueRequired\":true,\"valueName\":\"search_term_string\"}}],\"inLanguage\":\"fr-FR\"},{\"@type\":\"Organization\",\"@id\":\"https:\\\/\\\/wpvit.efb.fr\\\/#organization\",\"name\":\"\u00c9cole de formation professionnelle des barreaux du ressort de la cour d\u2019appel de Paris (EFB)\",\"alternateName\":\"\u00c9cole de Formation des Barreaux (EFB)\",\"url\":\"https:\\\/\\\/wpvit.efb.fr\\\/\",\"logo\":{\"@type\":\"ImageObject\",\"inLanguage\":\"fr-FR\",\"@id\":\"https:\\\/\\\/wpvit.efb.fr\\\/#\\\/schema\\\/logo\\\/image\\\/\",\"url\":\"https:\\\/\\\/wpvit.efb.fr\\\/wp-content\\\/uploads\\\/2024\\\/10\\\/cropped-Logo-EFB-2023_fond-transparent_mail.png\",\"contentUrl\":\"https:\\\/\\\/wpvit.efb.fr\\\/wp-content\\\/uploads\\\/2024\\\/10\\\/cropped-Logo-EFB-2023_fond-transparent_mail.png\",\"width\":638,\"height\":282,\"caption\":\"\u00c9cole de formation professionnelle des barreaux du ressort de la cour d\u2019appel de Paris (EFB)\"},\"image\":{\"@id\":\"https:\\\/\\\/wpvit.efb.fr\\\/#\\\/schema\\\/logo\\\/image\\\/\"}},{\"@type\":\"Person\",\"@id\":\"https:\\\/\\\/wpvit.efb.fr\\\/#\\\/schema\\\/person\\\/b67db37d3f915e9e119c4e66b7e2922a\",\"name\":\"wordpress_adm\",\"image\":{\"@type\":\"ImageObject\",\"inLanguage\":\"fr-FR\",\"@id\":\"https:\\\/\\\/secure.gravatar.com\\\/avatar\\\/093d90a8ac85d0ebd9579948e52b601bab9901593d225105f51d6c1f47cde80a?s=96&d=mm&r=g\",\"url\":\"https:\\\/\\\/secure.gravatar.com\\\/avatar\\\/093d90a8ac85d0ebd9579948e52b601bab9901593d225105f51d6c1f47cde80a?s=96&d=mm&r=g\",\"contentUrl\":\"https:\\\/\\\/secure.gravatar.com\\\/avatar\\\/093d90a8ac85d0ebd9579948e52b601bab9901593d225105f51d6c1f47cde80a?s=96&d=mm&r=g\",\"caption\":\"wordpress_adm\"},\"sameAs\":[\"http:\\\/\\\/wpvit.efb.fr\"],\"url\":\"https:\\\/\\\/wpvit.efb.fr\\\/index.php\\\/author\\\/wordpress_adm\\\/\"}]}<\/script>\n<!-- \/ Yoast SEO plugin. -->","yoast_head_json":{"title":"La 6\u00e8me \u00e9dition du Pitch Day - efb.fr","robots":{"index":"index","follow":"follow","max-snippet":"max-snippet:-1","max-image-preview":"max-image-preview:large","max-video-preview":"max-video-preview:-1"},"canonical":"https:\/\/wpvit.efb.fr\/index.php\/13-decembre-6eme-edition-du-pitch-day\/","og_locale":"fr_FR","og_type":"article","og_title":"La 6\u00e8me \u00e9dition du Pitch Day - efb.fr","og_description":"Lab EFB, Les comp\u00e9tences qui font la diff\u00e9rence ! Mercredi 13 d\u00e9cembre, s\u2019est tenue \u00e0 l\u2019EFB&nbsp;la 6\u00e8me \u00e9dition du Pitch Day. Six \u00e9quipes d\u2019\u00e9l\u00e8ves avocats du&nbsp;Lab EFB&nbsp;ont pr\u00e9sent\u00e9 leurs projets devant le jury compos\u00e9 de&nbsp;Stephane Baller,&nbsp;Mathieu BALZARINI,&nbsp;Sophie Coin-Deleau,&nbsp;Sophie Julien,&nbsp;Hans-Christian Kast,&nbsp;Cl\u00e9mentine Kleitz,&nbsp;ANNE MANASSEWITSCH&nbsp;et&nbsp;Jean-Marc THOMAS. Le Grand Prix du Jury a \u00e9t\u00e9 d\u00e9cern\u00e9 \u00e0 l&rsquo;\u00e9quipe DROIT \u00c0 MON MASTER et le Prix du Public&nbsp;LexisNexis France&nbsp;a \u00e9t\u00e9 remport\u00e9 par l&rsquo;\u00e9quipe L&rsquo;INTERFACE. La soir\u00e9e s&rsquo;est conclue par une remise des prix suivie d&rsquo;un moment convivial autour d&rsquo;un cocktail. F\u00e9licitations \u00e0 l\u2019ensemble des finalistes et merci aux membres du&nbsp;Lab EFB Romain Hazebroucq&nbsp;et&nbsp;Fabien Masson&nbsp;!&nbsp;","og_url":"https:\/\/wpvit.efb.fr\/index.php\/13-decembre-6eme-edition-du-pitch-day\/","og_site_name":"efb.fr","article_published_time":"2023-12-13T12:44:53+00:00","article_modified_time":"2024-05-28T08:40:38+00:00","og_image":[{"width":1284,"height":1100,"url":"https:\/\/wpvit.efb.fr\/wp-content\/uploads\/2023\/12\/PITCH-DAY-1.jpeg","type":"image\/jpeg"}],"author":"wordpress_adm","twitter_card":"summary_large_image","twitter_misc":{"\u00c9crit par":"wordpress_adm","Dur\u00e9e de lecture estim\u00e9e":"2 minutes"},"schema":{"@context":"https:\/\/schema.org","@graph":[{"@type":"Article","@id":"https:\/\/wpvit.efb.fr\/index.php\/13-decembre-6eme-edition-du-pitch-day\/#article","isPartOf":{"@id":"https:\/\/wpvit.efb.fr\/index.php\/13-decembre-6eme-edition-du-pitch-day\/"},"author":{"name":"wordpress_adm","@id":"https:\/\/wpvit.efb.fr\/#\/schema\/person\/b67db37d3f915e9e119c4e66b7e2922a"},"headline":"La 6\u00e8me \u00e9dition du Pitch Day","datePublished":"2023-12-13T12:44:53+00:00","dateModified":"2024-05-28T08:40:38+00:00","mainEntityOfPage":{"@id":"https:\/\/wpvit.efb.fr\/index.php\/13-decembre-6eme-edition-du-pitch-day\/"},"wordCount":159,"publisher":{"@id":"https:\/\/wpvit.efb.fr\/#organization"},"image":{"@id":"https:\/\/wpvit.efb.fr\/index.php\/13-decembre-6eme-edition-du-pitch-day\/#primaryimage"},"thumbnailUrl":"https:\/\/wpvit.efb.fr\/wp-content\/uploads\/2023\/12\/PITCH-DAY-1.jpeg","inLanguage":"fr-FR"},{"@type":"WebPage","@id":"https:\/\/wpvit.efb.fr\/index.php\/13-decembre-6eme-edition-du-pitch-day\/","url":"https:\/\/wpvit.efb.fr\/index.php\/13-decembre-6eme-edition-du-pitch-day\/","name":"La 6\u00e8me \u00e9dition du Pitch Day - efb.fr","isPartOf":{"@id":"https:\/\/wpvit.efb.fr\/#website"},"primaryImageOfPage":{"@id":"https:\/\/wpvit.efb.fr\/index.php\/13-decembre-6eme-edition-du-pitch-day\/#primaryimage"},"image":{"@id":"https:\/\/wpvit.efb.fr\/index.php\/13-decembre-6eme-edition-du-pitch-day\/#primaryimage"},"thumbnailUrl":"https:\/\/wpvit.efb.fr\/wp-content\/uploads\/2023\/12\/PITCH-DAY-1.jpeg","datePublished":"2023-12-13T12:44:53+00:00","dateModified":"2024-05-28T08:40:38+00:00","breadcrumb":{"@id":"https:\/\/wpvit.efb.fr\/index.php\/13-decembre-6eme-edition-du-pitch-day\/#breadcrumb"},"inLanguage":"fr-FR","potentialAction":[{"@type":"ReadAction","target":["https:\/\/wpvit.efb.fr\/index.php\/13-decembre-6eme-edition-du-pitch-day\/"]}]},{"@type":"ImageObject","inLanguage":"fr-FR","@id":"https:\/\/wpvit.efb.fr\/index.php\/13-decembre-6eme-edition-du-pitch-day\/#primaryimage","url":"https:\/\/wpvit.efb.fr\/wp-content\/uploads\/2023\/12\/PITCH-DAY-1.jpeg","contentUrl":"https:\/\/wpvit.efb.fr\/wp-content\/uploads\/2023\/12\/PITCH-DAY-1.jpeg","width":1284,"height":1100},{"@type":"BreadcrumbList","@id":"https:\/\/wpvit.efb.fr\/index.php\/13-decembre-6eme-edition-du-pitch-day\/#breadcrumb","itemListElement":[{"@type":"ListItem","position":1,"name":"Accueil","item":"https:\/\/wpvit.efb.fr\/"},{"@type":"ListItem","position":2,"name":"La 6\u00e8me \u00e9dition du Pitch Day"}]},{"@type":"WebSite","@id":"https:\/\/wpvit.efb.fr\/#website","url":"https:\/\/wpvit.efb.fr\/","name":"EFB","description":"","publisher":{"@id":"https:\/\/wpvit.efb.fr\/#organization"},"potentialAction":[{"@type":"SearchAction","target":{"@type":"EntryPoint","urlTemplate":"https:\/\/wpvit.efb.fr\/?s={search_term_string}"},"query-input":{"@type":"PropertyValueSpecification","valueRequired":true,"valueName":"search_term_string"}}],"inLanguage":"fr-FR"},{"@type":"Organization","@id":"https:\/\/wpvit.efb.fr\/#organization","name":"\u00c9cole de formation professionnelle des barreaux du ressort de la cour d\u2019appel de Paris (EFB)","alternateName":"\u00c9cole de Formation des Barreaux (EFB)","url":"https:\/\/wpvit.efb.fr\/","logo":{"@type":"ImageObject","inLanguage":"fr-FR","@id":"https:\/\/wpvit.efb.fr\/#\/schema\/logo\/image\/","url":"https:\/\/wpvit.efb.fr\/wp-content\/uploads\/2024\/10\/cropped-Logo-EFB-2023_fond-transparent_mail.png","contentUrl":"https:\/\/wpvit.efb.fr\/wp-content\/uploads\/2024\/10\/cropped-Logo-EFB-2023_fond-transparent_mail.png","width":638,"height":282,"caption":"\u00c9cole de formation professionnelle des barreaux du ressort de la cour d\u2019appel de Paris (EFB)"},"image":{"@id":"https:\/\/wpvit.efb.fr\/#\/schema\/logo\/image\/"}},{"@type":"Person","@id":"https:\/\/wpvit.efb.fr\/#\/schema\/person\/b67db37d3f915e9e119c4e66b7e2922a","name":"wordpress_adm","image":{"@type":"ImageObject","inLanguage":"fr-FR","@id":"https:\/\/secure.gravatar.com\/avatar\/093d90a8ac85d0ebd9579948e52b601bab9901593d225105f51d6c1f47cde80a?s=96&d=mm&r=g","url":"https:\/\/secure.gravatar.com\/avatar\/093d90a8ac85d0ebd9579948e52b601bab9901593d225105f51d6c1f47cde80a?s=96&d=mm&r=g","contentUrl":"https:\/\/secure.gravatar.com\/avatar\/093d90a8ac85d0ebd9579948e52b601bab9901593d225105f51d6c1f47cde80a?s=96&d=mm&r=g","caption":"wordpress_adm"},"sameAs":["http:\/\/wpvit.efb.fr"],"url":"https:\/\/wpvit.efb.fr\/index.php\/author\/wordpress_adm\/"}]}},"_links":{"self":[{"href":"https:\/\/wpvit.efb.fr\/index.php\/wp-json\/wp\/v2\/posts\/26364","targetHints":{"allow":["GET"]}}],"collection":[{"href":"https:\/\/wpvit.efb.fr\/index.php\/wp-json\/wp\/v2\/posts"}],"about":[{"href":"https:\/\/wpvit.efb.fr\/index.php\/wp-json\/wp\/v2\/types\/post"}],"author":[{"embeddable":true,"href":"https:\/\/wpvit.efb.fr\/index.php\/wp-json\/wp\/v2\/users\/1"}],"replies":[{"embeddable":true,"href":"https:\/\/wpvit.efb.fr\/index.php\/wp-json\/wp\/v2\/comments?post=26364"}],"version-history":[{"count":5,"href":"https:\/\/wpvit.efb.fr\/index.php\/wp-json\/wp\/v2\/posts\/26364\/revisions"}],"predecessor-version":[{"id":29432,"href":"https:\/\/wpvit.efb.fr\/index.php\/wp-json\/wp\/v2\/posts\/26364\/revisions\/29432"}],"wp:featuredmedia":[{"embeddable":true,"href":"https:\/\/wpvit.efb.fr\/index.php\/wp-json\/wp\/v2\/media\/26365"}],"wp:attachment":[{"href":"https:\/\/wpvit.efb.fr\/index.php\/wp-json\/wp\/v2\/media?parent=26364"}],"wp:term":[{"taxonomy":"category","embeddable":true,"href":"https:\/\/wpvit.efb.fr\/index.php\/wp-json\/wp\/v2\/categories?post=26364"},{"taxonomy":"post_tag","embeddable":true,"href":"https:\/\/wpvit.efb.fr\/index.php\/wp-json\/wp\/v2\/tags?post=26364"}],"curies":[{"name":"wp","href":"https:\/\/api.w.org\/{rel}","templated":true}]}}