{"id":28757,"date":"2024-04-22T00:00:06","date_gmt":"2024-04-21T22:00:06","guid":{"rendered":"https:\/\/wpvit.efb.fr\/?p=28757"},"modified":"2024-05-28T10:33:26","modified_gmt":"2024-05-28T08:33:26","slug":"22-au-24-avril-2024-10e-edition-du-seminaire-dallemagne-a-dusseldorf","status":"publish","type":"post","link":"https:\/\/wpvit.efb.fr\/index.php\/22-au-24-avril-2024-10e-edition-du-seminaire-dallemagne-a-dusseldorf\/","title":{"rendered":"10\u00e8me \u00e9dition du S\u00e9minaire d&rsquo;Allemagne \u00e0 D\u00fcsseldorf"},"content":{"rendered":"\n<p>Du 22 au 24 avril 2024 se tenait la 10\u00e8me \u00e9dition du S\u00e9minaire Allemand \u00e0 D\u00fcsseldorf.<\/p>\n\n\n\n<p>Un groupe de 8 \u00e9l\u00e8ves germanophones a assist\u00e9 \u00e0 la 10e \u00e9dition de ce s\u00e9minaire qui vise \u00e0 d\u00e9couvrir\u00a0le syst\u00e8me juridique allemand mais aussi \u00e0 nouer des liens culturels et professionnels gr\u00e2ce \u00e0 des rencontres avec des magistrats, avocats et r\u00e9f\u00e9rendaires (stagiaires en formation judiciaire) du Land de Rh\u00e9nanie du Nord Westphalie.<\/p>\n\n\n\n<p>Une exp\u00e9rience riche en rencontres et opportunit\u00e9s&nbsp;!&nbsp;&nbsp;<\/p>\n\n\n\n<figure class=\"wp-block-gallery has-nested-images columns-2 is-cropped wp-block-gallery-1 is-layout-flex wp-block-gallery-is-layout-flex\">\n<figure class=\"wp-block-image size-full\"><a href=\"https:\/\/wpvit.efb.fr\/wp-content\/uploads\/2024\/05\/2-1.jpg\"><img fetchpriority=\"high\" decoding=\"async\" width=\"1600\" height=\"1200\" data-id=\"28759\" src=\"https:\/\/wpvit.efb.fr\/wp-content\/uploads\/2024\/05\/2-1.jpg\" alt=\"\" class=\"wp-image-28759\" srcset=\"https:\/\/wpvit.efb.fr\/wp-content\/uploads\/2024\/05\/2-1.jpg 1600w, https:\/\/wpvit.efb.fr\/wp-content\/uploads\/2024\/05\/2-1-300x225.jpg 300w, https:\/\/wpvit.efb.fr\/wp-content\/uploads\/2024\/05\/2-1-1024x768.jpg 1024w, https:\/\/wpvit.efb.fr\/wp-content\/uploads\/2024\/05\/2-1-768x576.jpg 768w, https:\/\/wpvit.efb.fr\/wp-content\/uploads\/2024\/05\/2-1-1536x1152.jpg 1536w\" sizes=\"(max-width: 1600px) 100vw, 1600px\" \/><\/a><\/figure>\n\n\n\n<figure data-wp-context=\"{&quot;imageId&quot;:&quot;69f4975819449&quot;}\" data-wp-interactive=\"core\/image\" data-wp-key=\"69f4975819449\" class=\"wp-block-image size-full wp-lightbox-container\"><img decoding=\"async\" width=\"1227\" height=\"1227\" data-wp-class--hide=\"state.isContentHidden\" data-wp-class--show=\"state.isContentVisible\" data-wp-init=\"callbacks.setButtonStyles\" data-wp-on--click=\"actions.showLightbox\" data-wp-on--load=\"callbacks.setButtonStyles\" data-wp-on-window--resize=\"callbacks.setButtonStyles\" data-id=\"28772\" src=\"https:\/\/wpvit.efb.fr\/wp-content\/uploads\/2024\/05\/1-1-edited-1.jpeg\" alt=\"\" class=\"wp-image-28772\" srcset=\"https:\/\/wpvit.efb.fr\/wp-content\/uploads\/2024\/05\/1-1-edited-1.jpeg 1227w, https:\/\/wpvit.efb.fr\/wp-content\/uploads\/2024\/05\/1-1-edited-1-300x300.jpeg 300w, https:\/\/wpvit.efb.fr\/wp-content\/uploads\/2024\/05\/1-1-edited-1-1024x1024.jpeg 1024w, https:\/\/wpvit.efb.fr\/wp-content\/uploads\/2024\/05\/1-1-edited-1-150x150.jpeg 150w, https:\/\/wpvit.efb.fr\/wp-content\/uploads\/2024\/05\/1-1-edited-1-768x768.jpeg 768w\" sizes=\"(max-width: 1227px) 100vw, 1227px\" \/><button\n\t\t\tclass=\"lightbox-trigger\"\n\t\t\ttype=\"button\"\n\t\t\taria-haspopup=\"dialog\"\n\t\t\taria-label=\"Agrandir\"\n\t\t\tdata-wp-init=\"callbacks.initTriggerButton\"\n\t\t\tdata-wp-on--click=\"actions.showLightbox\"\n\t\t\tdata-wp-style--right=\"state.imageButtonRight\"\n\t\t\tdata-wp-style--top=\"state.imageButtonTop\"\n\t\t>\n\t\t\t<svg xmlns=\"http:\/\/www.w3.org\/2000\/svg\" width=\"12\" height=\"12\" fill=\"none\" viewBox=\"0 0 12 12\">\n\t\t\t\t<path fill=\"#fff\" d=\"M2 0a2 2 0 0 0-2 2v2h1.5V2a.5.5 0 0 1 .5-.5h2V0H2Zm2 10.5H2a.5.5 0 0 1-.5-.5V8H0v2a2 2 0 0 0 2 2h2v-1.5ZM8 12v-1.5h2a.5.5 0 0 0 .5-.5V8H12v2a2 2 0 0 1-2 2H8Zm2-12a2 2 0 0 1 2 2v2h-1.5V2a.5.5 0 0 0-.5-.5H8V0h2Z\" \/>\n\t\t\t<\/svg>\n\t\t<\/button><\/figure>\n<\/figure>\n","protected":false},"excerpt":{"rendered":"<p>Du 22 au 24 avril 2024 se tenait la 10\u00e8me \u00e9dition du S\u00e9minaire Allemand \u00e0 D\u00fcsseldorf. Un groupe de 8 \u00e9l\u00e8ves germanophones a assist\u00e9 \u00e0 la 10e \u00e9dition de ce s\u00e9minaire qui vise \u00e0 d\u00e9couvrir\u00a0le syst\u00e8me juridique allemand mais aussi \u00e0 nouer des liens culturels et professionnels gr\u00e2ce \u00e0 des rencontres avec des magistrats, avocats et r\u00e9f\u00e9rendaires (stagiaires en formation judiciaire) du Land de Rh\u00e9nanie du Nord Westphalie. Une exp\u00e9rience riche en rencontres et opportunit\u00e9s&nbsp;!&nbsp;&nbsp;<\/p>\n","protected":false},"author":1,"featured_media":28759,"comment_status":"closed","ping_status":"open","sticky":false,"template":"","format":"standard","meta":{"_acf_changed":false,"footnotes":""},"categories":[1],"tags":[],"class_list":["post-28757","post","type-post","status-publish","format-standard","has-post-thumbnail","hentry","category-non-classe"],"acf":[],"yoast_head":"<!-- This site is optimized with the Yoast SEO plugin v27.4 - https:\/\/yoast.com\/product\/yoast-seo-wordpress\/ -->\n<title>10\u00e8me \u00e9dition du S\u00e9minaire d&#039;Allemagne \u00e0 D\u00fcsseldorf - efb.fr<\/title>\n<meta name=\"robots\" content=\"index, follow, max-snippet:-1, max-image-preview:large, max-video-preview:-1\" \/>\n<link rel=\"canonical\" href=\"https:\/\/wpvit.efb.fr\/index.php\/22-au-24-avril-2024-10e-edition-du-seminaire-dallemagne-a-dusseldorf\/\" \/>\n<meta property=\"og:locale\" content=\"fr_FR\" \/>\n<meta property=\"og:type\" content=\"article\" \/>\n<meta property=\"og:title\" content=\"10\u00e8me \u00e9dition du S\u00e9minaire d&#039;Allemagne \u00e0 D\u00fcsseldorf - efb.fr\" \/>\n<meta property=\"og:description\" content=\"Du 22 au 24 avril 2024 se tenait la 10\u00e8me \u00e9dition du S\u00e9minaire Allemand \u00e0 D\u00fcsseldorf. Un groupe de 8 \u00e9l\u00e8ves germanophones a assist\u00e9 \u00e0 la 10e \u00e9dition de ce s\u00e9minaire qui vise \u00e0 d\u00e9couvrir\u00a0le syst\u00e8me juridique allemand mais aussi \u00e0 nouer des liens culturels et professionnels gr\u00e2ce \u00e0 des rencontres avec des magistrats, avocats et r\u00e9f\u00e9rendaires (stagiaires en formation judiciaire) du Land de Rh\u00e9nanie du Nord Westphalie. Une exp\u00e9rience riche en rencontres et opportunit\u00e9s&nbsp;!&nbsp;&nbsp;\" \/>\n<meta property=\"og:url\" content=\"https:\/\/wpvit.efb.fr\/index.php\/22-au-24-avril-2024-10e-edition-du-seminaire-dallemagne-a-dusseldorf\/\" \/>\n<meta property=\"og:site_name\" content=\"efb.fr\" \/>\n<meta property=\"article:published_time\" content=\"2024-04-21T22:00:06+00:00\" \/>\n<meta property=\"article:modified_time\" content=\"2024-05-28T08:33:26+00:00\" \/>\n<meta property=\"og:image\" content=\"https:\/\/wpvit.efb.fr\/wp-content\/uploads\/2024\/05\/2-1.jpg\" \/>\n\t<meta property=\"og:image:width\" content=\"1600\" \/>\n\t<meta property=\"og:image:height\" content=\"1200\" \/>\n\t<meta property=\"og:image:type\" content=\"image\/jpeg\" \/>\n<meta name=\"author\" content=\"wordpress_adm\" \/>\n<meta name=\"twitter:card\" content=\"summary_large_image\" \/>\n<meta name=\"twitter:label1\" content=\"\u00c9crit par\" \/>\n\t<meta name=\"twitter:data1\" content=\"wordpress_adm\" \/>\n\t<meta name=\"twitter:label2\" content=\"Dur\u00e9e de lecture estim\u00e9e\" \/>\n\t<meta name=\"twitter:data2\" content=\"1 minute\" \/>\n<script type=\"application\/ld+json\" class=\"yoast-schema-graph\">{\"@context\":\"https:\\\/\\\/schema.org\",\"@graph\":[{\"@type\":\"Article\",\"@id\":\"https:\\\/\\\/wpvit.efb.fr\\\/index.php\\\/22-au-24-avril-2024-10e-edition-du-seminaire-dallemagne-a-dusseldorf\\\/#article\",\"isPartOf\":{\"@id\":\"https:\\\/\\\/wpvit.efb.fr\\\/index.php\\\/22-au-24-avril-2024-10e-edition-du-seminaire-dallemagne-a-dusseldorf\\\/\"},\"author\":{\"name\":\"wordpress_adm\",\"@id\":\"https:\\\/\\\/wpvit.efb.fr\\\/#\\\/schema\\\/person\\\/b67db37d3f915e9e119c4e66b7e2922a\"},\"headline\":\"10\u00e8me \u00e9dition du S\u00e9minaire d&rsquo;Allemagne \u00e0 D\u00fcsseldorf\",\"datePublished\":\"2024-04-21T22:00:06+00:00\",\"dateModified\":\"2024-05-28T08:33:26+00:00\",\"mainEntityOfPage\":{\"@id\":\"https:\\\/\\\/wpvit.efb.fr\\\/index.php\\\/22-au-24-avril-2024-10e-edition-du-seminaire-dallemagne-a-dusseldorf\\\/\"},\"wordCount\":91,\"publisher\":{\"@id\":\"https:\\\/\\\/wpvit.efb.fr\\\/#organization\"},\"image\":{\"@id\":\"https:\\\/\\\/wpvit.efb.fr\\\/index.php\\\/22-au-24-avril-2024-10e-edition-du-seminaire-dallemagne-a-dusseldorf\\\/#primaryimage\"},\"thumbnailUrl\":\"https:\\\/\\\/wpvit.efb.fr\\\/wp-content\\\/uploads\\\/2024\\\/05\\\/2-1.jpg\",\"inLanguage\":\"fr-FR\"},{\"@type\":\"WebPage\",\"@id\":\"https:\\\/\\\/wpvit.efb.fr\\\/index.php\\\/22-au-24-avril-2024-10e-edition-du-seminaire-dallemagne-a-dusseldorf\\\/\",\"url\":\"https:\\\/\\\/wpvit.efb.fr\\\/index.php\\\/22-au-24-avril-2024-10e-edition-du-seminaire-dallemagne-a-dusseldorf\\\/\",\"name\":\"10\u00e8me \u00e9dition du S\u00e9minaire d'Allemagne \u00e0 D\u00fcsseldorf - efb.fr\",\"isPartOf\":{\"@id\":\"https:\\\/\\\/wpvit.efb.fr\\\/#website\"},\"primaryImageOfPage\":{\"@id\":\"https:\\\/\\\/wpvit.efb.fr\\\/index.php\\\/22-au-24-avril-2024-10e-edition-du-seminaire-dallemagne-a-dusseldorf\\\/#primaryimage\"},\"image\":{\"@id\":\"https:\\\/\\\/wpvit.efb.fr\\\/index.php\\\/22-au-24-avril-2024-10e-edition-du-seminaire-dallemagne-a-dusseldorf\\\/#primaryimage\"},\"thumbnailUrl\":\"https:\\\/\\\/wpvit.efb.fr\\\/wp-content\\\/uploads\\\/2024\\\/05\\\/2-1.jpg\",\"datePublished\":\"2024-04-21T22:00:06+00:00\",\"dateModified\":\"2024-05-28T08:33:26+00:00\",\"breadcrumb\":{\"@id\":\"https:\\\/\\\/wpvit.efb.fr\\\/index.php\\\/22-au-24-avril-2024-10e-edition-du-seminaire-dallemagne-a-dusseldorf\\\/#breadcrumb\"},\"inLanguage\":\"fr-FR\",\"potentialAction\":[{\"@type\":\"ReadAction\",\"target\":[\"https:\\\/\\\/wpvit.efb.fr\\\/index.php\\\/22-au-24-avril-2024-10e-edition-du-seminaire-dallemagne-a-dusseldorf\\\/\"]}]},{\"@type\":\"ImageObject\",\"inLanguage\":\"fr-FR\",\"@id\":\"https:\\\/\\\/wpvit.efb.fr\\\/index.php\\\/22-au-24-avril-2024-10e-edition-du-seminaire-dallemagne-a-dusseldorf\\\/#primaryimage\",\"url\":\"https:\\\/\\\/wpvit.efb.fr\\\/wp-content\\\/uploads\\\/2024\\\/05\\\/2-1.jpg\",\"contentUrl\":\"https:\\\/\\\/wpvit.efb.fr\\\/wp-content\\\/uploads\\\/2024\\\/05\\\/2-1.jpg\",\"width\":1600,\"height\":1200},{\"@type\":\"BreadcrumbList\",\"@id\":\"https:\\\/\\\/wpvit.efb.fr\\\/index.php\\\/22-au-24-avril-2024-10e-edition-du-seminaire-dallemagne-a-dusseldorf\\\/#breadcrumb\",\"itemListElement\":[{\"@type\":\"ListItem\",\"position\":1,\"name\":\"Accueil\",\"item\":\"https:\\\/\\\/wpvit.efb.fr\\\/\"},{\"@type\":\"ListItem\",\"position\":2,\"name\":\"10\u00e8me \u00e9dition du S\u00e9minaire d&#8217;Allemagne \u00e0 D\u00fcsseldorf\"}]},{\"@type\":\"WebSite\",\"@id\":\"https:\\\/\\\/wpvit.efb.fr\\\/#website\",\"url\":\"https:\\\/\\\/wpvit.efb.fr\\\/\",\"name\":\"EFB\",\"description\":\"\",\"publisher\":{\"@id\":\"https:\\\/\\\/wpvit.efb.fr\\\/#organization\"},\"potentialAction\":[{\"@type\":\"SearchAction\",\"target\":{\"@type\":\"EntryPoint\",\"urlTemplate\":\"https:\\\/\\\/wpvit.efb.fr\\\/?s={search_term_string}\"},\"query-input\":{\"@type\":\"PropertyValueSpecification\",\"valueRequired\":true,\"valueName\":\"search_term_string\"}}],\"inLanguage\":\"fr-FR\"},{\"@type\":\"Organization\",\"@id\":\"https:\\\/\\\/wpvit.efb.fr\\\/#organization\",\"name\":\"\u00c9cole de formation professionnelle des barreaux du ressort de la cour d\u2019appel de Paris (EFB)\",\"alternateName\":\"\u00c9cole de Formation des Barreaux (EFB)\",\"url\":\"https:\\\/\\\/wpvit.efb.fr\\\/\",\"logo\":{\"@type\":\"ImageObject\",\"inLanguage\":\"fr-FR\",\"@id\":\"https:\\\/\\\/wpvit.efb.fr\\\/#\\\/schema\\\/logo\\\/image\\\/\",\"url\":\"https:\\\/\\\/wpvit.efb.fr\\\/wp-content\\\/uploads\\\/2024\\\/10\\\/cropped-Logo-EFB-2023_fond-transparent_mail.png\",\"contentUrl\":\"https:\\\/\\\/wpvit.efb.fr\\\/wp-content\\\/uploads\\\/2024\\\/10\\\/cropped-Logo-EFB-2023_fond-transparent_mail.png\",\"width\":638,\"height\":282,\"caption\":\"\u00c9cole de formation professionnelle des barreaux du ressort de la cour d\u2019appel de Paris (EFB)\"},\"image\":{\"@id\":\"https:\\\/\\\/wpvit.efb.fr\\\/#\\\/schema\\\/logo\\\/image\\\/\"}},{\"@type\":\"Person\",\"@id\":\"https:\\\/\\\/wpvit.efb.fr\\\/#\\\/schema\\\/person\\\/b67db37d3f915e9e119c4e66b7e2922a\",\"name\":\"wordpress_adm\",\"image\":{\"@type\":\"ImageObject\",\"inLanguage\":\"fr-FR\",\"@id\":\"https:\\\/\\\/secure.gravatar.com\\\/avatar\\\/093d90a8ac85d0ebd9579948e52b601bab9901593d225105f51d6c1f47cde80a?s=96&d=mm&r=g\",\"url\":\"https:\\\/\\\/secure.gravatar.com\\\/avatar\\\/093d90a8ac85d0ebd9579948e52b601bab9901593d225105f51d6c1f47cde80a?s=96&d=mm&r=g\",\"contentUrl\":\"https:\\\/\\\/secure.gravatar.com\\\/avatar\\\/093d90a8ac85d0ebd9579948e52b601bab9901593d225105f51d6c1f47cde80a?s=96&d=mm&r=g\",\"caption\":\"wordpress_adm\"},\"sameAs\":[\"http:\\\/\\\/wpvit.efb.fr\"],\"url\":\"https:\\\/\\\/wpvit.efb.fr\\\/index.php\\\/author\\\/wordpress_adm\\\/\"}]}<\/script>\n<!-- \/ Yoast SEO plugin. -->","yoast_head_json":{"title":"10\u00e8me \u00e9dition du S\u00e9minaire d'Allemagne \u00e0 D\u00fcsseldorf - efb.fr","robots":{"index":"index","follow":"follow","max-snippet":"max-snippet:-1","max-image-preview":"max-image-preview:large","max-video-preview":"max-video-preview:-1"},"canonical":"https:\/\/wpvit.efb.fr\/index.php\/22-au-24-avril-2024-10e-edition-du-seminaire-dallemagne-a-dusseldorf\/","og_locale":"fr_FR","og_type":"article","og_title":"10\u00e8me \u00e9dition du S\u00e9minaire d'Allemagne \u00e0 D\u00fcsseldorf - efb.fr","og_description":"Du 22 au 24 avril 2024 se tenait la 10\u00e8me \u00e9dition du S\u00e9minaire Allemand \u00e0 D\u00fcsseldorf. Un groupe de 8 \u00e9l\u00e8ves germanophones a assist\u00e9 \u00e0 la 10e \u00e9dition de ce s\u00e9minaire qui vise \u00e0 d\u00e9couvrir\u00a0le syst\u00e8me juridique allemand mais aussi \u00e0 nouer des liens culturels et professionnels gr\u00e2ce \u00e0 des rencontres avec des magistrats, avocats et r\u00e9f\u00e9rendaires (stagiaires en formation judiciaire) du Land de Rh\u00e9nanie du Nord Westphalie. Une exp\u00e9rience riche en rencontres et opportunit\u00e9s&nbsp;!&nbsp;&nbsp;","og_url":"https:\/\/wpvit.efb.fr\/index.php\/22-au-24-avril-2024-10e-edition-du-seminaire-dallemagne-a-dusseldorf\/","og_site_name":"efb.fr","article_published_time":"2024-04-21T22:00:06+00:00","article_modified_time":"2024-05-28T08:33:26+00:00","og_image":[{"width":1600,"height":1200,"url":"https:\/\/wpvit.efb.fr\/wp-content\/uploads\/2024\/05\/2-1.jpg","type":"image\/jpeg"}],"author":"wordpress_adm","twitter_card":"summary_large_image","twitter_misc":{"\u00c9crit par":"wordpress_adm","Dur\u00e9e de lecture estim\u00e9e":"1 minute"},"schema":{"@context":"https:\/\/schema.org","@graph":[{"@type":"Article","@id":"https:\/\/wpvit.efb.fr\/index.php\/22-au-24-avril-2024-10e-edition-du-seminaire-dallemagne-a-dusseldorf\/#article","isPartOf":{"@id":"https:\/\/wpvit.efb.fr\/index.php\/22-au-24-avril-2024-10e-edition-du-seminaire-dallemagne-a-dusseldorf\/"},"author":{"name":"wordpress_adm","@id":"https:\/\/wpvit.efb.fr\/#\/schema\/person\/b67db37d3f915e9e119c4e66b7e2922a"},"headline":"10\u00e8me \u00e9dition du S\u00e9minaire d&rsquo;Allemagne \u00e0 D\u00fcsseldorf","datePublished":"2024-04-21T22:00:06+00:00","dateModified":"2024-05-28T08:33:26+00:00","mainEntityOfPage":{"@id":"https:\/\/wpvit.efb.fr\/index.php\/22-au-24-avril-2024-10e-edition-du-seminaire-dallemagne-a-dusseldorf\/"},"wordCount":91,"publisher":{"@id":"https:\/\/wpvit.efb.fr\/#organization"},"image":{"@id":"https:\/\/wpvit.efb.fr\/index.php\/22-au-24-avril-2024-10e-edition-du-seminaire-dallemagne-a-dusseldorf\/#primaryimage"},"thumbnailUrl":"https:\/\/wpvit.efb.fr\/wp-content\/uploads\/2024\/05\/2-1.jpg","inLanguage":"fr-FR"},{"@type":"WebPage","@id":"https:\/\/wpvit.efb.fr\/index.php\/22-au-24-avril-2024-10e-edition-du-seminaire-dallemagne-a-dusseldorf\/","url":"https:\/\/wpvit.efb.fr\/index.php\/22-au-24-avril-2024-10e-edition-du-seminaire-dallemagne-a-dusseldorf\/","name":"10\u00e8me \u00e9dition du S\u00e9minaire d'Allemagne \u00e0 D\u00fcsseldorf - efb.fr","isPartOf":{"@id":"https:\/\/wpvit.efb.fr\/#website"},"primaryImageOfPage":{"@id":"https:\/\/wpvit.efb.fr\/index.php\/22-au-24-avril-2024-10e-edition-du-seminaire-dallemagne-a-dusseldorf\/#primaryimage"},"image":{"@id":"https:\/\/wpvit.efb.fr\/index.php\/22-au-24-avril-2024-10e-edition-du-seminaire-dallemagne-a-dusseldorf\/#primaryimage"},"thumbnailUrl":"https:\/\/wpvit.efb.fr\/wp-content\/uploads\/2024\/05\/2-1.jpg","datePublished":"2024-04-21T22:00:06+00:00","dateModified":"2024-05-28T08:33:26+00:00","breadcrumb":{"@id":"https:\/\/wpvit.efb.fr\/index.php\/22-au-24-avril-2024-10e-edition-du-seminaire-dallemagne-a-dusseldorf\/#breadcrumb"},"inLanguage":"fr-FR","potentialAction":[{"@type":"ReadAction","target":["https:\/\/wpvit.efb.fr\/index.php\/22-au-24-avril-2024-10e-edition-du-seminaire-dallemagne-a-dusseldorf\/"]}]},{"@type":"ImageObject","inLanguage":"fr-FR","@id":"https:\/\/wpvit.efb.fr\/index.php\/22-au-24-avril-2024-10e-edition-du-seminaire-dallemagne-a-dusseldorf\/#primaryimage","url":"https:\/\/wpvit.efb.fr\/wp-content\/uploads\/2024\/05\/2-1.jpg","contentUrl":"https:\/\/wpvit.efb.fr\/wp-content\/uploads\/2024\/05\/2-1.jpg","width":1600,"height":1200},{"@type":"BreadcrumbList","@id":"https:\/\/wpvit.efb.fr\/index.php\/22-au-24-avril-2024-10e-edition-du-seminaire-dallemagne-a-dusseldorf\/#breadcrumb","itemListElement":[{"@type":"ListItem","position":1,"name":"Accueil","item":"https:\/\/wpvit.efb.fr\/"},{"@type":"ListItem","position":2,"name":"10\u00e8me \u00e9dition du S\u00e9minaire d&#8217;Allemagne \u00e0 D\u00fcsseldorf"}]},{"@type":"WebSite","@id":"https:\/\/wpvit.efb.fr\/#website","url":"https:\/\/wpvit.efb.fr\/","name":"EFB","description":"","publisher":{"@id":"https:\/\/wpvit.efb.fr\/#organization"},"potentialAction":[{"@type":"SearchAction","target":{"@type":"EntryPoint","urlTemplate":"https:\/\/wpvit.efb.fr\/?s={search_term_string}"},"query-input":{"@type":"PropertyValueSpecification","valueRequired":true,"valueName":"search_term_string"}}],"inLanguage":"fr-FR"},{"@type":"Organization","@id":"https:\/\/wpvit.efb.fr\/#organization","name":"\u00c9cole de formation professionnelle des barreaux du ressort de la cour d\u2019appel de Paris (EFB)","alternateName":"\u00c9cole de Formation des Barreaux (EFB)","url":"https:\/\/wpvit.efb.fr\/","logo":{"@type":"ImageObject","inLanguage":"fr-FR","@id":"https:\/\/wpvit.efb.fr\/#\/schema\/logo\/image\/","url":"https:\/\/wpvit.efb.fr\/wp-content\/uploads\/2024\/10\/cropped-Logo-EFB-2023_fond-transparent_mail.png","contentUrl":"https:\/\/wpvit.efb.fr\/wp-content\/uploads\/2024\/10\/cropped-Logo-EFB-2023_fond-transparent_mail.png","width":638,"height":282,"caption":"\u00c9cole de formation professionnelle des barreaux du ressort de la cour d\u2019appel de Paris (EFB)"},"image":{"@id":"https:\/\/wpvit.efb.fr\/#\/schema\/logo\/image\/"}},{"@type":"Person","@id":"https:\/\/wpvit.efb.fr\/#\/schema\/person\/b67db37d3f915e9e119c4e66b7e2922a","name":"wordpress_adm","image":{"@type":"ImageObject","inLanguage":"fr-FR","@id":"https:\/\/secure.gravatar.com\/avatar\/093d90a8ac85d0ebd9579948e52b601bab9901593d225105f51d6c1f47cde80a?s=96&d=mm&r=g","url":"https:\/\/secure.gravatar.com\/avatar\/093d90a8ac85d0ebd9579948e52b601bab9901593d225105f51d6c1f47cde80a?s=96&d=mm&r=g","contentUrl":"https:\/\/secure.gravatar.com\/avatar\/093d90a8ac85d0ebd9579948e52b601bab9901593d225105f51d6c1f47cde80a?s=96&d=mm&r=g","caption":"wordpress_adm"},"sameAs":["http:\/\/wpvit.efb.fr"],"url":"https:\/\/wpvit.efb.fr\/index.php\/author\/wordpress_adm\/"}]}},"_links":{"self":[{"href":"https:\/\/wpvit.efb.fr\/index.php\/wp-json\/wp\/v2\/posts\/28757","targetHints":{"allow":["GET"]}}],"collection":[{"href":"https:\/\/wpvit.efb.fr\/index.php\/wp-json\/wp\/v2\/posts"}],"about":[{"href":"https:\/\/wpvit.efb.fr\/index.php\/wp-json\/wp\/v2\/types\/post"}],"author":[{"embeddable":true,"href":"https:\/\/wpvit.efb.fr\/index.php\/wp-json\/wp\/v2\/users\/1"}],"replies":[{"embeddable":true,"href":"https:\/\/wpvit.efb.fr\/index.php\/wp-json\/wp\/v2\/comments?post=28757"}],"version-history":[{"count":5,"href":"https:\/\/wpvit.efb.fr\/index.php\/wp-json\/wp\/v2\/posts\/28757\/revisions"}],"predecessor-version":[{"id":28896,"href":"https:\/\/wpvit.efb.fr\/index.php\/wp-json\/wp\/v2\/posts\/28757\/revisions\/28896"}],"wp:featuredmedia":[{"embeddable":true,"href":"https:\/\/wpvit.efb.fr\/index.php\/wp-json\/wp\/v2\/media\/28759"}],"wp:attachment":[{"href":"https:\/\/wpvit.efb.fr\/index.php\/wp-json\/wp\/v2\/media?parent=28757"}],"wp:term":[{"taxonomy":"category","embeddable":true,"href":"https:\/\/wpvit.efb.fr\/index.php\/wp-json\/wp\/v2\/categories?post=28757"},{"taxonomy":"post_tag","embeddable":true,"href":"https:\/\/wpvit.efb.fr\/index.php\/wp-json\/wp\/v2\/tags?post=28757"}],"curies":[{"name":"wp","href":"https:\/\/api.w.org\/{rel}","templated":true}]}}