{"id":30153,"date":"2024-06-21T10:07:26","date_gmt":"2024-06-21T08:07:26","guid":{"rendered":"https:\/\/wpvit.efb.fr\/?p=30153"},"modified":"2024-06-21T10:07:27","modified_gmt":"2024-06-21T08:07:27","slug":"franc-succes-pour-le-colloque-quia-t-il-a-savoir-a-lefb","status":"publish","type":"post","link":"https:\/\/wpvit.efb.fr\/index.php\/franc-succes-pour-le-colloque-quia-t-il-a-savoir-a-lefb\/","title":{"rendered":"Franc succ\u00e8s pour le colloque \u00ab\u00a0Qu&rsquo;IA -t-il \u00e0 savoir ?\u00a0\u00bb \u00e0 l&rsquo;EFB"},"content":{"rendered":"\n<p>Adopt\u00e9 d\u00e9finitivement le 13 juin, l&rsquo;#AIAct \u00e9tait au c\u0153ur du colloque \u00ab\u00a0Qu&rsquo;IA -t-il \u00e0 savoir ?\u00a0\u00bb. Dirig\u00e9 par Alexandra Bensamoun et organis\u00e9 avec l&rsquo;Universit\u00e9 Paris-Saclay, l&rsquo;Ecole nationale de la Magistrature et l&rsquo;EFB ce mercredi 19 juin \u00e0 l&rsquo;auditorium de l&rsquo;EFB, ce colloque a rencontr\u00e9 un franc succ\u00e8s gr\u00e2ce \u00e0 une \u00e9quipe d&rsquo;intervenants passionnants :<\/p>\n\n\n\n<p>Celine Hudelot a ouvert cette matin\u00e9e en expliquant le principe de fonctionnement de l&rsquo;#IA et ses mod\u00e8les de fondation, tout en relevant que peu de syst\u00e8mes sont finalement d\u00e9ploy\u00e9s, car peu sont encore dignes de confiance.<\/p>\n\n\n\n<p>Alexandra Bensamoun a pris soin de revenir sur l\u2019\u00e9laboration de l\u2019AI Act qui repr\u00e9sente la r\u00e9glementation de l&rsquo;IA la plus compl\u00e8te au monde et qui ne s\u2019est pas content\u00e9e de r\u00e9guler par les usages puisqu\u2019elle r\u00e9gule aussi par les technologies.<\/p>\n\n\n\n<p>Pour ce qui concerne la place des droits fondamentaux, Vanessa Barb\u00e9 regrette son insuffisance au sein de l\u2019\u00e9tude d\u2019impact de l\u2019IA Act alors que la Convention-cadre du Conseil de l&rsquo;Europe du 17 mai 2024, de son c\u00f4t\u00e9, leur a fait une place centrale.<\/p>\n\n\n\n<p>Lacoeuilhe Raimbaut n\u2019a quant \u00e0 lui pas manqu\u00e9 de relever le souci de l&rsquo;Autorit\u00e9 de la concurrence de s&rsquo;assurer que l\u2019IA ne devienne pas un secteur r\u00e9serv\u00e9 aux g\u00e9ants de la tech qui financeront les start up. L&rsquo;id\u00e9e \u00e9tant de ne pas freiner l&rsquo;innovation mais de l&rsquo;orienter afin qu&rsquo;elle profite \u00e0 tous.<\/p>\n\n\n\n<p>Une premi\u00e8re table ronde consacr\u00e9e \u00e0 la conformit\u00e9 des IA \u00e0 haut risque qui r\u00e9unissait Arnaud Latil, Guillaume Bernard et Sarah Amrani \u00e9tait l\u2019occasion de traiter de la l\u00e9gislation harmonis\u00e9e \u00e0 venir, tout en sugg\u00e9rant de prendre connaissance de la certification d\u00e9di\u00e9e \u00e0 l\u2019IA \u00e9labor\u00e9e par la LNE, susceptible de donner une id\u00e9e de ce qui sera demand\u00e9. Ces normes \u00e0 venir r\u00e9v\u00e8lent ainsi les importants besoins d&rsquo;accompagnement des entreprises dans la mise en conformit\u00e9.<\/p>\n\n\n\n<p>Enfin, c\u2019est lors d\u2019une derni\u00e8re table ronde anim\u00e9e par Julie Lorimy, Pascal Rogard et Alexandre Lasch qu\u2019a \u00e9t\u00e9 abord\u00e9 l\u2019un des sujets essentiels : l\u2019IA g\u00e9n\u00e9rative et le droit d&rsquo;auteur. Si le secteur de la musique est d\u00e9j\u00e0 pass\u00e9 par ce type de probl\u00e9matique, celui de la presse se sent davantage menac\u00e9 bien que la nature de l\u2019actualit\u00e9, sans cesse renouvel\u00e9e, devrait selon d\u2019aucuns pr\u00e9server les \u00e9diteurs de presse. La prochaine \u00e9tape essentielle de cette r\u00e9glementation de l\u2019IA est celle de l\u2019\u00e9laboration d\u2019un \u00ab template \u00bb dans lequel devront \u00eatre r\u00e9sum\u00e9es les sources d&rsquo;entra\u00eenements propos\u00e9es. Cette obligation de transparence des sources \u00e9tant un enjeu majeur pour le respect du droit d\u2019auteur.<\/p>\n\n\n\n<p>Un immense merci \u00e0 tous les intervenants pour ces riches et passionnants \u00e9changes !<\/p>\n\n\n\n<figure class=\"wp-block-gallery has-nested-images columns-default is-cropped wp-block-gallery-1 is-layout-flex wp-block-gallery-is-layout-flex\">\n<figure data-wp-context=\"{&quot;imageId&quot;:&quot;69f4a5880fdad&quot;}\" data-wp-interactive=\"core\/image\" data-wp-key=\"69f4a5880fdad\" class=\"wp-block-image size-large wp-lightbox-container\"><img fetchpriority=\"high\" decoding=\"async\" width=\"1024\" height=\"660\" data-wp-class--hide=\"state.isContentHidden\" data-wp-class--show=\"state.isContentVisible\" data-wp-init=\"callbacks.setButtonStyles\" data-wp-on--click=\"actions.showLightbox\" data-wp-on--load=\"callbacks.setButtonStyles\" data-wp-on-window--resize=\"callbacks.setButtonStyles\" data-id=\"30155\" src=\"https:\/\/wpvit.efb.fr\/wp-content\/uploads\/2024\/06\/original-FD8E31F9-9DE2-4597-8C65-37442CADB264-1024x660.jpeg\" alt=\"\" class=\"wp-image-30155\" srcset=\"https:\/\/wpvit.efb.fr\/wp-content\/uploads\/2024\/06\/original-FD8E31F9-9DE2-4597-8C65-37442CADB264-1024x660.jpeg 1024w, https:\/\/wpvit.efb.fr\/wp-content\/uploads\/2024\/06\/original-FD8E31F9-9DE2-4597-8C65-37442CADB264-300x193.jpeg 300w, https:\/\/wpvit.efb.fr\/wp-content\/uploads\/2024\/06\/original-FD8E31F9-9DE2-4597-8C65-37442CADB264-768x495.jpeg 768w, https:\/\/wpvit.efb.fr\/wp-content\/uploads\/2024\/06\/original-FD8E31F9-9DE2-4597-8C65-37442CADB264.jpeg 1284w\" sizes=\"(max-width: 1024px) 100vw, 1024px\" \/><button\n\t\t\tclass=\"lightbox-trigger\"\n\t\t\ttype=\"button\"\n\t\t\taria-haspopup=\"dialog\"\n\t\t\taria-label=\"Agrandir\"\n\t\t\tdata-wp-init=\"callbacks.initTriggerButton\"\n\t\t\tdata-wp-on--click=\"actions.showLightbox\"\n\t\t\tdata-wp-style--right=\"state.imageButtonRight\"\n\t\t\tdata-wp-style--top=\"state.imageButtonTop\"\n\t\t>\n\t\t\t<svg xmlns=\"http:\/\/www.w3.org\/2000\/svg\" width=\"12\" height=\"12\" fill=\"none\" viewBox=\"0 0 12 12\">\n\t\t\t\t<path fill=\"#fff\" d=\"M2 0a2 2 0 0 0-2 2v2h1.5V2a.5.5 0 0 1 .5-.5h2V0H2Zm2 10.5H2a.5.5 0 0 1-.5-.5V8H0v2a2 2 0 0 0 2 2h2v-1.5ZM8 12v-1.5h2a.5.5 0 0 0 .5-.5V8H12v2a2 2 0 0 1-2 2H8Zm2-12a2 2 0 0 1 2 2v2h-1.5V2a.5.5 0 0 0-.5-.5H8V0h2Z\" \/>\n\t\t\t<\/svg>\n\t\t<\/button><\/figure>\n\n\n\n<figure data-wp-context=\"{&quot;imageId&quot;:&quot;69f4a58810112&quot;}\" data-wp-interactive=\"core\/image\" data-wp-key=\"69f4a58810112\" class=\"wp-block-image size-large wp-lightbox-container\"><img decoding=\"async\" width=\"1024\" height=\"840\" data-wp-class--hide=\"state.isContentHidden\" data-wp-class--show=\"state.isContentVisible\" data-wp-init=\"callbacks.setButtonStyles\" data-wp-on--click=\"actions.showLightbox\" data-wp-on--load=\"callbacks.setButtonStyles\" data-wp-on-window--resize=\"callbacks.setButtonStyles\" data-id=\"30154\" src=\"https:\/\/wpvit.efb.fr\/wp-content\/uploads\/2024\/06\/original-63A6A937-43FA-4A2F-B49B-EB59CDA73862-1024x840.jpeg\" alt=\"\" class=\"wp-image-30154\" srcset=\"https:\/\/wpvit.efb.fr\/wp-content\/uploads\/2024\/06\/original-63A6A937-43FA-4A2F-B49B-EB59CDA73862-1024x840.jpeg 1024w, https:\/\/wpvit.efb.fr\/wp-content\/uploads\/2024\/06\/original-63A6A937-43FA-4A2F-B49B-EB59CDA73862-300x246.jpeg 300w, https:\/\/wpvit.efb.fr\/wp-content\/uploads\/2024\/06\/original-63A6A937-43FA-4A2F-B49B-EB59CDA73862-768x630.jpeg 768w, https:\/\/wpvit.efb.fr\/wp-content\/uploads\/2024\/06\/original-63A6A937-43FA-4A2F-B49B-EB59CDA73862.jpeg 1284w\" sizes=\"(max-width: 1024px) 100vw, 1024px\" \/><button\n\t\t\tclass=\"lightbox-trigger\"\n\t\t\ttype=\"button\"\n\t\t\taria-haspopup=\"dialog\"\n\t\t\taria-label=\"Agrandir\"\n\t\t\tdata-wp-init=\"callbacks.initTriggerButton\"\n\t\t\tdata-wp-on--click=\"actions.showLightbox\"\n\t\t\tdata-wp-style--right=\"state.imageButtonRight\"\n\t\t\tdata-wp-style--top=\"state.imageButtonTop\"\n\t\t>\n\t\t\t<svg xmlns=\"http:\/\/www.w3.org\/2000\/svg\" width=\"12\" height=\"12\" fill=\"none\" viewBox=\"0 0 12 12\">\n\t\t\t\t<path fill=\"#fff\" d=\"M2 0a2 2 0 0 0-2 2v2h1.5V2a.5.5 0 0 1 .5-.5h2V0H2Zm2 10.5H2a.5.5 0 0 1-.5-.5V8H0v2a2 2 0 0 0 2 2h2v-1.5ZM8 12v-1.5h2a.5.5 0 0 0 .5-.5V8H12v2a2 2 0 0 1-2 2H8Zm2-12a2 2 0 0 1 2 2v2h-1.5V2a.5.5 0 0 0-.5-.5H8V0h2Z\" \/>\n\t\t\t<\/svg>\n\t\t<\/button><\/figure>\n\n\n\n<figure data-wp-context=\"{&quot;imageId&quot;:&quot;69f4a58810468&quot;}\" data-wp-interactive=\"core\/image\" data-wp-key=\"69f4a58810468\" class=\"wp-block-image size-large wp-lightbox-container\"><img decoding=\"async\" width=\"1024\" height=\"749\" data-wp-class--hide=\"state.isContentHidden\" data-wp-class--show=\"state.isContentVisible\" data-wp-init=\"callbacks.setButtonStyles\" data-wp-on--click=\"actions.showLightbox\" data-wp-on--load=\"callbacks.setButtonStyles\" data-wp-on-window--resize=\"callbacks.setButtonStyles\" data-id=\"30156\" src=\"https:\/\/wpvit.efb.fr\/wp-content\/uploads\/2024\/06\/original-66DF046C-1DCB-4E67-9F77-4705C2CAD9EE-1024x749.jpeg\" alt=\"\" class=\"wp-image-30156\" srcset=\"https:\/\/wpvit.efb.fr\/wp-content\/uploads\/2024\/06\/original-66DF046C-1DCB-4E67-9F77-4705C2CAD9EE-1024x749.jpeg 1024w, https:\/\/wpvit.efb.fr\/wp-content\/uploads\/2024\/06\/original-66DF046C-1DCB-4E67-9F77-4705C2CAD9EE-300x219.jpeg 300w, https:\/\/wpvit.efb.fr\/wp-content\/uploads\/2024\/06\/original-66DF046C-1DCB-4E67-9F77-4705C2CAD9EE-768x562.jpeg 768w, https:\/\/wpvit.efb.fr\/wp-content\/uploads\/2024\/06\/original-66DF046C-1DCB-4E67-9F77-4705C2CAD9EE.jpeg 1284w\" sizes=\"(max-width: 1024px) 100vw, 1024px\" \/><button\n\t\t\tclass=\"lightbox-trigger\"\n\t\t\ttype=\"button\"\n\t\t\taria-haspopup=\"dialog\"\n\t\t\taria-label=\"Agrandir\"\n\t\t\tdata-wp-init=\"callbacks.initTriggerButton\"\n\t\t\tdata-wp-on--click=\"actions.showLightbox\"\n\t\t\tdata-wp-style--right=\"state.imageButtonRight\"\n\t\t\tdata-wp-style--top=\"state.imageButtonTop\"\n\t\t>\n\t\t\t<svg xmlns=\"http:\/\/www.w3.org\/2000\/svg\" width=\"12\" height=\"12\" fill=\"none\" viewBox=\"0 0 12 12\">\n\t\t\t\t<path fill=\"#fff\" d=\"M2 0a2 2 0 0 0-2 2v2h1.5V2a.5.5 0 0 1 .5-.5h2V0H2Zm2 10.5H2a.5.5 0 0 1-.5-.5V8H0v2a2 2 0 0 0 2 2h2v-1.5ZM8 12v-1.5h2a.5.5 0 0 0 .5-.5V8H12v2a2 2 0 0 1-2 2H8Zm2-12a2 2 0 0 1 2 2v2h-1.5V2a.5.5 0 0 0-.5-.5H8V0h2Z\" \/>\n\t\t\t<\/svg>\n\t\t<\/button><\/figure>\n\n\n\n<figure data-wp-context=\"{&quot;imageId&quot;:&quot;69f4a58810798&quot;}\" data-wp-interactive=\"core\/image\" data-wp-key=\"69f4a58810798\" class=\"wp-block-image size-large wp-lightbox-container\"><img loading=\"lazy\" decoding=\"async\" width=\"863\" height=\"904\" data-wp-class--hide=\"state.isContentHidden\" data-wp-class--show=\"state.isContentVisible\" data-wp-init=\"callbacks.setButtonStyles\" data-wp-on--click=\"actions.showLightbox\" data-wp-on--load=\"callbacks.setButtonStyles\" data-wp-on-window--resize=\"callbacks.setButtonStyles\" data-id=\"30157\" src=\"https:\/\/wpvit.efb.fr\/wp-content\/uploads\/2024\/06\/2-1.jpg\" alt=\"\" class=\"wp-image-30157\" srcset=\"https:\/\/wpvit.efb.fr\/wp-content\/uploads\/2024\/06\/2-1.jpg 863w, https:\/\/wpvit.efb.fr\/wp-content\/uploads\/2024\/06\/2-1-286x300.jpg 286w, https:\/\/wpvit.efb.fr\/wp-content\/uploads\/2024\/06\/2-1-768x804.jpg 768w\" sizes=\"(max-width: 863px) 100vw, 863px\" \/><button\n\t\t\tclass=\"lightbox-trigger\"\n\t\t\ttype=\"button\"\n\t\t\taria-haspopup=\"dialog\"\n\t\t\taria-label=\"Agrandir\"\n\t\t\tdata-wp-init=\"callbacks.initTriggerButton\"\n\t\t\tdata-wp-on--click=\"actions.showLightbox\"\n\t\t\tdata-wp-style--right=\"state.imageButtonRight\"\n\t\t\tdata-wp-style--top=\"state.imageButtonTop\"\n\t\t>\n\t\t\t<svg xmlns=\"http:\/\/www.w3.org\/2000\/svg\" width=\"12\" height=\"12\" fill=\"none\" viewBox=\"0 0 12 12\">\n\t\t\t\t<path fill=\"#fff\" d=\"M2 0a2 2 0 0 0-2 2v2h1.5V2a.5.5 0 0 1 .5-.5h2V0H2Zm2 10.5H2a.5.5 0 0 1-.5-.5V8H0v2a2 2 0 0 0 2 2h2v-1.5ZM8 12v-1.5h2a.5.5 0 0 0 .5-.5V8H12v2a2 2 0 0 1-2 2H8Zm2-12a2 2 0 0 1 2 2v2h-1.5V2a.5.5 0 0 0-.5-.5H8V0h2Z\" \/>\n\t\t\t<\/svg>\n\t\t<\/button><\/figure>\n\n\n\n<figure data-wp-context=\"{&quot;imageId&quot;:&quot;69f4a58810a50&quot;}\" data-wp-interactive=\"core\/image\" data-wp-key=\"69f4a58810a50\" class=\"wp-block-image size-large wp-lightbox-container\"><img loading=\"lazy\" decoding=\"async\" width=\"1024\" height=\"761\" data-wp-class--hide=\"state.isContentHidden\" data-wp-class--show=\"state.isContentVisible\" data-wp-init=\"callbacks.setButtonStyles\" data-wp-on--click=\"actions.showLightbox\" data-wp-on--load=\"callbacks.setButtonStyles\" data-wp-on-window--resize=\"callbacks.setButtonStyles\" data-id=\"30158\" src=\"https:\/\/wpvit.efb.fr\/wp-content\/uploads\/2024\/06\/3-1-1024x761.jpg\" alt=\"\" class=\"wp-image-30158\" srcset=\"https:\/\/wpvit.efb.fr\/wp-content\/uploads\/2024\/06\/3-1-1024x761.jpg 1024w, https:\/\/wpvit.efb.fr\/wp-content\/uploads\/2024\/06\/3-1-300x223.jpg 300w, https:\/\/wpvit.efb.fr\/wp-content\/uploads\/2024\/06\/3-1-768x570.jpg 768w, https:\/\/wpvit.efb.fr\/wp-content\/uploads\/2024\/06\/3-1.jpg 1283w\" sizes=\"(max-width: 1024px) 100vw, 1024px\" \/><button\n\t\t\tclass=\"lightbox-trigger\"\n\t\t\ttype=\"button\"\n\t\t\taria-haspopup=\"dialog\"\n\t\t\taria-label=\"Agrandir\"\n\t\t\tdata-wp-init=\"callbacks.initTriggerButton\"\n\t\t\tdata-wp-on--click=\"actions.showLightbox\"\n\t\t\tdata-wp-style--right=\"state.imageButtonRight\"\n\t\t\tdata-wp-style--top=\"state.imageButtonTop\"\n\t\t>\n\t\t\t<svg xmlns=\"http:\/\/www.w3.org\/2000\/svg\" width=\"12\" height=\"12\" fill=\"none\" viewBox=\"0 0 12 12\">\n\t\t\t\t<path fill=\"#fff\" d=\"M2 0a2 2 0 0 0-2 2v2h1.5V2a.5.5 0 0 1 .5-.5h2V0H2Zm2 10.5H2a.5.5 0 0 1-.5-.5V8H0v2a2 2 0 0 0 2 2h2v-1.5ZM8 12v-1.5h2a.5.5 0 0 0 .5-.5V8H12v2a2 2 0 0 1-2 2H8Zm2-12a2 2 0 0 1 2 2v2h-1.5V2a.5.5 0 0 0-.5-.5H8V0h2Z\" \/>\n\t\t\t<\/svg>\n\t\t<\/button><\/figure>\n\n\n\n<figure data-wp-context=\"{&quot;imageId&quot;:&quot;69f4a58810cf0&quot;}\" data-wp-interactive=\"core\/image\" data-wp-key=\"69f4a58810cf0\" class=\"wp-block-image size-large wp-lightbox-container\"><img loading=\"lazy\" decoding=\"async\" width=\"955\" height=\"678\" data-wp-class--hide=\"state.isContentHidden\" data-wp-class--show=\"state.isContentVisible\" data-wp-init=\"callbacks.setButtonStyles\" data-wp-on--click=\"actions.showLightbox\" data-wp-on--load=\"callbacks.setButtonStyles\" data-wp-on-window--resize=\"callbacks.setButtonStyles\" data-id=\"30159\" src=\"https:\/\/wpvit.efb.fr\/wp-content\/uploads\/2024\/06\/4-1.jpg\" alt=\"\" class=\"wp-image-30159\" srcset=\"https:\/\/wpvit.efb.fr\/wp-content\/uploads\/2024\/06\/4-1.jpg 955w, https:\/\/wpvit.efb.fr\/wp-content\/uploads\/2024\/06\/4-1-300x213.jpg 300w, https:\/\/wpvit.efb.fr\/wp-content\/uploads\/2024\/06\/4-1-768x545.jpg 768w\" sizes=\"(max-width: 955px) 100vw, 955px\" \/><button\n\t\t\tclass=\"lightbox-trigger\"\n\t\t\ttype=\"button\"\n\t\t\taria-haspopup=\"dialog\"\n\t\t\taria-label=\"Agrandir\"\n\t\t\tdata-wp-init=\"callbacks.initTriggerButton\"\n\t\t\tdata-wp-on--click=\"actions.showLightbox\"\n\t\t\tdata-wp-style--right=\"state.imageButtonRight\"\n\t\t\tdata-wp-style--top=\"state.imageButtonTop\"\n\t\t>\n\t\t\t<svg xmlns=\"http:\/\/www.w3.org\/2000\/svg\" width=\"12\" height=\"12\" fill=\"none\" viewBox=\"0 0 12 12\">\n\t\t\t\t<path fill=\"#fff\" d=\"M2 0a2 2 0 0 0-2 2v2h1.5V2a.5.5 0 0 1 .5-.5h2V0H2Zm2 10.5H2a.5.5 0 0 1-.5-.5V8H0v2a2 2 0 0 0 2 2h2v-1.5ZM8 12v-1.5h2a.5.5 0 0 0 .5-.5V8H12v2a2 2 0 0 1-2 2H8Zm2-12a2 2 0 0 1 2 2v2h-1.5V2a.5.5 0 0 0-.5-.5H8V0h2Z\" \/>\n\t\t\t<\/svg>\n\t\t<\/button><\/figure>\n\n\n\n<figure data-wp-context=\"{&quot;imageId&quot;:&quot;69f4a58810fca&quot;}\" data-wp-interactive=\"core\/image\" data-wp-key=\"69f4a58810fca\" class=\"wp-block-image size-large wp-lightbox-container\"><img loading=\"lazy\" decoding=\"async\" width=\"979\" height=\"734\" data-wp-class--hide=\"state.isContentHidden\" data-wp-class--show=\"state.isContentVisible\" data-wp-init=\"callbacks.setButtonStyles\" data-wp-on--click=\"actions.showLightbox\" data-wp-on--load=\"callbacks.setButtonStyles\" data-wp-on-window--resize=\"callbacks.setButtonStyles\" data-id=\"30160\" src=\"https:\/\/wpvit.efb.fr\/wp-content\/uploads\/2024\/06\/5-1.jpg\" alt=\"\" class=\"wp-image-30160\" srcset=\"https:\/\/wpvit.efb.fr\/wp-content\/uploads\/2024\/06\/5-1.jpg 979w, https:\/\/wpvit.efb.fr\/wp-content\/uploads\/2024\/06\/5-1-300x225.jpg 300w, https:\/\/wpvit.efb.fr\/wp-content\/uploads\/2024\/06\/5-1-768x576.jpg 768w\" sizes=\"(max-width: 979px) 100vw, 979px\" \/><button\n\t\t\tclass=\"lightbox-trigger\"\n\t\t\ttype=\"button\"\n\t\t\taria-haspopup=\"dialog\"\n\t\t\taria-label=\"Agrandir\"\n\t\t\tdata-wp-init=\"callbacks.initTriggerButton\"\n\t\t\tdata-wp-on--click=\"actions.showLightbox\"\n\t\t\tdata-wp-style--right=\"state.imageButtonRight\"\n\t\t\tdata-wp-style--top=\"state.imageButtonTop\"\n\t\t>\n\t\t\t<svg xmlns=\"http:\/\/www.w3.org\/2000\/svg\" width=\"12\" height=\"12\" fill=\"none\" viewBox=\"0 0 12 12\">\n\t\t\t\t<path fill=\"#fff\" d=\"M2 0a2 2 0 0 0-2 2v2h1.5V2a.5.5 0 0 1 .5-.5h2V0H2Zm2 10.5H2a.5.5 0 0 1-.5-.5V8H0v2a2 2 0 0 0 2 2h2v-1.5ZM8 12v-1.5h2a.5.5 0 0 0 .5-.5V8H12v2a2 2 0 0 1-2 2H8Zm2-12a2 2 0 0 1 2 2v2h-1.5V2a.5.5 0 0 0-.5-.5H8V0h2Z\" \/>\n\t\t\t<\/svg>\n\t\t<\/button><\/figure>\n<\/figure>\n","protected":false},"excerpt":{"rendered":"<p>Adopt\u00e9 d\u00e9finitivement le 13 juin, l&rsquo;#AIAct \u00e9tait au c\u0153ur du colloque \u00ab\u00a0Qu&rsquo;IA -t-il \u00e0 savoir ?\u00a0\u00bb. Dirig\u00e9 par Alexandra Bensamoun et organis\u00e9 avec l&rsquo;Universit\u00e9 Paris-Saclay, l&rsquo;Ecole nationale de la Magistrature et l&rsquo;EFB ce mercredi 19 juin \u00e0 l&rsquo;auditorium de l&rsquo;EFB, ce colloque a rencontr\u00e9 un franc succ\u00e8s gr\u00e2ce \u00e0 une \u00e9quipe d&rsquo;intervenants passionnants : Celine Hudelot a ouvert cette matin\u00e9e en expliquant le principe de fonctionnement de l&rsquo;#IA et ses mod\u00e8les de fondation, tout en relevant que peu de syst\u00e8mes sont finalement d\u00e9ploy\u00e9s, car peu sont encore dignes de confiance. Alexandra Bensamoun a pris soin de revenir sur l\u2019\u00e9laboration de l\u2019AI Act qui repr\u00e9sente la r\u00e9glementation de l&rsquo;IA la plus compl\u00e8te au monde et qui ne s\u2019est pas content\u00e9e de r\u00e9guler par les usages puisqu\u2019elle r\u00e9gule aussi par les technologies. Pour ce qui concerne la place des droits fondamentaux, Vanessa Barb\u00e9 regrette son insuffisance au sein de l\u2019\u00e9tude d\u2019impact de l\u2019IA Act alors que la Convention-cadre du Conseil de l&rsquo;Europe du 17 mai 2024, de son c\u00f4t\u00e9, leur a fait une place centrale. Lacoeuilhe Raimbaut n\u2019a quant \u00e0 lui pas manqu\u00e9 de relever le souci de l&rsquo;Autorit\u00e9 de la concurrence de s&rsquo;assurer que l\u2019IA ne devienne pas un secteur r\u00e9serv\u00e9 aux g\u00e9ants de la tech qui financeront les start up. L&rsquo;id\u00e9e \u00e9tant de ne pas freiner l&rsquo;innovation mais de l&rsquo;orienter afin qu&rsquo;elle profite \u00e0 tous. Une premi\u00e8re table ronde consacr\u00e9e \u00e0 la conformit\u00e9 des IA \u00e0 haut risque qui r\u00e9unissait Arnaud Latil, Guillaume Bernard et Sarah Amrani \u00e9tait l\u2019occasion de traiter de la l\u00e9gislation harmonis\u00e9e \u00e0 venir, tout en sugg\u00e9rant de prendre connaissance de la certification d\u00e9di\u00e9e \u00e0 l\u2019IA \u00e9labor\u00e9e par la LNE, susceptible de donner une id\u00e9e de ce qui sera demand\u00e9. Ces normes \u00e0 venir r\u00e9v\u00e8lent ainsi les importants besoins d&rsquo;accompagnement des entreprises dans la mise en conformit\u00e9. Enfin, c\u2019est lors d\u2019une derni\u00e8re table ronde anim\u00e9e par Julie Lorimy, Pascal Rogard et Alexandre Lasch qu\u2019a \u00e9t\u00e9 abord\u00e9 l\u2019un des sujets essentiels : l\u2019IA g\u00e9n\u00e9rative et le droit d&rsquo;auteur. Si le secteur de la musique est d\u00e9j\u00e0 pass\u00e9 par ce type de probl\u00e9matique, celui de la presse se sent davantage menac\u00e9 bien que la nature de l\u2019actualit\u00e9, sans cesse renouvel\u00e9e, devrait selon d\u2019aucuns pr\u00e9server les \u00e9diteurs de presse. La prochaine \u00e9tape essentielle de cette r\u00e9glementation de l\u2019IA est celle de l\u2019\u00e9laboration d\u2019un \u00ab template \u00bb dans lequel devront \u00eatre r\u00e9sum\u00e9es les sources d&rsquo;entra\u00eenements propos\u00e9es. Cette obligation de transparence des sources \u00e9tant un enjeu majeur pour le respect du droit d\u2019auteur. Un immense merci \u00e0 tous les intervenants pour ces riches et passionnants \u00e9changes !<\/p>\n","protected":false},"author":1,"featured_media":30154,"comment_status":"closed","ping_status":"open","sticky":false,"template":"","format":"standard","meta":{"_acf_changed":false,"footnotes":""},"categories":[1],"tags":[],"class_list":["post-30153","post","type-post","status-publish","format-standard","has-post-thumbnail","hentry","category-non-classe"],"acf":[],"yoast_head":"<!-- This site is optimized with the Yoast SEO plugin v27.4 - https:\/\/yoast.com\/product\/yoast-seo-wordpress\/ -->\n<title>Franc succ\u00e8s pour le colloque &quot;Qu&#039;IA -t-il \u00e0 savoir ?&quot; \u00e0 l&#039;EFB - efb.fr<\/title>\n<meta name=\"robots\" content=\"index, follow, max-snippet:-1, max-image-preview:large, max-video-preview:-1\" \/>\n<link rel=\"canonical\" href=\"https:\/\/wpvit.efb.fr\/index.php\/franc-succes-pour-le-colloque-quia-t-il-a-savoir-a-lefb\/\" \/>\n<meta property=\"og:locale\" content=\"fr_FR\" \/>\n<meta property=\"og:type\" content=\"article\" \/>\n<meta property=\"og:title\" content=\"Franc succ\u00e8s pour le colloque &quot;Qu&#039;IA -t-il \u00e0 savoir ?&quot; \u00e0 l&#039;EFB - efb.fr\" \/>\n<meta property=\"og:description\" content=\"Adopt\u00e9 d\u00e9finitivement le 13 juin, l&rsquo;#AIAct \u00e9tait au c\u0153ur du colloque \u00ab\u00a0Qu&rsquo;IA -t-il \u00e0 savoir ?\u00a0\u00bb. Dirig\u00e9 par Alexandra Bensamoun et organis\u00e9 avec l&rsquo;Universit\u00e9 Paris-Saclay, l&rsquo;Ecole nationale de la Magistrature et l&rsquo;EFB ce mercredi 19 juin \u00e0 l&rsquo;auditorium de l&rsquo;EFB, ce colloque a rencontr\u00e9 un franc succ\u00e8s gr\u00e2ce \u00e0 une \u00e9quipe d&rsquo;intervenants passionnants : Celine Hudelot a ouvert cette matin\u00e9e en expliquant le principe de fonctionnement de l&rsquo;#IA et ses mod\u00e8les de fondation, tout en relevant que peu de syst\u00e8mes sont finalement d\u00e9ploy\u00e9s, car peu sont encore dignes de confiance. Alexandra Bensamoun a pris soin de revenir sur l\u2019\u00e9laboration de l\u2019AI Act qui repr\u00e9sente la r\u00e9glementation de l&rsquo;IA la plus compl\u00e8te au monde et qui ne s\u2019est pas content\u00e9e de r\u00e9guler par les usages puisqu\u2019elle r\u00e9gule aussi par les technologies. Pour ce qui concerne la place des droits fondamentaux, Vanessa Barb\u00e9 regrette son insuffisance au sein de l\u2019\u00e9tude d\u2019impact de l\u2019IA Act alors que la Convention-cadre du Conseil de l&rsquo;Europe du 17 mai 2024, de son c\u00f4t\u00e9, leur a fait une place centrale. Lacoeuilhe Raimbaut n\u2019a quant \u00e0 lui pas manqu\u00e9 de relever le souci de l&rsquo;Autorit\u00e9 de la concurrence de s&rsquo;assurer que l\u2019IA ne devienne pas un secteur r\u00e9serv\u00e9 aux g\u00e9ants de la tech qui financeront les start up. L&rsquo;id\u00e9e \u00e9tant de ne pas freiner l&rsquo;innovation mais de l&rsquo;orienter afin qu&rsquo;elle profite \u00e0 tous. Une premi\u00e8re table ronde consacr\u00e9e \u00e0 la conformit\u00e9 des IA \u00e0 haut risque qui r\u00e9unissait Arnaud Latil, Guillaume Bernard et Sarah Amrani \u00e9tait l\u2019occasion de traiter de la l\u00e9gislation harmonis\u00e9e \u00e0 venir, tout en sugg\u00e9rant de prendre connaissance de la certification d\u00e9di\u00e9e \u00e0 l\u2019IA \u00e9labor\u00e9e par la LNE, susceptible de donner une id\u00e9e de ce qui sera demand\u00e9. Ces normes \u00e0 venir r\u00e9v\u00e8lent ainsi les importants besoins d&rsquo;accompagnement des entreprises dans la mise en conformit\u00e9. Enfin, c\u2019est lors d\u2019une derni\u00e8re table ronde anim\u00e9e par Julie Lorimy, Pascal Rogard et Alexandre Lasch qu\u2019a \u00e9t\u00e9 abord\u00e9 l\u2019un des sujets essentiels : l\u2019IA g\u00e9n\u00e9rative et le droit d&rsquo;auteur. Si le secteur de la musique est d\u00e9j\u00e0 pass\u00e9 par ce type de probl\u00e9matique, celui de la presse se sent davantage menac\u00e9 bien que la nature de l\u2019actualit\u00e9, sans cesse renouvel\u00e9e, devrait selon d\u2019aucuns pr\u00e9server les \u00e9diteurs de presse. La prochaine \u00e9tape essentielle de cette r\u00e9glementation de l\u2019IA est celle de l\u2019\u00e9laboration d\u2019un \u00ab template \u00bb dans lequel devront \u00eatre r\u00e9sum\u00e9es les sources d&rsquo;entra\u00eenements propos\u00e9es. Cette obligation de transparence des sources \u00e9tant un enjeu majeur pour le respect du droit d\u2019auteur. Un immense merci \u00e0 tous les intervenants pour ces riches et passionnants \u00e9changes !\" \/>\n<meta property=\"og:url\" content=\"https:\/\/wpvit.efb.fr\/index.php\/franc-succes-pour-le-colloque-quia-t-il-a-savoir-a-lefb\/\" \/>\n<meta property=\"og:site_name\" content=\"efb.fr\" \/>\n<meta property=\"article:published_time\" content=\"2024-06-21T08:07:26+00:00\" \/>\n<meta property=\"article:modified_time\" content=\"2024-06-21T08:07:27+00:00\" \/>\n<meta property=\"og:image\" content=\"https:\/\/wpvit.efb.fr\/wp-content\/uploads\/2024\/06\/original-63A6A937-43FA-4A2F-B49B-EB59CDA73862.jpeg\" \/>\n\t<meta property=\"og:image:width\" content=\"1284\" \/>\n\t<meta property=\"og:image:height\" content=\"1053\" \/>\n\t<meta property=\"og:image:type\" content=\"image\/jpeg\" \/>\n<meta name=\"author\" content=\"wordpress_adm\" \/>\n<meta name=\"twitter:card\" content=\"summary_large_image\" \/>\n<meta name=\"twitter:label1\" content=\"\u00c9crit par\" \/>\n\t<meta name=\"twitter:data1\" content=\"wordpress_adm\" \/>\n\t<meta name=\"twitter:label2\" content=\"Dur\u00e9e de lecture estim\u00e9e\" \/>\n\t<meta name=\"twitter:data2\" content=\"4 minutes\" \/>\n<script type=\"application\/ld+json\" class=\"yoast-schema-graph\">{\"@context\":\"https:\\\/\\\/schema.org\",\"@graph\":[{\"@type\":\"Article\",\"@id\":\"https:\\\/\\\/wpvit.efb.fr\\\/index.php\\\/franc-succes-pour-le-colloque-quia-t-il-a-savoir-a-lefb\\\/#article\",\"isPartOf\":{\"@id\":\"https:\\\/\\\/wpvit.efb.fr\\\/index.php\\\/franc-succes-pour-le-colloque-quia-t-il-a-savoir-a-lefb\\\/\"},\"author\":{\"name\":\"wordpress_adm\",\"@id\":\"https:\\\/\\\/wpvit.efb.fr\\\/#\\\/schema\\\/person\\\/b67db37d3f915e9e119c4e66b7e2922a\"},\"headline\":\"Franc succ\u00e8s pour le colloque \u00ab\u00a0Qu&rsquo;IA -t-il \u00e0 savoir ?\u00a0\u00bb \u00e0 l&rsquo;EFB\",\"datePublished\":\"2024-06-21T08:07:26+00:00\",\"dateModified\":\"2024-06-21T08:07:27+00:00\",\"mainEntityOfPage\":{\"@id\":\"https:\\\/\\\/wpvit.efb.fr\\\/index.php\\\/franc-succes-pour-le-colloque-quia-t-il-a-savoir-a-lefb\\\/\"},\"wordCount\":502,\"publisher\":{\"@id\":\"https:\\\/\\\/wpvit.efb.fr\\\/#organization\"},\"image\":{\"@id\":\"https:\\\/\\\/wpvit.efb.fr\\\/index.php\\\/franc-succes-pour-le-colloque-quia-t-il-a-savoir-a-lefb\\\/#primaryimage\"},\"thumbnailUrl\":\"https:\\\/\\\/wpvit.efb.fr\\\/wp-content\\\/uploads\\\/2024\\\/06\\\/original-63A6A937-43FA-4A2F-B49B-EB59CDA73862.jpeg\",\"inLanguage\":\"fr-FR\"},{\"@type\":\"WebPage\",\"@id\":\"https:\\\/\\\/wpvit.efb.fr\\\/index.php\\\/franc-succes-pour-le-colloque-quia-t-il-a-savoir-a-lefb\\\/\",\"url\":\"https:\\\/\\\/wpvit.efb.fr\\\/index.php\\\/franc-succes-pour-le-colloque-quia-t-il-a-savoir-a-lefb\\\/\",\"name\":\"Franc succ\u00e8s pour le colloque \\\"Qu'IA -t-il \u00e0 savoir ?\\\" \u00e0 l'EFB - efb.fr\",\"isPartOf\":{\"@id\":\"https:\\\/\\\/wpvit.efb.fr\\\/#website\"},\"primaryImageOfPage\":{\"@id\":\"https:\\\/\\\/wpvit.efb.fr\\\/index.php\\\/franc-succes-pour-le-colloque-quia-t-il-a-savoir-a-lefb\\\/#primaryimage\"},\"image\":{\"@id\":\"https:\\\/\\\/wpvit.efb.fr\\\/index.php\\\/franc-succes-pour-le-colloque-quia-t-il-a-savoir-a-lefb\\\/#primaryimage\"},\"thumbnailUrl\":\"https:\\\/\\\/wpvit.efb.fr\\\/wp-content\\\/uploads\\\/2024\\\/06\\\/original-63A6A937-43FA-4A2F-B49B-EB59CDA73862.jpeg\",\"datePublished\":\"2024-06-21T08:07:26+00:00\",\"dateModified\":\"2024-06-21T08:07:27+00:00\",\"breadcrumb\":{\"@id\":\"https:\\\/\\\/wpvit.efb.fr\\\/index.php\\\/franc-succes-pour-le-colloque-quia-t-il-a-savoir-a-lefb\\\/#breadcrumb\"},\"inLanguage\":\"fr-FR\",\"potentialAction\":[{\"@type\":\"ReadAction\",\"target\":[\"https:\\\/\\\/wpvit.efb.fr\\\/index.php\\\/franc-succes-pour-le-colloque-quia-t-il-a-savoir-a-lefb\\\/\"]}]},{\"@type\":\"ImageObject\",\"inLanguage\":\"fr-FR\",\"@id\":\"https:\\\/\\\/wpvit.efb.fr\\\/index.php\\\/franc-succes-pour-le-colloque-quia-t-il-a-savoir-a-lefb\\\/#primaryimage\",\"url\":\"https:\\\/\\\/wpvit.efb.fr\\\/wp-content\\\/uploads\\\/2024\\\/06\\\/original-63A6A937-43FA-4A2F-B49B-EB59CDA73862.jpeg\",\"contentUrl\":\"https:\\\/\\\/wpvit.efb.fr\\\/wp-content\\\/uploads\\\/2024\\\/06\\\/original-63A6A937-43FA-4A2F-B49B-EB59CDA73862.jpeg\",\"width\":1284,\"height\":1053},{\"@type\":\"BreadcrumbList\",\"@id\":\"https:\\\/\\\/wpvit.efb.fr\\\/index.php\\\/franc-succes-pour-le-colloque-quia-t-il-a-savoir-a-lefb\\\/#breadcrumb\",\"itemListElement\":[{\"@type\":\"ListItem\",\"position\":1,\"name\":\"Accueil\",\"item\":\"https:\\\/\\\/wpvit.efb.fr\\\/\"},{\"@type\":\"ListItem\",\"position\":2,\"name\":\"Franc succ\u00e8s pour le colloque &#8220;Qu&#8217;IA -t-il \u00e0 savoir ?&#8221; \u00e0 l&#8217;EFB\"}]},{\"@type\":\"WebSite\",\"@id\":\"https:\\\/\\\/wpvit.efb.fr\\\/#website\",\"url\":\"https:\\\/\\\/wpvit.efb.fr\\\/\",\"name\":\"EFB\",\"description\":\"\",\"publisher\":{\"@id\":\"https:\\\/\\\/wpvit.efb.fr\\\/#organization\"},\"potentialAction\":[{\"@type\":\"SearchAction\",\"target\":{\"@type\":\"EntryPoint\",\"urlTemplate\":\"https:\\\/\\\/wpvit.efb.fr\\\/?s={search_term_string}\"},\"query-input\":{\"@type\":\"PropertyValueSpecification\",\"valueRequired\":true,\"valueName\":\"search_term_string\"}}],\"inLanguage\":\"fr-FR\"},{\"@type\":\"Organization\",\"@id\":\"https:\\\/\\\/wpvit.efb.fr\\\/#organization\",\"name\":\"\u00c9cole de formation professionnelle des barreaux du ressort de la cour d\u2019appel de Paris (EFB)\",\"alternateName\":\"\u00c9cole de Formation des Barreaux (EFB)\",\"url\":\"https:\\\/\\\/wpvit.efb.fr\\\/\",\"logo\":{\"@type\":\"ImageObject\",\"inLanguage\":\"fr-FR\",\"@id\":\"https:\\\/\\\/wpvit.efb.fr\\\/#\\\/schema\\\/logo\\\/image\\\/\",\"url\":\"https:\\\/\\\/wpvit.efb.fr\\\/wp-content\\\/uploads\\\/2024\\\/10\\\/cropped-Logo-EFB-2023_fond-transparent_mail.png\",\"contentUrl\":\"https:\\\/\\\/wpvit.efb.fr\\\/wp-content\\\/uploads\\\/2024\\\/10\\\/cropped-Logo-EFB-2023_fond-transparent_mail.png\",\"width\":638,\"height\":282,\"caption\":\"\u00c9cole de formation professionnelle des barreaux du ressort de la cour d\u2019appel de Paris (EFB)\"},\"image\":{\"@id\":\"https:\\\/\\\/wpvit.efb.fr\\\/#\\\/schema\\\/logo\\\/image\\\/\"}},{\"@type\":\"Person\",\"@id\":\"https:\\\/\\\/wpvit.efb.fr\\\/#\\\/schema\\\/person\\\/b67db37d3f915e9e119c4e66b7e2922a\",\"name\":\"wordpress_adm\",\"image\":{\"@type\":\"ImageObject\",\"inLanguage\":\"fr-FR\",\"@id\":\"https:\\\/\\\/secure.gravatar.com\\\/avatar\\\/093d90a8ac85d0ebd9579948e52b601bab9901593d225105f51d6c1f47cde80a?s=96&d=mm&r=g\",\"url\":\"https:\\\/\\\/secure.gravatar.com\\\/avatar\\\/093d90a8ac85d0ebd9579948e52b601bab9901593d225105f51d6c1f47cde80a?s=96&d=mm&r=g\",\"contentUrl\":\"https:\\\/\\\/secure.gravatar.com\\\/avatar\\\/093d90a8ac85d0ebd9579948e52b601bab9901593d225105f51d6c1f47cde80a?s=96&d=mm&r=g\",\"caption\":\"wordpress_adm\"},\"sameAs\":[\"http:\\\/\\\/wpvit.efb.fr\"],\"url\":\"https:\\\/\\\/wpvit.efb.fr\\\/index.php\\\/author\\\/wordpress_adm\\\/\"}]}<\/script>\n<!-- \/ Yoast SEO plugin. -->","yoast_head_json":{"title":"Franc succ\u00e8s pour le colloque \"Qu'IA -t-il \u00e0 savoir ?\" \u00e0 l'EFB - efb.fr","robots":{"index":"index","follow":"follow","max-snippet":"max-snippet:-1","max-image-preview":"max-image-preview:large","max-video-preview":"max-video-preview:-1"},"canonical":"https:\/\/wpvit.efb.fr\/index.php\/franc-succes-pour-le-colloque-quia-t-il-a-savoir-a-lefb\/","og_locale":"fr_FR","og_type":"article","og_title":"Franc succ\u00e8s pour le colloque \"Qu'IA -t-il \u00e0 savoir ?\" \u00e0 l'EFB - efb.fr","og_description":"Adopt\u00e9 d\u00e9finitivement le 13 juin, l&rsquo;#AIAct \u00e9tait au c\u0153ur du colloque \u00ab\u00a0Qu&rsquo;IA -t-il \u00e0 savoir ?\u00a0\u00bb. Dirig\u00e9 par Alexandra Bensamoun et organis\u00e9 avec l&rsquo;Universit\u00e9 Paris-Saclay, l&rsquo;Ecole nationale de la Magistrature et l&rsquo;EFB ce mercredi 19 juin \u00e0 l&rsquo;auditorium de l&rsquo;EFB, ce colloque a rencontr\u00e9 un franc succ\u00e8s gr\u00e2ce \u00e0 une \u00e9quipe d&rsquo;intervenants passionnants : Celine Hudelot a ouvert cette matin\u00e9e en expliquant le principe de fonctionnement de l&rsquo;#IA et ses mod\u00e8les de fondation, tout en relevant que peu de syst\u00e8mes sont finalement d\u00e9ploy\u00e9s, car peu sont encore dignes de confiance. Alexandra Bensamoun a pris soin de revenir sur l\u2019\u00e9laboration de l\u2019AI Act qui repr\u00e9sente la r\u00e9glementation de l&rsquo;IA la plus compl\u00e8te au monde et qui ne s\u2019est pas content\u00e9e de r\u00e9guler par les usages puisqu\u2019elle r\u00e9gule aussi par les technologies. Pour ce qui concerne la place des droits fondamentaux, Vanessa Barb\u00e9 regrette son insuffisance au sein de l\u2019\u00e9tude d\u2019impact de l\u2019IA Act alors que la Convention-cadre du Conseil de l&rsquo;Europe du 17 mai 2024, de son c\u00f4t\u00e9, leur a fait une place centrale. Lacoeuilhe Raimbaut n\u2019a quant \u00e0 lui pas manqu\u00e9 de relever le souci de l&rsquo;Autorit\u00e9 de la concurrence de s&rsquo;assurer que l\u2019IA ne devienne pas un secteur r\u00e9serv\u00e9 aux g\u00e9ants de la tech qui financeront les start up. L&rsquo;id\u00e9e \u00e9tant de ne pas freiner l&rsquo;innovation mais de l&rsquo;orienter afin qu&rsquo;elle profite \u00e0 tous. Une premi\u00e8re table ronde consacr\u00e9e \u00e0 la conformit\u00e9 des IA \u00e0 haut risque qui r\u00e9unissait Arnaud Latil, Guillaume Bernard et Sarah Amrani \u00e9tait l\u2019occasion de traiter de la l\u00e9gislation harmonis\u00e9e \u00e0 venir, tout en sugg\u00e9rant de prendre connaissance de la certification d\u00e9di\u00e9e \u00e0 l\u2019IA \u00e9labor\u00e9e par la LNE, susceptible de donner une id\u00e9e de ce qui sera demand\u00e9. Ces normes \u00e0 venir r\u00e9v\u00e8lent ainsi les importants besoins d&rsquo;accompagnement des entreprises dans la mise en conformit\u00e9. Enfin, c\u2019est lors d\u2019une derni\u00e8re table ronde anim\u00e9e par Julie Lorimy, Pascal Rogard et Alexandre Lasch qu\u2019a \u00e9t\u00e9 abord\u00e9 l\u2019un des sujets essentiels : l\u2019IA g\u00e9n\u00e9rative et le droit d&rsquo;auteur. Si le secteur de la musique est d\u00e9j\u00e0 pass\u00e9 par ce type de probl\u00e9matique, celui de la presse se sent davantage menac\u00e9 bien que la nature de l\u2019actualit\u00e9, sans cesse renouvel\u00e9e, devrait selon d\u2019aucuns pr\u00e9server les \u00e9diteurs de presse. La prochaine \u00e9tape essentielle de cette r\u00e9glementation de l\u2019IA est celle de l\u2019\u00e9laboration d\u2019un \u00ab template \u00bb dans lequel devront \u00eatre r\u00e9sum\u00e9es les sources d&rsquo;entra\u00eenements propos\u00e9es. Cette obligation de transparence des sources \u00e9tant un enjeu majeur pour le respect du droit d\u2019auteur. Un immense merci \u00e0 tous les intervenants pour ces riches et passionnants \u00e9changes !","og_url":"https:\/\/wpvit.efb.fr\/index.php\/franc-succes-pour-le-colloque-quia-t-il-a-savoir-a-lefb\/","og_site_name":"efb.fr","article_published_time":"2024-06-21T08:07:26+00:00","article_modified_time":"2024-06-21T08:07:27+00:00","og_image":[{"width":1284,"height":1053,"url":"https:\/\/wpvit.efb.fr\/wp-content\/uploads\/2024\/06\/original-63A6A937-43FA-4A2F-B49B-EB59CDA73862.jpeg","type":"image\/jpeg"}],"author":"wordpress_adm","twitter_card":"summary_large_image","twitter_misc":{"\u00c9crit par":"wordpress_adm","Dur\u00e9e de lecture estim\u00e9e":"4 minutes"},"schema":{"@context":"https:\/\/schema.org","@graph":[{"@type":"Article","@id":"https:\/\/wpvit.efb.fr\/index.php\/franc-succes-pour-le-colloque-quia-t-il-a-savoir-a-lefb\/#article","isPartOf":{"@id":"https:\/\/wpvit.efb.fr\/index.php\/franc-succes-pour-le-colloque-quia-t-il-a-savoir-a-lefb\/"},"author":{"name":"wordpress_adm","@id":"https:\/\/wpvit.efb.fr\/#\/schema\/person\/b67db37d3f915e9e119c4e66b7e2922a"},"headline":"Franc succ\u00e8s pour le colloque \u00ab\u00a0Qu&rsquo;IA -t-il \u00e0 savoir ?\u00a0\u00bb \u00e0 l&rsquo;EFB","datePublished":"2024-06-21T08:07:26+00:00","dateModified":"2024-06-21T08:07:27+00:00","mainEntityOfPage":{"@id":"https:\/\/wpvit.efb.fr\/index.php\/franc-succes-pour-le-colloque-quia-t-il-a-savoir-a-lefb\/"},"wordCount":502,"publisher":{"@id":"https:\/\/wpvit.efb.fr\/#organization"},"image":{"@id":"https:\/\/wpvit.efb.fr\/index.php\/franc-succes-pour-le-colloque-quia-t-il-a-savoir-a-lefb\/#primaryimage"},"thumbnailUrl":"https:\/\/wpvit.efb.fr\/wp-content\/uploads\/2024\/06\/original-63A6A937-43FA-4A2F-B49B-EB59CDA73862.jpeg","inLanguage":"fr-FR"},{"@type":"WebPage","@id":"https:\/\/wpvit.efb.fr\/index.php\/franc-succes-pour-le-colloque-quia-t-il-a-savoir-a-lefb\/","url":"https:\/\/wpvit.efb.fr\/index.php\/franc-succes-pour-le-colloque-quia-t-il-a-savoir-a-lefb\/","name":"Franc succ\u00e8s pour le colloque \"Qu'IA -t-il \u00e0 savoir ?\" \u00e0 l'EFB - efb.fr","isPartOf":{"@id":"https:\/\/wpvit.efb.fr\/#website"},"primaryImageOfPage":{"@id":"https:\/\/wpvit.efb.fr\/index.php\/franc-succes-pour-le-colloque-quia-t-il-a-savoir-a-lefb\/#primaryimage"},"image":{"@id":"https:\/\/wpvit.efb.fr\/index.php\/franc-succes-pour-le-colloque-quia-t-il-a-savoir-a-lefb\/#primaryimage"},"thumbnailUrl":"https:\/\/wpvit.efb.fr\/wp-content\/uploads\/2024\/06\/original-63A6A937-43FA-4A2F-B49B-EB59CDA73862.jpeg","datePublished":"2024-06-21T08:07:26+00:00","dateModified":"2024-06-21T08:07:27+00:00","breadcrumb":{"@id":"https:\/\/wpvit.efb.fr\/index.php\/franc-succes-pour-le-colloque-quia-t-il-a-savoir-a-lefb\/#breadcrumb"},"inLanguage":"fr-FR","potentialAction":[{"@type":"ReadAction","target":["https:\/\/wpvit.efb.fr\/index.php\/franc-succes-pour-le-colloque-quia-t-il-a-savoir-a-lefb\/"]}]},{"@type":"ImageObject","inLanguage":"fr-FR","@id":"https:\/\/wpvit.efb.fr\/index.php\/franc-succes-pour-le-colloque-quia-t-il-a-savoir-a-lefb\/#primaryimage","url":"https:\/\/wpvit.efb.fr\/wp-content\/uploads\/2024\/06\/original-63A6A937-43FA-4A2F-B49B-EB59CDA73862.jpeg","contentUrl":"https:\/\/wpvit.efb.fr\/wp-content\/uploads\/2024\/06\/original-63A6A937-43FA-4A2F-B49B-EB59CDA73862.jpeg","width":1284,"height":1053},{"@type":"BreadcrumbList","@id":"https:\/\/wpvit.efb.fr\/index.php\/franc-succes-pour-le-colloque-quia-t-il-a-savoir-a-lefb\/#breadcrumb","itemListElement":[{"@type":"ListItem","position":1,"name":"Accueil","item":"https:\/\/wpvit.efb.fr\/"},{"@type":"ListItem","position":2,"name":"Franc succ\u00e8s pour le colloque &#8220;Qu&#8217;IA -t-il \u00e0 savoir ?&#8221; \u00e0 l&#8217;EFB"}]},{"@type":"WebSite","@id":"https:\/\/wpvit.efb.fr\/#website","url":"https:\/\/wpvit.efb.fr\/","name":"EFB","description":"","publisher":{"@id":"https:\/\/wpvit.efb.fr\/#organization"},"potentialAction":[{"@type":"SearchAction","target":{"@type":"EntryPoint","urlTemplate":"https:\/\/wpvit.efb.fr\/?s={search_term_string}"},"query-input":{"@type":"PropertyValueSpecification","valueRequired":true,"valueName":"search_term_string"}}],"inLanguage":"fr-FR"},{"@type":"Organization","@id":"https:\/\/wpvit.efb.fr\/#organization","name":"\u00c9cole de formation professionnelle des barreaux du ressort de la cour d\u2019appel de Paris (EFB)","alternateName":"\u00c9cole de Formation des Barreaux (EFB)","url":"https:\/\/wpvit.efb.fr\/","logo":{"@type":"ImageObject","inLanguage":"fr-FR","@id":"https:\/\/wpvit.efb.fr\/#\/schema\/logo\/image\/","url":"https:\/\/wpvit.efb.fr\/wp-content\/uploads\/2024\/10\/cropped-Logo-EFB-2023_fond-transparent_mail.png","contentUrl":"https:\/\/wpvit.efb.fr\/wp-content\/uploads\/2024\/10\/cropped-Logo-EFB-2023_fond-transparent_mail.png","width":638,"height":282,"caption":"\u00c9cole de formation professionnelle des barreaux du ressort de la cour d\u2019appel de Paris (EFB)"},"image":{"@id":"https:\/\/wpvit.efb.fr\/#\/schema\/logo\/image\/"}},{"@type":"Person","@id":"https:\/\/wpvit.efb.fr\/#\/schema\/person\/b67db37d3f915e9e119c4e66b7e2922a","name":"wordpress_adm","image":{"@type":"ImageObject","inLanguage":"fr-FR","@id":"https:\/\/secure.gravatar.com\/avatar\/093d90a8ac85d0ebd9579948e52b601bab9901593d225105f51d6c1f47cde80a?s=96&d=mm&r=g","url":"https:\/\/secure.gravatar.com\/avatar\/093d90a8ac85d0ebd9579948e52b601bab9901593d225105f51d6c1f47cde80a?s=96&d=mm&r=g","contentUrl":"https:\/\/secure.gravatar.com\/avatar\/093d90a8ac85d0ebd9579948e52b601bab9901593d225105f51d6c1f47cde80a?s=96&d=mm&r=g","caption":"wordpress_adm"},"sameAs":["http:\/\/wpvit.efb.fr"],"url":"https:\/\/wpvit.efb.fr\/index.php\/author\/wordpress_adm\/"}]}},"_links":{"self":[{"href":"https:\/\/wpvit.efb.fr\/index.php\/wp-json\/wp\/v2\/posts\/30153","targetHints":{"allow":["GET"]}}],"collection":[{"href":"https:\/\/wpvit.efb.fr\/index.php\/wp-json\/wp\/v2\/posts"}],"about":[{"href":"https:\/\/wpvit.efb.fr\/index.php\/wp-json\/wp\/v2\/types\/post"}],"author":[{"embeddable":true,"href":"https:\/\/wpvit.efb.fr\/index.php\/wp-json\/wp\/v2\/users\/1"}],"replies":[{"embeddable":true,"href":"https:\/\/wpvit.efb.fr\/index.php\/wp-json\/wp\/v2\/comments?post=30153"}],"version-history":[{"count":1,"href":"https:\/\/wpvit.efb.fr\/index.php\/wp-json\/wp\/v2\/posts\/30153\/revisions"}],"predecessor-version":[{"id":30161,"href":"https:\/\/wpvit.efb.fr\/index.php\/wp-json\/wp\/v2\/posts\/30153\/revisions\/30161"}],"wp:featuredmedia":[{"embeddable":true,"href":"https:\/\/wpvit.efb.fr\/index.php\/wp-json\/wp\/v2\/media\/30154"}],"wp:attachment":[{"href":"https:\/\/wpvit.efb.fr\/index.php\/wp-json\/wp\/v2\/media?parent=30153"}],"wp:term":[{"taxonomy":"category","embeddable":true,"href":"https:\/\/wpvit.efb.fr\/index.php\/wp-json\/wp\/v2\/categories?post=30153"},{"taxonomy":"post_tag","embeddable":true,"href":"https:\/\/wpvit.efb.fr\/index.php\/wp-json\/wp\/v2\/tags?post=30153"}],"curies":[{"name":"wp","href":"https:\/\/api.w.org\/{rel}","templated":true}]}}