{"id":36916,"date":"2024-12-09T10:37:55","date_gmt":"2024-12-09T09:37:55","guid":{"rendered":"https:\/\/wpvit.efb.fr\/?p=36916"},"modified":"2024-12-09T10:37:55","modified_gmt":"2024-12-09T09:37:55","slug":"les-crypto-actifs-enjeux-et-perspectives","status":"publish","type":"post","link":"https:\/\/wpvit.efb.fr\/index.php\/les-crypto-actifs-enjeux-et-perspectives\/","title":{"rendered":"Les crypto-actifs : enjeux et perspectives"},"content":{"rendered":"\n<p>Alors que le #bitcoin atteignait cette semaine les 100 000 dollars, l\u2019EFB organisait ce jeudi 5 d\u00e9cembre en partenariat avec l\u2019Ecole nationale de la Magistrature (ENM) et avec l\u2019appui de l\u2019Autorit\u00e9 des march\u00e9s financiers (AMF) \u2013 France une grande journ\u00e9e de formation d\u00e9di\u00e9e aux crypto-actifs. <\/p>\n\n\n\n<p>Cette journ\u00e9e de formation qui r\u00e9unissait les acteurs incontournables du secteur (Tracfin, l\u2019AGRASC, l\u2019Autorit\u00e9 de contr\u00f4le prudentiel et de r\u00e9solution (ACPR), la Ligue pour la s\u00e9curit\u00e9 du web3 (LSW3), Meria, Kramer Levin Naftalis &amp; Frankel LLP, ORWL) a rencontr\u00e9 un franc succ\u00e8s aupr\u00e8s des participants, gr\u00e2ce \u00e0 des \u00e9changes tr\u00e8s riches anim\u00e9s par une \u00e9quipe d\u2019intervenants passionnants que nous remercions chaleureusement !<\/p>\n\n\n\n<figure class=\"wp-block-gallery has-nested-images columns-default is-cropped wp-block-gallery-1 is-layout-flex wp-block-gallery-is-layout-flex\">\n<figure data-wp-context=\"{&quot;imageId&quot;:&quot;69f45d6832aba&quot;}\" data-wp-interactive=\"core\/image\" data-wp-key=\"69f45d6832aba\" class=\"wp-block-image size-large wp-lightbox-container\"><img fetchpriority=\"high\" decoding=\"async\" width=\"1024\" height=\"768\" data-wp-class--hide=\"state.isContentHidden\" data-wp-class--show=\"state.isContentVisible\" data-wp-init=\"callbacks.setButtonStyles\" data-wp-on--click=\"actions.showLightbox\" data-wp-on--load=\"callbacks.setButtonStyles\" data-wp-on-window--resize=\"callbacks.setButtonStyles\" data-id=\"36918\" src=\"https:\/\/wpvit.efb.fr\/wp-content\/uploads\/2024\/12\/processed-99296504-3830-44A0-BE15-7838EAD79CC1-1024x768.jpeg\" alt=\"\" class=\"wp-image-36918\" srcset=\"https:\/\/wpvit.efb.fr\/wp-content\/uploads\/2024\/12\/processed-99296504-3830-44A0-BE15-7838EAD79CC1-1024x768.jpeg 1024w, https:\/\/wpvit.efb.fr\/wp-content\/uploads\/2024\/12\/processed-99296504-3830-44A0-BE15-7838EAD79CC1-300x225.jpeg 300w, https:\/\/wpvit.efb.fr\/wp-content\/uploads\/2024\/12\/processed-99296504-3830-44A0-BE15-7838EAD79CC1-768x576.jpeg 768w, https:\/\/wpvit.efb.fr\/wp-content\/uploads\/2024\/12\/processed-99296504-3830-44A0-BE15-7838EAD79CC1-1536x1152.jpeg 1536w, https:\/\/wpvit.efb.fr\/wp-content\/uploads\/2024\/12\/processed-99296504-3830-44A0-BE15-7838EAD79CC1-2048x1536.jpeg 2048w\" sizes=\"(max-width: 1024px) 100vw, 1024px\" \/><button\n\t\t\tclass=\"lightbox-trigger\"\n\t\t\ttype=\"button\"\n\t\t\taria-haspopup=\"dialog\"\n\t\t\taria-label=\"Agrandir\"\n\t\t\tdata-wp-init=\"callbacks.initTriggerButton\"\n\t\t\tdata-wp-on--click=\"actions.showLightbox\"\n\t\t\tdata-wp-style--right=\"state.imageButtonRight\"\n\t\t\tdata-wp-style--top=\"state.imageButtonTop\"\n\t\t>\n\t\t\t<svg xmlns=\"http:\/\/www.w3.org\/2000\/svg\" width=\"12\" height=\"12\" fill=\"none\" viewBox=\"0 0 12 12\">\n\t\t\t\t<path fill=\"#fff\" d=\"M2 0a2 2 0 0 0-2 2v2h1.5V2a.5.5 0 0 1 .5-.5h2V0H2Zm2 10.5H2a.5.5 0 0 1-.5-.5V8H0v2a2 2 0 0 0 2 2h2v-1.5ZM8 12v-1.5h2a.5.5 0 0 0 .5-.5V8H12v2a2 2 0 0 1-2 2H8Zm2-12a2 2 0 0 1 2 2v2h-1.5V2a.5.5 0 0 0-.5-.5H8V0h2Z\" \/>\n\t\t\t<\/svg>\n\t\t<\/button><\/figure>\n\n\n\n<figure data-wp-context=\"{&quot;imageId&quot;:&quot;69f45d6832f65&quot;}\" data-wp-interactive=\"core\/image\" data-wp-key=\"69f45d6832f65\" class=\"wp-block-image size-large wp-lightbox-container\"><img decoding=\"async\" width=\"1024\" height=\"768\" data-wp-class--hide=\"state.isContentHidden\" data-wp-class--show=\"state.isContentVisible\" data-wp-init=\"callbacks.setButtonStyles\" data-wp-on--click=\"actions.showLightbox\" data-wp-on--load=\"callbacks.setButtonStyles\" data-wp-on-window--resize=\"callbacks.setButtonStyles\" data-id=\"36917\" src=\"https:\/\/wpvit.efb.fr\/wp-content\/uploads\/2024\/12\/processed-25CB3709-8D0A-4683-A4D3-CA47DCE36ED6-1024x768.jpeg\" alt=\"\" class=\"wp-image-36917\" srcset=\"https:\/\/wpvit.efb.fr\/wp-content\/uploads\/2024\/12\/processed-25CB3709-8D0A-4683-A4D3-CA47DCE36ED6-1024x768.jpeg 1024w, https:\/\/wpvit.efb.fr\/wp-content\/uploads\/2024\/12\/processed-25CB3709-8D0A-4683-A4D3-CA47DCE36ED6-300x225.jpeg 300w, https:\/\/wpvit.efb.fr\/wp-content\/uploads\/2024\/12\/processed-25CB3709-8D0A-4683-A4D3-CA47DCE36ED6-768x576.jpeg 768w, https:\/\/wpvit.efb.fr\/wp-content\/uploads\/2024\/12\/processed-25CB3709-8D0A-4683-A4D3-CA47DCE36ED6-1536x1152.jpeg 1536w, https:\/\/wpvit.efb.fr\/wp-content\/uploads\/2024\/12\/processed-25CB3709-8D0A-4683-A4D3-CA47DCE36ED6-2048x1536.jpeg 2048w\" sizes=\"(max-width: 1024px) 100vw, 1024px\" \/><button\n\t\t\tclass=\"lightbox-trigger\"\n\t\t\ttype=\"button\"\n\t\t\taria-haspopup=\"dialog\"\n\t\t\taria-label=\"Agrandir\"\n\t\t\tdata-wp-init=\"callbacks.initTriggerButton\"\n\t\t\tdata-wp-on--click=\"actions.showLightbox\"\n\t\t\tdata-wp-style--right=\"state.imageButtonRight\"\n\t\t\tdata-wp-style--top=\"state.imageButtonTop\"\n\t\t>\n\t\t\t<svg xmlns=\"http:\/\/www.w3.org\/2000\/svg\" width=\"12\" height=\"12\" fill=\"none\" viewBox=\"0 0 12 12\">\n\t\t\t\t<path fill=\"#fff\" d=\"M2 0a2 2 0 0 0-2 2v2h1.5V2a.5.5 0 0 1 .5-.5h2V0H2Zm2 10.5H2a.5.5 0 0 1-.5-.5V8H0v2a2 2 0 0 0 2 2h2v-1.5ZM8 12v-1.5h2a.5.5 0 0 0 .5-.5V8H12v2a2 2 0 0 1-2 2H8Zm2-12a2 2 0 0 1 2 2v2h-1.5V2a.5.5 0 0 0-.5-.5H8V0h2Z\" \/>\n\t\t\t<\/svg>\n\t\t<\/button><\/figure>\n\n\n\n<figure data-wp-context=\"{&quot;imageId&quot;:&quot;69f45d683339b&quot;}\" data-wp-interactive=\"core\/image\" data-wp-key=\"69f45d683339b\" class=\"wp-block-image size-large wp-lightbox-container\"><img decoding=\"async\" width=\"1024\" height=\"1015\" data-wp-class--hide=\"state.isContentHidden\" data-wp-class--show=\"state.isContentVisible\" data-wp-init=\"callbacks.setButtonStyles\" data-wp-on--click=\"actions.showLightbox\" data-wp-on--load=\"callbacks.setButtonStyles\" data-wp-on-window--resize=\"callbacks.setButtonStyles\" data-id=\"36919\" src=\"https:\/\/wpvit.efb.fr\/wp-content\/uploads\/2024\/12\/original-6933DC97-A360-44A5-AC38-0944CAFD7BE9-1024x1015.jpeg\" alt=\"\" class=\"wp-image-36919\" srcset=\"https:\/\/wpvit.efb.fr\/wp-content\/uploads\/2024\/12\/original-6933DC97-A360-44A5-AC38-0944CAFD7BE9-1024x1015.jpeg 1024w, https:\/\/wpvit.efb.fr\/wp-content\/uploads\/2024\/12\/original-6933DC97-A360-44A5-AC38-0944CAFD7BE9-300x297.jpeg 300w, https:\/\/wpvit.efb.fr\/wp-content\/uploads\/2024\/12\/original-6933DC97-A360-44A5-AC38-0944CAFD7BE9-150x150.jpeg 150w, https:\/\/wpvit.efb.fr\/wp-content\/uploads\/2024\/12\/original-6933DC97-A360-44A5-AC38-0944CAFD7BE9-768x761.jpeg 768w, https:\/\/wpvit.efb.fr\/wp-content\/uploads\/2024\/12\/original-6933DC97-A360-44A5-AC38-0944CAFD7BE9.jpeg 1388w\" sizes=\"(max-width: 1024px) 100vw, 1024px\" \/><button\n\t\t\tclass=\"lightbox-trigger\"\n\t\t\ttype=\"button\"\n\t\t\taria-haspopup=\"dialog\"\n\t\t\taria-label=\"Agrandir\"\n\t\t\tdata-wp-init=\"callbacks.initTriggerButton\"\n\t\t\tdata-wp-on--click=\"actions.showLightbox\"\n\t\t\tdata-wp-style--right=\"state.imageButtonRight\"\n\t\t\tdata-wp-style--top=\"state.imageButtonTop\"\n\t\t>\n\t\t\t<svg xmlns=\"http:\/\/www.w3.org\/2000\/svg\" width=\"12\" height=\"12\" fill=\"none\" viewBox=\"0 0 12 12\">\n\t\t\t\t<path fill=\"#fff\" d=\"M2 0a2 2 0 0 0-2 2v2h1.5V2a.5.5 0 0 1 .5-.5h2V0H2Zm2 10.5H2a.5.5 0 0 1-.5-.5V8H0v2a2 2 0 0 0 2 2h2v-1.5ZM8 12v-1.5h2a.5.5 0 0 0 .5-.5V8H12v2a2 2 0 0 1-2 2H8Zm2-12a2 2 0 0 1 2 2v2h-1.5V2a.5.5 0 0 0-.5-.5H8V0h2Z\" \/>\n\t\t\t<\/svg>\n\t\t<\/button><\/figure>\n<\/figure>\n","protected":false},"excerpt":{"rendered":"<p>Alors que le #bitcoin atteignait cette semaine les 100 000 dollars, l\u2019EFB organisait ce jeudi 5 d\u00e9cembre en partenariat avec l\u2019Ecole nationale de la Magistrature (ENM) et avec l\u2019appui de l\u2019Autorit\u00e9 des march\u00e9s financiers (AMF) \u2013 France une grande journ\u00e9e de formation d\u00e9di\u00e9e aux crypto-actifs. Cette journ\u00e9e de formation qui r\u00e9unissait les acteurs incontournables du secteur (Tracfin, l\u2019AGRASC, l\u2019Autorit\u00e9 de contr\u00f4le prudentiel et de r\u00e9solution (ACPR), la Ligue pour la s\u00e9curit\u00e9 du web3 (LSW3), Meria, Kramer Levin Naftalis &amp; Frankel LLP, ORWL) a rencontr\u00e9 un franc succ\u00e8s aupr\u00e8s des participants, gr\u00e2ce \u00e0 des \u00e9changes tr\u00e8s riches anim\u00e9s par une \u00e9quipe d\u2019intervenants passionnants que nous remercions chaleureusement !<\/p>\n","protected":false},"author":1,"featured_media":36917,"comment_status":"closed","ping_status":"open","sticky":false,"template":"","format":"standard","meta":{"_acf_changed":false,"footnotes":""},"categories":[1],"tags":[],"class_list":["post-36916","post","type-post","status-publish","format-standard","has-post-thumbnail","hentry","category-non-classe"],"acf":[],"yoast_head":"<!-- This site is optimized with the Yoast SEO plugin v27.4 - https:\/\/yoast.com\/product\/yoast-seo-wordpress\/ -->\n<title>Les crypto-actifs : enjeux et perspectives - efb.fr<\/title>\n<meta name=\"robots\" content=\"index, follow, max-snippet:-1, max-image-preview:large, max-video-preview:-1\" \/>\n<link rel=\"canonical\" href=\"https:\/\/wpvit.efb.fr\/index.php\/les-crypto-actifs-enjeux-et-perspectives\/\" \/>\n<meta property=\"og:locale\" content=\"fr_FR\" \/>\n<meta property=\"og:type\" content=\"article\" \/>\n<meta property=\"og:title\" content=\"Les crypto-actifs : enjeux et perspectives - efb.fr\" \/>\n<meta property=\"og:description\" content=\"Alors que le #bitcoin atteignait cette semaine les 100 000 dollars, l\u2019EFB organisait ce jeudi 5 d\u00e9cembre en partenariat avec l\u2019Ecole nationale de la Magistrature (ENM) et avec l\u2019appui de l\u2019Autorit\u00e9 des march\u00e9s financiers (AMF) \u2013 France une grande journ\u00e9e de formation d\u00e9di\u00e9e aux crypto-actifs. Cette journ\u00e9e de formation qui r\u00e9unissait les acteurs incontournables du secteur (Tracfin, l\u2019AGRASC, l\u2019Autorit\u00e9 de contr\u00f4le prudentiel et de r\u00e9solution (ACPR), la Ligue pour la s\u00e9curit\u00e9 du web3 (LSW3), Meria, Kramer Levin Naftalis &amp; Frankel LLP, ORWL) a rencontr\u00e9 un franc succ\u00e8s aupr\u00e8s des participants, gr\u00e2ce \u00e0 des \u00e9changes tr\u00e8s riches anim\u00e9s par une \u00e9quipe d\u2019intervenants passionnants que nous remercions chaleureusement !\" \/>\n<meta property=\"og:url\" content=\"https:\/\/wpvit.efb.fr\/index.php\/les-crypto-actifs-enjeux-et-perspectives\/\" \/>\n<meta property=\"og:site_name\" content=\"efb.fr\" \/>\n<meta property=\"article:published_time\" content=\"2024-12-09T09:37:55+00:00\" \/>\n<meta property=\"og:image\" content=\"https:\/\/wpvit.efb.fr\/wp-content\/uploads\/2024\/12\/processed-25CB3709-8D0A-4683-A4D3-CA47DCE36ED6-1024x768.jpeg\" \/>\n\t<meta property=\"og:image:width\" content=\"1024\" \/>\n\t<meta property=\"og:image:height\" content=\"768\" \/>\n\t<meta property=\"og:image:type\" content=\"image\/jpeg\" \/>\n<meta name=\"author\" content=\"wordpress_adm\" \/>\n<meta name=\"twitter:card\" content=\"summary_large_image\" \/>\n<meta name=\"twitter:label1\" content=\"\u00c9crit par\" \/>\n\t<meta name=\"twitter:data1\" content=\"wordpress_adm\" \/>\n\t<meta name=\"twitter:label2\" content=\"Dur\u00e9e de lecture estim\u00e9e\" \/>\n\t<meta name=\"twitter:data2\" content=\"2 minutes\" \/>\n<script type=\"application\/ld+json\" class=\"yoast-schema-graph\">{\"@context\":\"https:\\\/\\\/schema.org\",\"@graph\":[{\"@type\":\"Article\",\"@id\":\"https:\\\/\\\/wpvit.efb.fr\\\/index.php\\\/les-crypto-actifs-enjeux-et-perspectives\\\/#article\",\"isPartOf\":{\"@id\":\"https:\\\/\\\/wpvit.efb.fr\\\/index.php\\\/les-crypto-actifs-enjeux-et-perspectives\\\/\"},\"author\":{\"name\":\"wordpress_adm\",\"@id\":\"https:\\\/\\\/wpvit.efb.fr\\\/#\\\/schema\\\/person\\\/b67db37d3f915e9e119c4e66b7e2922a\"},\"headline\":\"Les crypto-actifs : enjeux et perspectives\",\"datePublished\":\"2024-12-09T09:37:55+00:00\",\"mainEntityOfPage\":{\"@id\":\"https:\\\/\\\/wpvit.efb.fr\\\/index.php\\\/les-crypto-actifs-enjeux-et-perspectives\\\/\"},\"wordCount\":128,\"publisher\":{\"@id\":\"https:\\\/\\\/wpvit.efb.fr\\\/#organization\"},\"image\":{\"@id\":\"https:\\\/\\\/wpvit.efb.fr\\\/index.php\\\/les-crypto-actifs-enjeux-et-perspectives\\\/#primaryimage\"},\"thumbnailUrl\":\"https:\\\/\\\/wpvit.efb.fr\\\/wp-content\\\/uploads\\\/2024\\\/12\\\/processed-25CB3709-8D0A-4683-A4D3-CA47DCE36ED6.jpeg\",\"inLanguage\":\"fr-FR\"},{\"@type\":\"WebPage\",\"@id\":\"https:\\\/\\\/wpvit.efb.fr\\\/index.php\\\/les-crypto-actifs-enjeux-et-perspectives\\\/\",\"url\":\"https:\\\/\\\/wpvit.efb.fr\\\/index.php\\\/les-crypto-actifs-enjeux-et-perspectives\\\/\",\"name\":\"Les crypto-actifs : enjeux et perspectives - efb.fr\",\"isPartOf\":{\"@id\":\"https:\\\/\\\/wpvit.efb.fr\\\/#website\"},\"primaryImageOfPage\":{\"@id\":\"https:\\\/\\\/wpvit.efb.fr\\\/index.php\\\/les-crypto-actifs-enjeux-et-perspectives\\\/#primaryimage\"},\"image\":{\"@id\":\"https:\\\/\\\/wpvit.efb.fr\\\/index.php\\\/les-crypto-actifs-enjeux-et-perspectives\\\/#primaryimage\"},\"thumbnailUrl\":\"https:\\\/\\\/wpvit.efb.fr\\\/wp-content\\\/uploads\\\/2024\\\/12\\\/processed-25CB3709-8D0A-4683-A4D3-CA47DCE36ED6.jpeg\",\"datePublished\":\"2024-12-09T09:37:55+00:00\",\"breadcrumb\":{\"@id\":\"https:\\\/\\\/wpvit.efb.fr\\\/index.php\\\/les-crypto-actifs-enjeux-et-perspectives\\\/#breadcrumb\"},\"inLanguage\":\"fr-FR\",\"potentialAction\":[{\"@type\":\"ReadAction\",\"target\":[\"https:\\\/\\\/wpvit.efb.fr\\\/index.php\\\/les-crypto-actifs-enjeux-et-perspectives\\\/\"]}]},{\"@type\":\"ImageObject\",\"inLanguage\":\"fr-FR\",\"@id\":\"https:\\\/\\\/wpvit.efb.fr\\\/index.php\\\/les-crypto-actifs-enjeux-et-perspectives\\\/#primaryimage\",\"url\":\"https:\\\/\\\/wpvit.efb.fr\\\/wp-content\\\/uploads\\\/2024\\\/12\\\/processed-25CB3709-8D0A-4683-A4D3-CA47DCE36ED6.jpeg\",\"contentUrl\":\"https:\\\/\\\/wpvit.efb.fr\\\/wp-content\\\/uploads\\\/2024\\\/12\\\/processed-25CB3709-8D0A-4683-A4D3-CA47DCE36ED6.jpeg\",\"width\":2420,\"height\":1815},{\"@type\":\"BreadcrumbList\",\"@id\":\"https:\\\/\\\/wpvit.efb.fr\\\/index.php\\\/les-crypto-actifs-enjeux-et-perspectives\\\/#breadcrumb\",\"itemListElement\":[{\"@type\":\"ListItem\",\"position\":1,\"name\":\"Accueil\",\"item\":\"https:\\\/\\\/wpvit.efb.fr\\\/\"},{\"@type\":\"ListItem\",\"position\":2,\"name\":\"Les crypto-actifs : enjeux et perspectives\"}]},{\"@type\":\"WebSite\",\"@id\":\"https:\\\/\\\/wpvit.efb.fr\\\/#website\",\"url\":\"https:\\\/\\\/wpvit.efb.fr\\\/\",\"name\":\"EFB\",\"description\":\"\",\"publisher\":{\"@id\":\"https:\\\/\\\/wpvit.efb.fr\\\/#organization\"},\"potentialAction\":[{\"@type\":\"SearchAction\",\"target\":{\"@type\":\"EntryPoint\",\"urlTemplate\":\"https:\\\/\\\/wpvit.efb.fr\\\/?s={search_term_string}\"},\"query-input\":{\"@type\":\"PropertyValueSpecification\",\"valueRequired\":true,\"valueName\":\"search_term_string\"}}],\"inLanguage\":\"fr-FR\"},{\"@type\":\"Organization\",\"@id\":\"https:\\\/\\\/wpvit.efb.fr\\\/#organization\",\"name\":\"\u00c9cole de formation professionnelle des barreaux du ressort de la cour d\u2019appel de Paris (EFB)\",\"alternateName\":\"\u00c9cole de Formation des Barreaux (EFB)\",\"url\":\"https:\\\/\\\/wpvit.efb.fr\\\/\",\"logo\":{\"@type\":\"ImageObject\",\"inLanguage\":\"fr-FR\",\"@id\":\"https:\\\/\\\/wpvit.efb.fr\\\/#\\\/schema\\\/logo\\\/image\\\/\",\"url\":\"https:\\\/\\\/wpvit.efb.fr\\\/wp-content\\\/uploads\\\/2024\\\/10\\\/cropped-Logo-EFB-2023_fond-transparent_mail.png\",\"contentUrl\":\"https:\\\/\\\/wpvit.efb.fr\\\/wp-content\\\/uploads\\\/2024\\\/10\\\/cropped-Logo-EFB-2023_fond-transparent_mail.png\",\"width\":638,\"height\":282,\"caption\":\"\u00c9cole de formation professionnelle des barreaux du ressort de la cour d\u2019appel de Paris (EFB)\"},\"image\":{\"@id\":\"https:\\\/\\\/wpvit.efb.fr\\\/#\\\/schema\\\/logo\\\/image\\\/\"}},{\"@type\":\"Person\",\"@id\":\"https:\\\/\\\/wpvit.efb.fr\\\/#\\\/schema\\\/person\\\/b67db37d3f915e9e119c4e66b7e2922a\",\"name\":\"wordpress_adm\",\"image\":{\"@type\":\"ImageObject\",\"inLanguage\":\"fr-FR\",\"@id\":\"https:\\\/\\\/secure.gravatar.com\\\/avatar\\\/093d90a8ac85d0ebd9579948e52b601bab9901593d225105f51d6c1f47cde80a?s=96&d=mm&r=g\",\"url\":\"https:\\\/\\\/secure.gravatar.com\\\/avatar\\\/093d90a8ac85d0ebd9579948e52b601bab9901593d225105f51d6c1f47cde80a?s=96&d=mm&r=g\",\"contentUrl\":\"https:\\\/\\\/secure.gravatar.com\\\/avatar\\\/093d90a8ac85d0ebd9579948e52b601bab9901593d225105f51d6c1f47cde80a?s=96&d=mm&r=g\",\"caption\":\"wordpress_adm\"},\"sameAs\":[\"http:\\\/\\\/wpvit.efb.fr\"],\"url\":\"https:\\\/\\\/wpvit.efb.fr\\\/index.php\\\/author\\\/wordpress_adm\\\/\"}]}<\/script>\n<!-- \/ Yoast SEO plugin. -->","yoast_head_json":{"title":"Les crypto-actifs : enjeux et perspectives - efb.fr","robots":{"index":"index","follow":"follow","max-snippet":"max-snippet:-1","max-image-preview":"max-image-preview:large","max-video-preview":"max-video-preview:-1"},"canonical":"https:\/\/wpvit.efb.fr\/index.php\/les-crypto-actifs-enjeux-et-perspectives\/","og_locale":"fr_FR","og_type":"article","og_title":"Les crypto-actifs : enjeux et perspectives - efb.fr","og_description":"Alors que le #bitcoin atteignait cette semaine les 100 000 dollars, l\u2019EFB organisait ce jeudi 5 d\u00e9cembre en partenariat avec l\u2019Ecole nationale de la Magistrature (ENM) et avec l\u2019appui de l\u2019Autorit\u00e9 des march\u00e9s financiers (AMF) \u2013 France une grande journ\u00e9e de formation d\u00e9di\u00e9e aux crypto-actifs. Cette journ\u00e9e de formation qui r\u00e9unissait les acteurs incontournables du secteur (Tracfin, l\u2019AGRASC, l\u2019Autorit\u00e9 de contr\u00f4le prudentiel et de r\u00e9solution (ACPR), la Ligue pour la s\u00e9curit\u00e9 du web3 (LSW3), Meria, Kramer Levin Naftalis &amp; Frankel LLP, ORWL) a rencontr\u00e9 un franc succ\u00e8s aupr\u00e8s des participants, gr\u00e2ce \u00e0 des \u00e9changes tr\u00e8s riches anim\u00e9s par une \u00e9quipe d\u2019intervenants passionnants que nous remercions chaleureusement !","og_url":"https:\/\/wpvit.efb.fr\/index.php\/les-crypto-actifs-enjeux-et-perspectives\/","og_site_name":"efb.fr","article_published_time":"2024-12-09T09:37:55+00:00","og_image":[{"width":1024,"height":768,"url":"https:\/\/wpvit.efb.fr\/wp-content\/uploads\/2024\/12\/processed-25CB3709-8D0A-4683-A4D3-CA47DCE36ED6-1024x768.jpeg","type":"image\/jpeg"}],"author":"wordpress_adm","twitter_card":"summary_large_image","twitter_misc":{"\u00c9crit par":"wordpress_adm","Dur\u00e9e de lecture estim\u00e9e":"2 minutes"},"schema":{"@context":"https:\/\/schema.org","@graph":[{"@type":"Article","@id":"https:\/\/wpvit.efb.fr\/index.php\/les-crypto-actifs-enjeux-et-perspectives\/#article","isPartOf":{"@id":"https:\/\/wpvit.efb.fr\/index.php\/les-crypto-actifs-enjeux-et-perspectives\/"},"author":{"name":"wordpress_adm","@id":"https:\/\/wpvit.efb.fr\/#\/schema\/person\/b67db37d3f915e9e119c4e66b7e2922a"},"headline":"Les crypto-actifs : enjeux et perspectives","datePublished":"2024-12-09T09:37:55+00:00","mainEntityOfPage":{"@id":"https:\/\/wpvit.efb.fr\/index.php\/les-crypto-actifs-enjeux-et-perspectives\/"},"wordCount":128,"publisher":{"@id":"https:\/\/wpvit.efb.fr\/#organization"},"image":{"@id":"https:\/\/wpvit.efb.fr\/index.php\/les-crypto-actifs-enjeux-et-perspectives\/#primaryimage"},"thumbnailUrl":"https:\/\/wpvit.efb.fr\/wp-content\/uploads\/2024\/12\/processed-25CB3709-8D0A-4683-A4D3-CA47DCE36ED6.jpeg","inLanguage":"fr-FR"},{"@type":"WebPage","@id":"https:\/\/wpvit.efb.fr\/index.php\/les-crypto-actifs-enjeux-et-perspectives\/","url":"https:\/\/wpvit.efb.fr\/index.php\/les-crypto-actifs-enjeux-et-perspectives\/","name":"Les crypto-actifs : enjeux et perspectives - efb.fr","isPartOf":{"@id":"https:\/\/wpvit.efb.fr\/#website"},"primaryImageOfPage":{"@id":"https:\/\/wpvit.efb.fr\/index.php\/les-crypto-actifs-enjeux-et-perspectives\/#primaryimage"},"image":{"@id":"https:\/\/wpvit.efb.fr\/index.php\/les-crypto-actifs-enjeux-et-perspectives\/#primaryimage"},"thumbnailUrl":"https:\/\/wpvit.efb.fr\/wp-content\/uploads\/2024\/12\/processed-25CB3709-8D0A-4683-A4D3-CA47DCE36ED6.jpeg","datePublished":"2024-12-09T09:37:55+00:00","breadcrumb":{"@id":"https:\/\/wpvit.efb.fr\/index.php\/les-crypto-actifs-enjeux-et-perspectives\/#breadcrumb"},"inLanguage":"fr-FR","potentialAction":[{"@type":"ReadAction","target":["https:\/\/wpvit.efb.fr\/index.php\/les-crypto-actifs-enjeux-et-perspectives\/"]}]},{"@type":"ImageObject","inLanguage":"fr-FR","@id":"https:\/\/wpvit.efb.fr\/index.php\/les-crypto-actifs-enjeux-et-perspectives\/#primaryimage","url":"https:\/\/wpvit.efb.fr\/wp-content\/uploads\/2024\/12\/processed-25CB3709-8D0A-4683-A4D3-CA47DCE36ED6.jpeg","contentUrl":"https:\/\/wpvit.efb.fr\/wp-content\/uploads\/2024\/12\/processed-25CB3709-8D0A-4683-A4D3-CA47DCE36ED6.jpeg","width":2420,"height":1815},{"@type":"BreadcrumbList","@id":"https:\/\/wpvit.efb.fr\/index.php\/les-crypto-actifs-enjeux-et-perspectives\/#breadcrumb","itemListElement":[{"@type":"ListItem","position":1,"name":"Accueil","item":"https:\/\/wpvit.efb.fr\/"},{"@type":"ListItem","position":2,"name":"Les crypto-actifs : enjeux et perspectives"}]},{"@type":"WebSite","@id":"https:\/\/wpvit.efb.fr\/#website","url":"https:\/\/wpvit.efb.fr\/","name":"EFB","description":"","publisher":{"@id":"https:\/\/wpvit.efb.fr\/#organization"},"potentialAction":[{"@type":"SearchAction","target":{"@type":"EntryPoint","urlTemplate":"https:\/\/wpvit.efb.fr\/?s={search_term_string}"},"query-input":{"@type":"PropertyValueSpecification","valueRequired":true,"valueName":"search_term_string"}}],"inLanguage":"fr-FR"},{"@type":"Organization","@id":"https:\/\/wpvit.efb.fr\/#organization","name":"\u00c9cole de formation professionnelle des barreaux du ressort de la cour d\u2019appel de Paris (EFB)","alternateName":"\u00c9cole de Formation des Barreaux (EFB)","url":"https:\/\/wpvit.efb.fr\/","logo":{"@type":"ImageObject","inLanguage":"fr-FR","@id":"https:\/\/wpvit.efb.fr\/#\/schema\/logo\/image\/","url":"https:\/\/wpvit.efb.fr\/wp-content\/uploads\/2024\/10\/cropped-Logo-EFB-2023_fond-transparent_mail.png","contentUrl":"https:\/\/wpvit.efb.fr\/wp-content\/uploads\/2024\/10\/cropped-Logo-EFB-2023_fond-transparent_mail.png","width":638,"height":282,"caption":"\u00c9cole de formation professionnelle des barreaux du ressort de la cour d\u2019appel de Paris (EFB)"},"image":{"@id":"https:\/\/wpvit.efb.fr\/#\/schema\/logo\/image\/"}},{"@type":"Person","@id":"https:\/\/wpvit.efb.fr\/#\/schema\/person\/b67db37d3f915e9e119c4e66b7e2922a","name":"wordpress_adm","image":{"@type":"ImageObject","inLanguage":"fr-FR","@id":"https:\/\/secure.gravatar.com\/avatar\/093d90a8ac85d0ebd9579948e52b601bab9901593d225105f51d6c1f47cde80a?s=96&d=mm&r=g","url":"https:\/\/secure.gravatar.com\/avatar\/093d90a8ac85d0ebd9579948e52b601bab9901593d225105f51d6c1f47cde80a?s=96&d=mm&r=g","contentUrl":"https:\/\/secure.gravatar.com\/avatar\/093d90a8ac85d0ebd9579948e52b601bab9901593d225105f51d6c1f47cde80a?s=96&d=mm&r=g","caption":"wordpress_adm"},"sameAs":["http:\/\/wpvit.efb.fr"],"url":"https:\/\/wpvit.efb.fr\/index.php\/author\/wordpress_adm\/"}]}},"_links":{"self":[{"href":"https:\/\/wpvit.efb.fr\/index.php\/wp-json\/wp\/v2\/posts\/36916","targetHints":{"allow":["GET"]}}],"collection":[{"href":"https:\/\/wpvit.efb.fr\/index.php\/wp-json\/wp\/v2\/posts"}],"about":[{"href":"https:\/\/wpvit.efb.fr\/index.php\/wp-json\/wp\/v2\/types\/post"}],"author":[{"embeddable":true,"href":"https:\/\/wpvit.efb.fr\/index.php\/wp-json\/wp\/v2\/users\/1"}],"replies":[{"embeddable":true,"href":"https:\/\/wpvit.efb.fr\/index.php\/wp-json\/wp\/v2\/comments?post=36916"}],"version-history":[{"count":1,"href":"https:\/\/wpvit.efb.fr\/index.php\/wp-json\/wp\/v2\/posts\/36916\/revisions"}],"predecessor-version":[{"id":36920,"href":"https:\/\/wpvit.efb.fr\/index.php\/wp-json\/wp\/v2\/posts\/36916\/revisions\/36920"}],"wp:featuredmedia":[{"embeddable":true,"href":"https:\/\/wpvit.efb.fr\/index.php\/wp-json\/wp\/v2\/media\/36917"}],"wp:attachment":[{"href":"https:\/\/wpvit.efb.fr\/index.php\/wp-json\/wp\/v2\/media?parent=36916"}],"wp:term":[{"taxonomy":"category","embeddable":true,"href":"https:\/\/wpvit.efb.fr\/index.php\/wp-json\/wp\/v2\/categories?post=36916"},{"taxonomy":"post_tag","embeddable":true,"href":"https:\/\/wpvit.efb.fr\/index.php\/wp-json\/wp\/v2\/tags?post=36916"}],"curies":[{"name":"wp","href":"https:\/\/api.w.org\/{rel}","templated":true}]}}