{"id":38331,"date":"2025-03-19T09:58:04","date_gmt":"2025-03-19T08:58:04","guid":{"rendered":"https:\/\/wpvit.efb.fr\/?p=38331"},"modified":"2025-03-19T09:58:04","modified_gmt":"2025-03-19T08:58:04","slug":"leona-bernard-brillante-representante-de-lefb-au-concours-du-memorial-de-caen","status":"publish","type":"post","link":"https:\/\/wpvit.efb.fr\/index.php\/leona-bernard-brillante-representante-de-lefb-au-concours-du-memorial-de-caen\/","title":{"rendered":"L\u00e9ona Bernard, brillante repr\u00e9sentante de l\u2019EFB au Concours du M\u00e9morial de Caen"},"content":{"rendered":"\n<p>L\u00e9ona Bernard, \u00e9l\u00e8ve avocate de la promotion Jacqueline Laffont, a remarquablement repr\u00e9sent\u00e9 l&rsquo;EFB lors de la finale nationale \u00ab \u00e9l\u00e8ves avocats \u00bb du Concours de plaidoiries pour les droits de l&rsquo;Homme, qui s&rsquo;est tenu ce samedi 15 mars au M\u00e9morial de Caen.&nbsp;<\/p>\n\n\n\n<p>Sa plaidoirie intitul\u00e9e \u00ab\u00a0Combien de rossignols\u00a0\u00bb a beaucoup \u00e9mu le public. Toute l&rsquo;EFB lui adresse ses plus vives f\u00e9licitations !&nbsp;<\/p>\n\n\n\n<p>Pour cette 15e \u00e9dition, c&rsquo;est Louis Graber, \u00e9l\u00e8ve avocat de l&rsquo;\u00c9cole Des Avocats Ali\u00e9nor de Bordeaux &#8211; qui a remport\u00e9 le 1er prix du jury et le prix des \u00e9tudiants. Bravo \u00e0 lui !&nbsp; Pour visionner la vid\u00e9o de ce 15e concours des \u00e9l\u00e8ves avocats, c&rsquo;est par <a href=\"https:\/\/www.youtube.com\/live\/2_ZaxCXXJZo?si=2FYVB26Hq-1EIWa7\">ici<\/a><\/p>\n\n\n\n<figure class=\"wp-block-gallery has-nested-images columns-default is-cropped wp-block-gallery-1 is-layout-flex wp-block-gallery-is-layout-flex\">\n<figure class=\"wp-block-image size-large\"><img fetchpriority=\"high\" decoding=\"async\" width=\"1024\" height=\"642\" data-id=\"38333\" src=\"https:\/\/wpvit.efb.fr\/wp-content\/uploads\/2025\/03\/processed-37504B00-70A9-48A7-B89B-B91A8D571B2D-1024x642.jpeg\" alt=\"\" class=\"wp-image-38333\" srcset=\"https:\/\/wpvit.efb.fr\/wp-content\/uploads\/2025\/03\/processed-37504B00-70A9-48A7-B89B-B91A8D571B2D-1024x642.jpeg 1024w, https:\/\/wpvit.efb.fr\/wp-content\/uploads\/2025\/03\/processed-37504B00-70A9-48A7-B89B-B91A8D571B2D-300x188.jpeg 300w, https:\/\/wpvit.efb.fr\/wp-content\/uploads\/2025\/03\/processed-37504B00-70A9-48A7-B89B-B91A8D571B2D-768x481.jpeg 768w, https:\/\/wpvit.efb.fr\/wp-content\/uploads\/2025\/03\/processed-37504B00-70A9-48A7-B89B-B91A8D571B2D-1536x962.jpeg 1536w, https:\/\/wpvit.efb.fr\/wp-content\/uploads\/2025\/03\/processed-37504B00-70A9-48A7-B89B-B91A8D571B2D-2048x1283.jpeg 2048w\" sizes=\"(max-width: 1024px) 100vw, 1024px\" \/><\/figure>\n\n\n\n<figure class=\"wp-block-image size-large\"><img decoding=\"async\" width=\"936\" height=\"1024\" data-id=\"38332\" src=\"https:\/\/wpvit.efb.fr\/wp-content\/uploads\/2025\/03\/processed-95549A98-9AD6-4E8B-BEB7-8DF81FEE06F0-936x1024.jpeg\" alt=\"\" class=\"wp-image-38332\" srcset=\"https:\/\/wpvit.efb.fr\/wp-content\/uploads\/2025\/03\/processed-95549A98-9AD6-4E8B-BEB7-8DF81FEE06F0-936x1024.jpeg 936w, https:\/\/wpvit.efb.fr\/wp-content\/uploads\/2025\/03\/processed-95549A98-9AD6-4E8B-BEB7-8DF81FEE06F0-274x300.jpeg 274w, https:\/\/wpvit.efb.fr\/wp-content\/uploads\/2025\/03\/processed-95549A98-9AD6-4E8B-BEB7-8DF81FEE06F0-768x840.jpeg 768w, https:\/\/wpvit.efb.fr\/wp-content\/uploads\/2025\/03\/processed-95549A98-9AD6-4E8B-BEB7-8DF81FEE06F0-1404x1536.jpeg 1404w, https:\/\/wpvit.efb.fr\/wp-content\/uploads\/2025\/03\/processed-95549A98-9AD6-4E8B-BEB7-8DF81FEE06F0.jpeg 1870w\" sizes=\"(max-width: 936px) 100vw, 936px\" \/><\/figure>\n<\/figure>\n","protected":false},"excerpt":{"rendered":"<p>L\u00e9ona Bernard, \u00e9l\u00e8ve avocate de la promotion Jacqueline Laffont, a remarquablement repr\u00e9sent\u00e9 l&rsquo;EFB lors de la finale nationale \u00ab \u00e9l\u00e8ves avocats \u00bb du Concours de plaidoiries pour les droits de l&rsquo;Homme, qui s&rsquo;est tenu ce samedi 15 mars au M\u00e9morial de Caen.&nbsp; Sa plaidoirie intitul\u00e9e \u00ab\u00a0Combien de rossignols\u00a0\u00bb a beaucoup \u00e9mu le public. Toute l&rsquo;EFB lui adresse ses plus vives f\u00e9licitations !&nbsp; Pour cette 15e \u00e9dition, c&rsquo;est Louis Graber, \u00e9l\u00e8ve avocat de l&rsquo;\u00c9cole Des Avocats Ali\u00e9nor de Bordeaux &#8211; qui a remport\u00e9 le 1er prix du jury et le prix des \u00e9tudiants. Bravo \u00e0 lui !&nbsp; Pour visionner la vid\u00e9o de ce 15e concours des \u00e9l\u00e8ves avocats, c&rsquo;est par ici<\/p>\n","protected":false},"author":1,"featured_media":38332,"comment_status":"closed","ping_status":"open","sticky":false,"template":"","format":"standard","meta":{"_acf_changed":false,"footnotes":""},"categories":[1],"tags":[],"class_list":["post-38331","post","type-post","status-publish","format-standard","has-post-thumbnail","hentry","category-non-classe"],"acf":[],"yoast_head":"<!-- This site is optimized with the Yoast SEO plugin v27.4 - https:\/\/yoast.com\/product\/yoast-seo-wordpress\/ -->\n<title>L\u00e9ona Bernard, brillante repr\u00e9sentante de l\u2019EFB au Concours du M\u00e9morial de Caen - efb.fr<\/title>\n<meta name=\"robots\" content=\"index, follow, max-snippet:-1, max-image-preview:large, max-video-preview:-1\" \/>\n<link rel=\"canonical\" href=\"https:\/\/wpvit.efb.fr\/index.php\/leona-bernard-brillante-representante-de-lefb-au-concours-du-memorial-de-caen\/\" \/>\n<meta property=\"og:locale\" content=\"fr_FR\" \/>\n<meta property=\"og:type\" content=\"article\" \/>\n<meta property=\"og:title\" content=\"L\u00e9ona Bernard, brillante repr\u00e9sentante de l\u2019EFB au Concours du M\u00e9morial de Caen - efb.fr\" \/>\n<meta property=\"og:description\" content=\"L\u00e9ona Bernard, \u00e9l\u00e8ve avocate de la promotion Jacqueline Laffont, a remarquablement repr\u00e9sent\u00e9 l&rsquo;EFB lors de la finale nationale \u00ab \u00e9l\u00e8ves avocats \u00bb du Concours de plaidoiries pour les droits de l&rsquo;Homme, qui s&rsquo;est tenu ce samedi 15 mars au M\u00e9morial de Caen.&nbsp; Sa plaidoirie intitul\u00e9e \u00ab\u00a0Combien de rossignols\u00a0\u00bb a beaucoup \u00e9mu le public. Toute l&rsquo;EFB lui adresse ses plus vives f\u00e9licitations !&nbsp; Pour cette 15e \u00e9dition, c&rsquo;est Louis Graber, \u00e9l\u00e8ve avocat de l&rsquo;\u00c9cole Des Avocats Ali\u00e9nor de Bordeaux &#8211; qui a remport\u00e9 le 1er prix du jury et le prix des \u00e9tudiants. Bravo \u00e0 lui !&nbsp; Pour visionner la vid\u00e9o de ce 15e concours des \u00e9l\u00e8ves avocats, c&rsquo;est par ici\" \/>\n<meta property=\"og:url\" content=\"https:\/\/wpvit.efb.fr\/index.php\/leona-bernard-brillante-representante-de-lefb-au-concours-du-memorial-de-caen\/\" \/>\n<meta property=\"og:site_name\" content=\"efb.fr\" \/>\n<meta property=\"article:published_time\" content=\"2025-03-19T08:58:04+00:00\" \/>\n<meta property=\"og:image\" content=\"https:\/\/wpvit.efb.fr\/wp-content\/uploads\/2025\/03\/processed-95549A98-9AD6-4E8B-BEB7-8DF81FEE06F0-936x1024.jpeg\" \/>\n\t<meta property=\"og:image:width\" content=\"936\" \/>\n\t<meta property=\"og:image:height\" content=\"1024\" \/>\n\t<meta property=\"og:image:type\" content=\"image\/jpeg\" \/>\n<meta name=\"author\" content=\"wordpress_adm\" \/>\n<meta name=\"twitter:card\" content=\"summary_large_image\" \/>\n<meta name=\"twitter:label1\" content=\"\u00c9crit par\" \/>\n\t<meta name=\"twitter:data1\" content=\"wordpress_adm\" \/>\n\t<meta name=\"twitter:label2\" content=\"Dur\u00e9e de lecture estim\u00e9e\" \/>\n\t<meta name=\"twitter:data2\" content=\"2 minutes\" \/>\n<script type=\"application\/ld+json\" class=\"yoast-schema-graph\">{\"@context\":\"https:\\\/\\\/schema.org\",\"@graph\":[{\"@type\":\"Article\",\"@id\":\"https:\\\/\\\/wpvit.efb.fr\\\/index.php\\\/leona-bernard-brillante-representante-de-lefb-au-concours-du-memorial-de-caen\\\/#article\",\"isPartOf\":{\"@id\":\"https:\\\/\\\/wpvit.efb.fr\\\/index.php\\\/leona-bernard-brillante-representante-de-lefb-au-concours-du-memorial-de-caen\\\/\"},\"author\":{\"name\":\"wordpress_adm\",\"@id\":\"https:\\\/\\\/wpvit.efb.fr\\\/#\\\/schema\\\/person\\\/b67db37d3f915e9e119c4e66b7e2922a\"},\"headline\":\"L\u00e9ona Bernard, brillante repr\u00e9sentante de l\u2019EFB au Concours du M\u00e9morial de Caen\",\"datePublished\":\"2025-03-19T08:58:04+00:00\",\"mainEntityOfPage\":{\"@id\":\"https:\\\/\\\/wpvit.efb.fr\\\/index.php\\\/leona-bernard-brillante-representante-de-lefb-au-concours-du-memorial-de-caen\\\/\"},\"wordCount\":141,\"publisher\":{\"@id\":\"https:\\\/\\\/wpvit.efb.fr\\\/#organization\"},\"image\":{\"@id\":\"https:\\\/\\\/wpvit.efb.fr\\\/index.php\\\/leona-bernard-brillante-representante-de-lefb-au-concours-du-memorial-de-caen\\\/#primaryimage\"},\"thumbnailUrl\":\"https:\\\/\\\/wpvit.efb.fr\\\/wp-content\\\/uploads\\\/2025\\\/03\\\/processed-95549A98-9AD6-4E8B-BEB7-8DF81FEE06F0.jpeg\",\"inLanguage\":\"fr-FR\"},{\"@type\":\"WebPage\",\"@id\":\"https:\\\/\\\/wpvit.efb.fr\\\/index.php\\\/leona-bernard-brillante-representante-de-lefb-au-concours-du-memorial-de-caen\\\/\",\"url\":\"https:\\\/\\\/wpvit.efb.fr\\\/index.php\\\/leona-bernard-brillante-representante-de-lefb-au-concours-du-memorial-de-caen\\\/\",\"name\":\"L\u00e9ona Bernard, brillante repr\u00e9sentante de l\u2019EFB au Concours du M\u00e9morial de Caen - efb.fr\",\"isPartOf\":{\"@id\":\"https:\\\/\\\/wpvit.efb.fr\\\/#website\"},\"primaryImageOfPage\":{\"@id\":\"https:\\\/\\\/wpvit.efb.fr\\\/index.php\\\/leona-bernard-brillante-representante-de-lefb-au-concours-du-memorial-de-caen\\\/#primaryimage\"},\"image\":{\"@id\":\"https:\\\/\\\/wpvit.efb.fr\\\/index.php\\\/leona-bernard-brillante-representante-de-lefb-au-concours-du-memorial-de-caen\\\/#primaryimage\"},\"thumbnailUrl\":\"https:\\\/\\\/wpvit.efb.fr\\\/wp-content\\\/uploads\\\/2025\\\/03\\\/processed-95549A98-9AD6-4E8B-BEB7-8DF81FEE06F0.jpeg\",\"datePublished\":\"2025-03-19T08:58:04+00:00\",\"breadcrumb\":{\"@id\":\"https:\\\/\\\/wpvit.efb.fr\\\/index.php\\\/leona-bernard-brillante-representante-de-lefb-au-concours-du-memorial-de-caen\\\/#breadcrumb\"},\"inLanguage\":\"fr-FR\",\"potentialAction\":[{\"@type\":\"ReadAction\",\"target\":[\"https:\\\/\\\/wpvit.efb.fr\\\/index.php\\\/leona-bernard-brillante-representante-de-lefb-au-concours-du-memorial-de-caen\\\/\"]}]},{\"@type\":\"ImageObject\",\"inLanguage\":\"fr-FR\",\"@id\":\"https:\\\/\\\/wpvit.efb.fr\\\/index.php\\\/leona-bernard-brillante-representante-de-lefb-au-concours-du-memorial-de-caen\\\/#primaryimage\",\"url\":\"https:\\\/\\\/wpvit.efb.fr\\\/wp-content\\\/uploads\\\/2025\\\/03\\\/processed-95549A98-9AD6-4E8B-BEB7-8DF81FEE06F0.jpeg\",\"contentUrl\":\"https:\\\/\\\/wpvit.efb.fr\\\/wp-content\\\/uploads\\\/2025\\\/03\\\/processed-95549A98-9AD6-4E8B-BEB7-8DF81FEE06F0.jpeg\",\"width\":1870,\"height\":2046},{\"@type\":\"BreadcrumbList\",\"@id\":\"https:\\\/\\\/wpvit.efb.fr\\\/index.php\\\/leona-bernard-brillante-representante-de-lefb-au-concours-du-memorial-de-caen\\\/#breadcrumb\",\"itemListElement\":[{\"@type\":\"ListItem\",\"position\":1,\"name\":\"Accueil\",\"item\":\"https:\\\/\\\/wpvit.efb.fr\\\/\"},{\"@type\":\"ListItem\",\"position\":2,\"name\":\"L\u00e9ona Bernard, brillante repr\u00e9sentante de l\u2019EFB au Concours du M\u00e9morial de Caen\"}]},{\"@type\":\"WebSite\",\"@id\":\"https:\\\/\\\/wpvit.efb.fr\\\/#website\",\"url\":\"https:\\\/\\\/wpvit.efb.fr\\\/\",\"name\":\"EFB\",\"description\":\"\",\"publisher\":{\"@id\":\"https:\\\/\\\/wpvit.efb.fr\\\/#organization\"},\"potentialAction\":[{\"@type\":\"SearchAction\",\"target\":{\"@type\":\"EntryPoint\",\"urlTemplate\":\"https:\\\/\\\/wpvit.efb.fr\\\/?s={search_term_string}\"},\"query-input\":{\"@type\":\"PropertyValueSpecification\",\"valueRequired\":true,\"valueName\":\"search_term_string\"}}],\"inLanguage\":\"fr-FR\"},{\"@type\":\"Organization\",\"@id\":\"https:\\\/\\\/wpvit.efb.fr\\\/#organization\",\"name\":\"\u00c9cole de formation professionnelle des barreaux du ressort de la cour d\u2019appel de Paris (EFB)\",\"alternateName\":\"\u00c9cole de Formation des Barreaux (EFB)\",\"url\":\"https:\\\/\\\/wpvit.efb.fr\\\/\",\"logo\":{\"@type\":\"ImageObject\",\"inLanguage\":\"fr-FR\",\"@id\":\"https:\\\/\\\/wpvit.efb.fr\\\/#\\\/schema\\\/logo\\\/image\\\/\",\"url\":\"https:\\\/\\\/wpvit.efb.fr\\\/wp-content\\\/uploads\\\/2024\\\/10\\\/cropped-Logo-EFB-2023_fond-transparent_mail.png\",\"contentUrl\":\"https:\\\/\\\/wpvit.efb.fr\\\/wp-content\\\/uploads\\\/2024\\\/10\\\/cropped-Logo-EFB-2023_fond-transparent_mail.png\",\"width\":638,\"height\":282,\"caption\":\"\u00c9cole de formation professionnelle des barreaux du ressort de la cour d\u2019appel de Paris (EFB)\"},\"image\":{\"@id\":\"https:\\\/\\\/wpvit.efb.fr\\\/#\\\/schema\\\/logo\\\/image\\\/\"}},{\"@type\":\"Person\",\"@id\":\"https:\\\/\\\/wpvit.efb.fr\\\/#\\\/schema\\\/person\\\/b67db37d3f915e9e119c4e66b7e2922a\",\"name\":\"wordpress_adm\",\"image\":{\"@type\":\"ImageObject\",\"inLanguage\":\"fr-FR\",\"@id\":\"https:\\\/\\\/secure.gravatar.com\\\/avatar\\\/093d90a8ac85d0ebd9579948e52b601bab9901593d225105f51d6c1f47cde80a?s=96&d=mm&r=g\",\"url\":\"https:\\\/\\\/secure.gravatar.com\\\/avatar\\\/093d90a8ac85d0ebd9579948e52b601bab9901593d225105f51d6c1f47cde80a?s=96&d=mm&r=g\",\"contentUrl\":\"https:\\\/\\\/secure.gravatar.com\\\/avatar\\\/093d90a8ac85d0ebd9579948e52b601bab9901593d225105f51d6c1f47cde80a?s=96&d=mm&r=g\",\"caption\":\"wordpress_adm\"},\"sameAs\":[\"http:\\\/\\\/wpvit.efb.fr\"],\"url\":\"https:\\\/\\\/wpvit.efb.fr\\\/index.php\\\/author\\\/wordpress_adm\\\/\"}]}<\/script>\n<!-- \/ Yoast SEO plugin. -->","yoast_head_json":{"title":"L\u00e9ona Bernard, brillante repr\u00e9sentante de l\u2019EFB au Concours du M\u00e9morial de Caen - efb.fr","robots":{"index":"index","follow":"follow","max-snippet":"max-snippet:-1","max-image-preview":"max-image-preview:large","max-video-preview":"max-video-preview:-1"},"canonical":"https:\/\/wpvit.efb.fr\/index.php\/leona-bernard-brillante-representante-de-lefb-au-concours-du-memorial-de-caen\/","og_locale":"fr_FR","og_type":"article","og_title":"L\u00e9ona Bernard, brillante repr\u00e9sentante de l\u2019EFB au Concours du M\u00e9morial de Caen - efb.fr","og_description":"L\u00e9ona Bernard, \u00e9l\u00e8ve avocate de la promotion Jacqueline Laffont, a remarquablement repr\u00e9sent\u00e9 l&rsquo;EFB lors de la finale nationale \u00ab \u00e9l\u00e8ves avocats \u00bb du Concours de plaidoiries pour les droits de l&rsquo;Homme, qui s&rsquo;est tenu ce samedi 15 mars au M\u00e9morial de Caen.&nbsp; Sa plaidoirie intitul\u00e9e \u00ab\u00a0Combien de rossignols\u00a0\u00bb a beaucoup \u00e9mu le public. Toute l&rsquo;EFB lui adresse ses plus vives f\u00e9licitations !&nbsp; Pour cette 15e \u00e9dition, c&rsquo;est Louis Graber, \u00e9l\u00e8ve avocat de l&rsquo;\u00c9cole Des Avocats Ali\u00e9nor de Bordeaux &#8211; qui a remport\u00e9 le 1er prix du jury et le prix des \u00e9tudiants. Bravo \u00e0 lui !&nbsp; Pour visionner la vid\u00e9o de ce 15e concours des \u00e9l\u00e8ves avocats, c&rsquo;est par ici","og_url":"https:\/\/wpvit.efb.fr\/index.php\/leona-bernard-brillante-representante-de-lefb-au-concours-du-memorial-de-caen\/","og_site_name":"efb.fr","article_published_time":"2025-03-19T08:58:04+00:00","og_image":[{"width":936,"height":1024,"url":"https:\/\/wpvit.efb.fr\/wp-content\/uploads\/2025\/03\/processed-95549A98-9AD6-4E8B-BEB7-8DF81FEE06F0-936x1024.jpeg","type":"image\/jpeg"}],"author":"wordpress_adm","twitter_card":"summary_large_image","twitter_misc":{"\u00c9crit par":"wordpress_adm","Dur\u00e9e de lecture estim\u00e9e":"2 minutes"},"schema":{"@context":"https:\/\/schema.org","@graph":[{"@type":"Article","@id":"https:\/\/wpvit.efb.fr\/index.php\/leona-bernard-brillante-representante-de-lefb-au-concours-du-memorial-de-caen\/#article","isPartOf":{"@id":"https:\/\/wpvit.efb.fr\/index.php\/leona-bernard-brillante-representante-de-lefb-au-concours-du-memorial-de-caen\/"},"author":{"name":"wordpress_adm","@id":"https:\/\/wpvit.efb.fr\/#\/schema\/person\/b67db37d3f915e9e119c4e66b7e2922a"},"headline":"L\u00e9ona Bernard, brillante repr\u00e9sentante de l\u2019EFB au Concours du M\u00e9morial de Caen","datePublished":"2025-03-19T08:58:04+00:00","mainEntityOfPage":{"@id":"https:\/\/wpvit.efb.fr\/index.php\/leona-bernard-brillante-representante-de-lefb-au-concours-du-memorial-de-caen\/"},"wordCount":141,"publisher":{"@id":"https:\/\/wpvit.efb.fr\/#organization"},"image":{"@id":"https:\/\/wpvit.efb.fr\/index.php\/leona-bernard-brillante-representante-de-lefb-au-concours-du-memorial-de-caen\/#primaryimage"},"thumbnailUrl":"https:\/\/wpvit.efb.fr\/wp-content\/uploads\/2025\/03\/processed-95549A98-9AD6-4E8B-BEB7-8DF81FEE06F0.jpeg","inLanguage":"fr-FR"},{"@type":"WebPage","@id":"https:\/\/wpvit.efb.fr\/index.php\/leona-bernard-brillante-representante-de-lefb-au-concours-du-memorial-de-caen\/","url":"https:\/\/wpvit.efb.fr\/index.php\/leona-bernard-brillante-representante-de-lefb-au-concours-du-memorial-de-caen\/","name":"L\u00e9ona Bernard, brillante repr\u00e9sentante de l\u2019EFB au Concours du M\u00e9morial de Caen - efb.fr","isPartOf":{"@id":"https:\/\/wpvit.efb.fr\/#website"},"primaryImageOfPage":{"@id":"https:\/\/wpvit.efb.fr\/index.php\/leona-bernard-brillante-representante-de-lefb-au-concours-du-memorial-de-caen\/#primaryimage"},"image":{"@id":"https:\/\/wpvit.efb.fr\/index.php\/leona-bernard-brillante-representante-de-lefb-au-concours-du-memorial-de-caen\/#primaryimage"},"thumbnailUrl":"https:\/\/wpvit.efb.fr\/wp-content\/uploads\/2025\/03\/processed-95549A98-9AD6-4E8B-BEB7-8DF81FEE06F0.jpeg","datePublished":"2025-03-19T08:58:04+00:00","breadcrumb":{"@id":"https:\/\/wpvit.efb.fr\/index.php\/leona-bernard-brillante-representante-de-lefb-au-concours-du-memorial-de-caen\/#breadcrumb"},"inLanguage":"fr-FR","potentialAction":[{"@type":"ReadAction","target":["https:\/\/wpvit.efb.fr\/index.php\/leona-bernard-brillante-representante-de-lefb-au-concours-du-memorial-de-caen\/"]}]},{"@type":"ImageObject","inLanguage":"fr-FR","@id":"https:\/\/wpvit.efb.fr\/index.php\/leona-bernard-brillante-representante-de-lefb-au-concours-du-memorial-de-caen\/#primaryimage","url":"https:\/\/wpvit.efb.fr\/wp-content\/uploads\/2025\/03\/processed-95549A98-9AD6-4E8B-BEB7-8DF81FEE06F0.jpeg","contentUrl":"https:\/\/wpvit.efb.fr\/wp-content\/uploads\/2025\/03\/processed-95549A98-9AD6-4E8B-BEB7-8DF81FEE06F0.jpeg","width":1870,"height":2046},{"@type":"BreadcrumbList","@id":"https:\/\/wpvit.efb.fr\/index.php\/leona-bernard-brillante-representante-de-lefb-au-concours-du-memorial-de-caen\/#breadcrumb","itemListElement":[{"@type":"ListItem","position":1,"name":"Accueil","item":"https:\/\/wpvit.efb.fr\/"},{"@type":"ListItem","position":2,"name":"L\u00e9ona Bernard, brillante repr\u00e9sentante de l\u2019EFB au Concours du M\u00e9morial de Caen"}]},{"@type":"WebSite","@id":"https:\/\/wpvit.efb.fr\/#website","url":"https:\/\/wpvit.efb.fr\/","name":"EFB","description":"","publisher":{"@id":"https:\/\/wpvit.efb.fr\/#organization"},"potentialAction":[{"@type":"SearchAction","target":{"@type":"EntryPoint","urlTemplate":"https:\/\/wpvit.efb.fr\/?s={search_term_string}"},"query-input":{"@type":"PropertyValueSpecification","valueRequired":true,"valueName":"search_term_string"}}],"inLanguage":"fr-FR"},{"@type":"Organization","@id":"https:\/\/wpvit.efb.fr\/#organization","name":"\u00c9cole de formation professionnelle des barreaux du ressort de la cour d\u2019appel de Paris (EFB)","alternateName":"\u00c9cole de Formation des Barreaux (EFB)","url":"https:\/\/wpvit.efb.fr\/","logo":{"@type":"ImageObject","inLanguage":"fr-FR","@id":"https:\/\/wpvit.efb.fr\/#\/schema\/logo\/image\/","url":"https:\/\/wpvit.efb.fr\/wp-content\/uploads\/2024\/10\/cropped-Logo-EFB-2023_fond-transparent_mail.png","contentUrl":"https:\/\/wpvit.efb.fr\/wp-content\/uploads\/2024\/10\/cropped-Logo-EFB-2023_fond-transparent_mail.png","width":638,"height":282,"caption":"\u00c9cole de formation professionnelle des barreaux du ressort de la cour d\u2019appel de Paris (EFB)"},"image":{"@id":"https:\/\/wpvit.efb.fr\/#\/schema\/logo\/image\/"}},{"@type":"Person","@id":"https:\/\/wpvit.efb.fr\/#\/schema\/person\/b67db37d3f915e9e119c4e66b7e2922a","name":"wordpress_adm","image":{"@type":"ImageObject","inLanguage":"fr-FR","@id":"https:\/\/secure.gravatar.com\/avatar\/093d90a8ac85d0ebd9579948e52b601bab9901593d225105f51d6c1f47cde80a?s=96&d=mm&r=g","url":"https:\/\/secure.gravatar.com\/avatar\/093d90a8ac85d0ebd9579948e52b601bab9901593d225105f51d6c1f47cde80a?s=96&d=mm&r=g","contentUrl":"https:\/\/secure.gravatar.com\/avatar\/093d90a8ac85d0ebd9579948e52b601bab9901593d225105f51d6c1f47cde80a?s=96&d=mm&r=g","caption":"wordpress_adm"},"sameAs":["http:\/\/wpvit.efb.fr"],"url":"https:\/\/wpvit.efb.fr\/index.php\/author\/wordpress_adm\/"}]}},"_links":{"self":[{"href":"https:\/\/wpvit.efb.fr\/index.php\/wp-json\/wp\/v2\/posts\/38331","targetHints":{"allow":["GET"]}}],"collection":[{"href":"https:\/\/wpvit.efb.fr\/index.php\/wp-json\/wp\/v2\/posts"}],"about":[{"href":"https:\/\/wpvit.efb.fr\/index.php\/wp-json\/wp\/v2\/types\/post"}],"author":[{"embeddable":true,"href":"https:\/\/wpvit.efb.fr\/index.php\/wp-json\/wp\/v2\/users\/1"}],"replies":[{"embeddable":true,"href":"https:\/\/wpvit.efb.fr\/index.php\/wp-json\/wp\/v2\/comments?post=38331"}],"version-history":[{"count":1,"href":"https:\/\/wpvit.efb.fr\/index.php\/wp-json\/wp\/v2\/posts\/38331\/revisions"}],"predecessor-version":[{"id":38334,"href":"https:\/\/wpvit.efb.fr\/index.php\/wp-json\/wp\/v2\/posts\/38331\/revisions\/38334"}],"wp:featuredmedia":[{"embeddable":true,"href":"https:\/\/wpvit.efb.fr\/index.php\/wp-json\/wp\/v2\/media\/38332"}],"wp:attachment":[{"href":"https:\/\/wpvit.efb.fr\/index.php\/wp-json\/wp\/v2\/media?parent=38331"}],"wp:term":[{"taxonomy":"category","embeddable":true,"href":"https:\/\/wpvit.efb.fr\/index.php\/wp-json\/wp\/v2\/categories?post=38331"},{"taxonomy":"post_tag","embeddable":true,"href":"https:\/\/wpvit.efb.fr\/index.php\/wp-json\/wp\/v2\/tags?post=38331"}],"curies":[{"name":"wp","href":"https:\/\/api.w.org\/{rel}","templated":true}]}}