{"id":38798,"date":"2025-04-08T09:55:30","date_gmt":"2025-04-08T07:55:30","guid":{"rendered":"https:\/\/wpvit.efb.fr\/?p=38798"},"modified":"2025-04-11T10:12:37","modified_gmt":"2025-04-11T08:12:37","slug":"lefb-et-lexisnexis-france-sassocient-autour-de-lexis-ai","status":"publish","type":"post","link":"https:\/\/wpvit.efb.fr\/index.php\/lefb-et-lexisnexis-france-sassocient-autour-de-lexis-ai\/","title":{"rendered":"L&rsquo;EFB et LexisNexis France s&rsquo;associent autour de LEXIS+ AI"},"content":{"rendered":"\n<p>L&rsquo;EFB&nbsp;et LexisNexis France&nbsp;annoncent un partenariat permettant aux 1 860 \u00e9l\u00e8ves avocats d&rsquo;acc\u00e9der d\u00e8s avril \u00e0 Lexis+ AI, l&rsquo;assistant juridique d&rsquo;IA g\u00e9n\u00e9rative.<br><br>Avec Lexis+ AI, les \u00e9l\u00e8ves avocats pourront dialoguer, r\u00e9diger, r\u00e9sumer et analyser avec rapidit\u00e9 et pr\u00e9cision, les pr\u00e9parant ainsi efficacement aux d\u00e9fis technologiques de leur future carri\u00e8re !<br><br>\u00ab Ce partenariat incarne pleinement notre ambition de placer l\u2019innovation au c\u0153ur de la formation des \u00e9l\u00e8ves avocats et des avocats \u00bb d\u00e9clare Gilles Accomando, Directeur de l&rsquo;EFB.<br><br>Pour Eric Bonnet-Maes, CEO de LexisNexis CEMEA, \u00ab ce partenariat refl\u00e8te l&rsquo;engagement \u00e0 fournir des solutions innovantes r\u00e9pondant aux besoins \u00e9volutifs de la profession juridique dans un contexte technologique en mutation constante \u00bb<\/p>\n","protected":false},"excerpt":{"rendered":"<p>L&rsquo;EFB&nbsp;et LexisNexis France&nbsp;annoncent un partenariat permettant aux 1 860 \u00e9l\u00e8ves avocats d&rsquo;acc\u00e9der d\u00e8s avril \u00e0 Lexis+ AI, l&rsquo;assistant juridique d&rsquo;IA g\u00e9n\u00e9rative. Avec Lexis+ AI, les \u00e9l\u00e8ves avocats pourront dialoguer, r\u00e9diger, r\u00e9sumer et analyser avec rapidit\u00e9 et pr\u00e9cision, les pr\u00e9parant ainsi efficacement aux d\u00e9fis technologiques de leur future carri\u00e8re ! \u00ab Ce partenariat incarne pleinement notre ambition de placer l\u2019innovation au c\u0153ur de la formation des \u00e9l\u00e8ves avocats et des avocats \u00bb d\u00e9clare Gilles Accomando, Directeur de l&rsquo;EFB. Pour Eric Bonnet-Maes, CEO de LexisNexis CEMEA, \u00ab ce partenariat refl\u00e8te l&rsquo;engagement \u00e0 fournir des solutions innovantes r\u00e9pondant aux besoins \u00e9volutifs de la profession juridique dans un contexte technologique en mutation constante \u00bb<\/p>\n","protected":false},"author":1,"featured_media":38996,"comment_status":"closed","ping_status":"open","sticky":false,"template":"","format":"standard","meta":{"_acf_changed":false,"footnotes":""},"categories":[1],"tags":[],"class_list":["post-38798","post","type-post","status-publish","format-standard","has-post-thumbnail","hentry","category-non-classe"],"acf":[],"yoast_head":"<!-- This site is optimized with the Yoast SEO plugin v27.4 - https:\/\/yoast.com\/product\/yoast-seo-wordpress\/ -->\n<title>L&#039;EFB et LexisNexis France s&#039;associent autour de LEXIS+ AI - efb.fr<\/title>\n<meta name=\"robots\" content=\"index, follow, max-snippet:-1, max-image-preview:large, max-video-preview:-1\" \/>\n<link rel=\"canonical\" href=\"https:\/\/wpvit.efb.fr\/index.php\/lefb-et-lexisnexis-france-sassocient-autour-de-lexis-ai\/\" \/>\n<meta property=\"og:locale\" content=\"fr_FR\" \/>\n<meta property=\"og:type\" content=\"article\" \/>\n<meta property=\"og:title\" content=\"L&#039;EFB et LexisNexis France s&#039;associent autour de LEXIS+ AI - efb.fr\" \/>\n<meta property=\"og:description\" content=\"L&rsquo;EFB&nbsp;et LexisNexis France&nbsp;annoncent un partenariat permettant aux 1 860 \u00e9l\u00e8ves avocats d&rsquo;acc\u00e9der d\u00e8s avril \u00e0 Lexis+ AI, l&rsquo;assistant juridique d&rsquo;IA g\u00e9n\u00e9rative. Avec Lexis+ AI, les \u00e9l\u00e8ves avocats pourront dialoguer, r\u00e9diger, r\u00e9sumer et analyser avec rapidit\u00e9 et pr\u00e9cision, les pr\u00e9parant ainsi efficacement aux d\u00e9fis technologiques de leur future carri\u00e8re ! \u00ab Ce partenariat incarne pleinement notre ambition de placer l\u2019innovation au c\u0153ur de la formation des \u00e9l\u00e8ves avocats et des avocats \u00bb d\u00e9clare Gilles Accomando, Directeur de l&rsquo;EFB. Pour Eric Bonnet-Maes, CEO de LexisNexis CEMEA, \u00ab ce partenariat refl\u00e8te l&rsquo;engagement \u00e0 fournir des solutions innovantes r\u00e9pondant aux besoins \u00e9volutifs de la profession juridique dans un contexte technologique en mutation constante \u00bb\" \/>\n<meta property=\"og:url\" content=\"https:\/\/wpvit.efb.fr\/index.php\/lefb-et-lexisnexis-france-sassocient-autour-de-lexis-ai\/\" \/>\n<meta property=\"og:site_name\" content=\"efb.fr\" \/>\n<meta property=\"article:published_time\" content=\"2025-04-08T07:55:30+00:00\" \/>\n<meta property=\"article:modified_time\" content=\"2025-04-11T08:12:37+00:00\" \/>\n<meta property=\"og:image\" content=\"https:\/\/wpvit.efb.fr\/wp-content\/uploads\/2025\/04\/original-C1218946-C60B-40A5-8AAC-0BB0955E69BD.jpeg\" \/>\n\t<meta property=\"og:image:width\" content=\"1414\" \/>\n\t<meta property=\"og:image:height\" content=\"2000\" \/>\n\t<meta property=\"og:image:type\" content=\"image\/jpeg\" \/>\n<meta name=\"author\" content=\"wordpress_adm\" \/>\n<meta name=\"twitter:card\" content=\"summary_large_image\" \/>\n<meta name=\"twitter:label1\" content=\"\u00c9crit par\" \/>\n\t<meta name=\"twitter:data1\" content=\"wordpress_adm\" \/>\n\t<meta name=\"twitter:label2\" content=\"Dur\u00e9e de lecture estim\u00e9e\" \/>\n\t<meta name=\"twitter:data2\" content=\"1 minute\" \/>\n<script type=\"application\/ld+json\" class=\"yoast-schema-graph\">{\"@context\":\"https:\\\/\\\/schema.org\",\"@graph\":[{\"@type\":\"Article\",\"@id\":\"https:\\\/\\\/wpvit.efb.fr\\\/index.php\\\/lefb-et-lexisnexis-france-sassocient-autour-de-lexis-ai\\\/#article\",\"isPartOf\":{\"@id\":\"https:\\\/\\\/wpvit.efb.fr\\\/index.php\\\/lefb-et-lexisnexis-france-sassocient-autour-de-lexis-ai\\\/\"},\"author\":{\"name\":\"wordpress_adm\",\"@id\":\"https:\\\/\\\/wpvit.efb.fr\\\/#\\\/schema\\\/person\\\/b67db37d3f915e9e119c4e66b7e2922a\"},\"headline\":\"L&rsquo;EFB et LexisNexis France s&rsquo;associent autour de LEXIS+ AI\",\"datePublished\":\"2025-04-08T07:55:30+00:00\",\"dateModified\":\"2025-04-11T08:12:37+00:00\",\"mainEntityOfPage\":{\"@id\":\"https:\\\/\\\/wpvit.efb.fr\\\/index.php\\\/lefb-et-lexisnexis-france-sassocient-autour-de-lexis-ai\\\/\"},\"wordCount\":140,\"publisher\":{\"@id\":\"https:\\\/\\\/wpvit.efb.fr\\\/#organization\"},\"image\":{\"@id\":\"https:\\\/\\\/wpvit.efb.fr\\\/index.php\\\/lefb-et-lexisnexis-france-sassocient-autour-de-lexis-ai\\\/#primaryimage\"},\"thumbnailUrl\":\"https:\\\/\\\/wpvit.efb.fr\\\/wp-content\\\/uploads\\\/2025\\\/04\\\/original-C1218946-C60B-40A5-8AAC-0BB0955E69BD.jpeg\",\"inLanguage\":\"fr-FR\"},{\"@type\":\"WebPage\",\"@id\":\"https:\\\/\\\/wpvit.efb.fr\\\/index.php\\\/lefb-et-lexisnexis-france-sassocient-autour-de-lexis-ai\\\/\",\"url\":\"https:\\\/\\\/wpvit.efb.fr\\\/index.php\\\/lefb-et-lexisnexis-france-sassocient-autour-de-lexis-ai\\\/\",\"name\":\"L'EFB et LexisNexis France s'associent autour de LEXIS+ AI - efb.fr\",\"isPartOf\":{\"@id\":\"https:\\\/\\\/wpvit.efb.fr\\\/#website\"},\"primaryImageOfPage\":{\"@id\":\"https:\\\/\\\/wpvit.efb.fr\\\/index.php\\\/lefb-et-lexisnexis-france-sassocient-autour-de-lexis-ai\\\/#primaryimage\"},\"image\":{\"@id\":\"https:\\\/\\\/wpvit.efb.fr\\\/index.php\\\/lefb-et-lexisnexis-france-sassocient-autour-de-lexis-ai\\\/#primaryimage\"},\"thumbnailUrl\":\"https:\\\/\\\/wpvit.efb.fr\\\/wp-content\\\/uploads\\\/2025\\\/04\\\/original-C1218946-C60B-40A5-8AAC-0BB0955E69BD.jpeg\",\"datePublished\":\"2025-04-08T07:55:30+00:00\",\"dateModified\":\"2025-04-11T08:12:37+00:00\",\"breadcrumb\":{\"@id\":\"https:\\\/\\\/wpvit.efb.fr\\\/index.php\\\/lefb-et-lexisnexis-france-sassocient-autour-de-lexis-ai\\\/#breadcrumb\"},\"inLanguage\":\"fr-FR\",\"potentialAction\":[{\"@type\":\"ReadAction\",\"target\":[\"https:\\\/\\\/wpvit.efb.fr\\\/index.php\\\/lefb-et-lexisnexis-france-sassocient-autour-de-lexis-ai\\\/\"]}]},{\"@type\":\"ImageObject\",\"inLanguage\":\"fr-FR\",\"@id\":\"https:\\\/\\\/wpvit.efb.fr\\\/index.php\\\/lefb-et-lexisnexis-france-sassocient-autour-de-lexis-ai\\\/#primaryimage\",\"url\":\"https:\\\/\\\/wpvit.efb.fr\\\/wp-content\\\/uploads\\\/2025\\\/04\\\/original-C1218946-C60B-40A5-8AAC-0BB0955E69BD.jpeg\",\"contentUrl\":\"https:\\\/\\\/wpvit.efb.fr\\\/wp-content\\\/uploads\\\/2025\\\/04\\\/original-C1218946-C60B-40A5-8AAC-0BB0955E69BD.jpeg\",\"width\":1414,\"height\":2000},{\"@type\":\"BreadcrumbList\",\"@id\":\"https:\\\/\\\/wpvit.efb.fr\\\/index.php\\\/lefb-et-lexisnexis-france-sassocient-autour-de-lexis-ai\\\/#breadcrumb\",\"itemListElement\":[{\"@type\":\"ListItem\",\"position\":1,\"name\":\"Accueil\",\"item\":\"https:\\\/\\\/wpvit.efb.fr\\\/\"},{\"@type\":\"ListItem\",\"position\":2,\"name\":\"L&#8217;EFB et LexisNexis France s&#8217;associent autour de LEXIS+ AI\"}]},{\"@type\":\"WebSite\",\"@id\":\"https:\\\/\\\/wpvit.efb.fr\\\/#website\",\"url\":\"https:\\\/\\\/wpvit.efb.fr\\\/\",\"name\":\"EFB\",\"description\":\"\",\"publisher\":{\"@id\":\"https:\\\/\\\/wpvit.efb.fr\\\/#organization\"},\"potentialAction\":[{\"@type\":\"SearchAction\",\"target\":{\"@type\":\"EntryPoint\",\"urlTemplate\":\"https:\\\/\\\/wpvit.efb.fr\\\/?s={search_term_string}\"},\"query-input\":{\"@type\":\"PropertyValueSpecification\",\"valueRequired\":true,\"valueName\":\"search_term_string\"}}],\"inLanguage\":\"fr-FR\"},{\"@type\":\"Organization\",\"@id\":\"https:\\\/\\\/wpvit.efb.fr\\\/#organization\",\"name\":\"\u00c9cole de formation professionnelle des barreaux du ressort de la cour d\u2019appel de Paris (EFB)\",\"alternateName\":\"\u00c9cole de Formation des Barreaux (EFB)\",\"url\":\"https:\\\/\\\/wpvit.efb.fr\\\/\",\"logo\":{\"@type\":\"ImageObject\",\"inLanguage\":\"fr-FR\",\"@id\":\"https:\\\/\\\/wpvit.efb.fr\\\/#\\\/schema\\\/logo\\\/image\\\/\",\"url\":\"https:\\\/\\\/wpvit.efb.fr\\\/wp-content\\\/uploads\\\/2024\\\/10\\\/cropped-Logo-EFB-2023_fond-transparent_mail.png\",\"contentUrl\":\"https:\\\/\\\/wpvit.efb.fr\\\/wp-content\\\/uploads\\\/2024\\\/10\\\/cropped-Logo-EFB-2023_fond-transparent_mail.png\",\"width\":638,\"height\":282,\"caption\":\"\u00c9cole de formation professionnelle des barreaux du ressort de la cour d\u2019appel de Paris (EFB)\"},\"image\":{\"@id\":\"https:\\\/\\\/wpvit.efb.fr\\\/#\\\/schema\\\/logo\\\/image\\\/\"}},{\"@type\":\"Person\",\"@id\":\"https:\\\/\\\/wpvit.efb.fr\\\/#\\\/schema\\\/person\\\/b67db37d3f915e9e119c4e66b7e2922a\",\"name\":\"wordpress_adm\",\"image\":{\"@type\":\"ImageObject\",\"inLanguage\":\"fr-FR\",\"@id\":\"https:\\\/\\\/secure.gravatar.com\\\/avatar\\\/093d90a8ac85d0ebd9579948e52b601bab9901593d225105f51d6c1f47cde80a?s=96&d=mm&r=g\",\"url\":\"https:\\\/\\\/secure.gravatar.com\\\/avatar\\\/093d90a8ac85d0ebd9579948e52b601bab9901593d225105f51d6c1f47cde80a?s=96&d=mm&r=g\",\"contentUrl\":\"https:\\\/\\\/secure.gravatar.com\\\/avatar\\\/093d90a8ac85d0ebd9579948e52b601bab9901593d225105f51d6c1f47cde80a?s=96&d=mm&r=g\",\"caption\":\"wordpress_adm\"},\"sameAs\":[\"http:\\\/\\\/wpvit.efb.fr\"],\"url\":\"https:\\\/\\\/wpvit.efb.fr\\\/index.php\\\/author\\\/wordpress_adm\\\/\"}]}<\/script>\n<!-- \/ Yoast SEO plugin. -->","yoast_head_json":{"title":"L'EFB et LexisNexis France s'associent autour de LEXIS+ AI - efb.fr","robots":{"index":"index","follow":"follow","max-snippet":"max-snippet:-1","max-image-preview":"max-image-preview:large","max-video-preview":"max-video-preview:-1"},"canonical":"https:\/\/wpvit.efb.fr\/index.php\/lefb-et-lexisnexis-france-sassocient-autour-de-lexis-ai\/","og_locale":"fr_FR","og_type":"article","og_title":"L'EFB et LexisNexis France s'associent autour de LEXIS+ AI - efb.fr","og_description":"L&rsquo;EFB&nbsp;et LexisNexis France&nbsp;annoncent un partenariat permettant aux 1 860 \u00e9l\u00e8ves avocats d&rsquo;acc\u00e9der d\u00e8s avril \u00e0 Lexis+ AI, l&rsquo;assistant juridique d&rsquo;IA g\u00e9n\u00e9rative. Avec Lexis+ AI, les \u00e9l\u00e8ves avocats pourront dialoguer, r\u00e9diger, r\u00e9sumer et analyser avec rapidit\u00e9 et pr\u00e9cision, les pr\u00e9parant ainsi efficacement aux d\u00e9fis technologiques de leur future carri\u00e8re ! \u00ab Ce partenariat incarne pleinement notre ambition de placer l\u2019innovation au c\u0153ur de la formation des \u00e9l\u00e8ves avocats et des avocats \u00bb d\u00e9clare Gilles Accomando, Directeur de l&rsquo;EFB. Pour Eric Bonnet-Maes, CEO de LexisNexis CEMEA, \u00ab ce partenariat refl\u00e8te l&rsquo;engagement \u00e0 fournir des solutions innovantes r\u00e9pondant aux besoins \u00e9volutifs de la profession juridique dans un contexte technologique en mutation constante \u00bb","og_url":"https:\/\/wpvit.efb.fr\/index.php\/lefb-et-lexisnexis-france-sassocient-autour-de-lexis-ai\/","og_site_name":"efb.fr","article_published_time":"2025-04-08T07:55:30+00:00","article_modified_time":"2025-04-11T08:12:37+00:00","og_image":[{"width":1414,"height":2000,"url":"https:\/\/wpvit.efb.fr\/wp-content\/uploads\/2025\/04\/original-C1218946-C60B-40A5-8AAC-0BB0955E69BD.jpeg","type":"image\/jpeg"}],"author":"wordpress_adm","twitter_card":"summary_large_image","twitter_misc":{"\u00c9crit par":"wordpress_adm","Dur\u00e9e de lecture estim\u00e9e":"1 minute"},"schema":{"@context":"https:\/\/schema.org","@graph":[{"@type":"Article","@id":"https:\/\/wpvit.efb.fr\/index.php\/lefb-et-lexisnexis-france-sassocient-autour-de-lexis-ai\/#article","isPartOf":{"@id":"https:\/\/wpvit.efb.fr\/index.php\/lefb-et-lexisnexis-france-sassocient-autour-de-lexis-ai\/"},"author":{"name":"wordpress_adm","@id":"https:\/\/wpvit.efb.fr\/#\/schema\/person\/b67db37d3f915e9e119c4e66b7e2922a"},"headline":"L&rsquo;EFB et LexisNexis France s&rsquo;associent autour de LEXIS+ AI","datePublished":"2025-04-08T07:55:30+00:00","dateModified":"2025-04-11T08:12:37+00:00","mainEntityOfPage":{"@id":"https:\/\/wpvit.efb.fr\/index.php\/lefb-et-lexisnexis-france-sassocient-autour-de-lexis-ai\/"},"wordCount":140,"publisher":{"@id":"https:\/\/wpvit.efb.fr\/#organization"},"image":{"@id":"https:\/\/wpvit.efb.fr\/index.php\/lefb-et-lexisnexis-france-sassocient-autour-de-lexis-ai\/#primaryimage"},"thumbnailUrl":"https:\/\/wpvit.efb.fr\/wp-content\/uploads\/2025\/04\/original-C1218946-C60B-40A5-8AAC-0BB0955E69BD.jpeg","inLanguage":"fr-FR"},{"@type":"WebPage","@id":"https:\/\/wpvit.efb.fr\/index.php\/lefb-et-lexisnexis-france-sassocient-autour-de-lexis-ai\/","url":"https:\/\/wpvit.efb.fr\/index.php\/lefb-et-lexisnexis-france-sassocient-autour-de-lexis-ai\/","name":"L'EFB et LexisNexis France s'associent autour de LEXIS+ AI - efb.fr","isPartOf":{"@id":"https:\/\/wpvit.efb.fr\/#website"},"primaryImageOfPage":{"@id":"https:\/\/wpvit.efb.fr\/index.php\/lefb-et-lexisnexis-france-sassocient-autour-de-lexis-ai\/#primaryimage"},"image":{"@id":"https:\/\/wpvit.efb.fr\/index.php\/lefb-et-lexisnexis-france-sassocient-autour-de-lexis-ai\/#primaryimage"},"thumbnailUrl":"https:\/\/wpvit.efb.fr\/wp-content\/uploads\/2025\/04\/original-C1218946-C60B-40A5-8AAC-0BB0955E69BD.jpeg","datePublished":"2025-04-08T07:55:30+00:00","dateModified":"2025-04-11T08:12:37+00:00","breadcrumb":{"@id":"https:\/\/wpvit.efb.fr\/index.php\/lefb-et-lexisnexis-france-sassocient-autour-de-lexis-ai\/#breadcrumb"},"inLanguage":"fr-FR","potentialAction":[{"@type":"ReadAction","target":["https:\/\/wpvit.efb.fr\/index.php\/lefb-et-lexisnexis-france-sassocient-autour-de-lexis-ai\/"]}]},{"@type":"ImageObject","inLanguage":"fr-FR","@id":"https:\/\/wpvit.efb.fr\/index.php\/lefb-et-lexisnexis-france-sassocient-autour-de-lexis-ai\/#primaryimage","url":"https:\/\/wpvit.efb.fr\/wp-content\/uploads\/2025\/04\/original-C1218946-C60B-40A5-8AAC-0BB0955E69BD.jpeg","contentUrl":"https:\/\/wpvit.efb.fr\/wp-content\/uploads\/2025\/04\/original-C1218946-C60B-40A5-8AAC-0BB0955E69BD.jpeg","width":1414,"height":2000},{"@type":"BreadcrumbList","@id":"https:\/\/wpvit.efb.fr\/index.php\/lefb-et-lexisnexis-france-sassocient-autour-de-lexis-ai\/#breadcrumb","itemListElement":[{"@type":"ListItem","position":1,"name":"Accueil","item":"https:\/\/wpvit.efb.fr\/"},{"@type":"ListItem","position":2,"name":"L&#8217;EFB et LexisNexis France s&#8217;associent autour de LEXIS+ AI"}]},{"@type":"WebSite","@id":"https:\/\/wpvit.efb.fr\/#website","url":"https:\/\/wpvit.efb.fr\/","name":"EFB","description":"","publisher":{"@id":"https:\/\/wpvit.efb.fr\/#organization"},"potentialAction":[{"@type":"SearchAction","target":{"@type":"EntryPoint","urlTemplate":"https:\/\/wpvit.efb.fr\/?s={search_term_string}"},"query-input":{"@type":"PropertyValueSpecification","valueRequired":true,"valueName":"search_term_string"}}],"inLanguage":"fr-FR"},{"@type":"Organization","@id":"https:\/\/wpvit.efb.fr\/#organization","name":"\u00c9cole de formation professionnelle des barreaux du ressort de la cour d\u2019appel de Paris (EFB)","alternateName":"\u00c9cole de Formation des Barreaux (EFB)","url":"https:\/\/wpvit.efb.fr\/","logo":{"@type":"ImageObject","inLanguage":"fr-FR","@id":"https:\/\/wpvit.efb.fr\/#\/schema\/logo\/image\/","url":"https:\/\/wpvit.efb.fr\/wp-content\/uploads\/2024\/10\/cropped-Logo-EFB-2023_fond-transparent_mail.png","contentUrl":"https:\/\/wpvit.efb.fr\/wp-content\/uploads\/2024\/10\/cropped-Logo-EFB-2023_fond-transparent_mail.png","width":638,"height":282,"caption":"\u00c9cole de formation professionnelle des barreaux du ressort de la cour d\u2019appel de Paris (EFB)"},"image":{"@id":"https:\/\/wpvit.efb.fr\/#\/schema\/logo\/image\/"}},{"@type":"Person","@id":"https:\/\/wpvit.efb.fr\/#\/schema\/person\/b67db37d3f915e9e119c4e66b7e2922a","name":"wordpress_adm","image":{"@type":"ImageObject","inLanguage":"fr-FR","@id":"https:\/\/secure.gravatar.com\/avatar\/093d90a8ac85d0ebd9579948e52b601bab9901593d225105f51d6c1f47cde80a?s=96&d=mm&r=g","url":"https:\/\/secure.gravatar.com\/avatar\/093d90a8ac85d0ebd9579948e52b601bab9901593d225105f51d6c1f47cde80a?s=96&d=mm&r=g","contentUrl":"https:\/\/secure.gravatar.com\/avatar\/093d90a8ac85d0ebd9579948e52b601bab9901593d225105f51d6c1f47cde80a?s=96&d=mm&r=g","caption":"wordpress_adm"},"sameAs":["http:\/\/wpvit.efb.fr"],"url":"https:\/\/wpvit.efb.fr\/index.php\/author\/wordpress_adm\/"}]}},"_links":{"self":[{"href":"https:\/\/wpvit.efb.fr\/index.php\/wp-json\/wp\/v2\/posts\/38798","targetHints":{"allow":["GET"]}}],"collection":[{"href":"https:\/\/wpvit.efb.fr\/index.php\/wp-json\/wp\/v2\/posts"}],"about":[{"href":"https:\/\/wpvit.efb.fr\/index.php\/wp-json\/wp\/v2\/types\/post"}],"author":[{"embeddable":true,"href":"https:\/\/wpvit.efb.fr\/index.php\/wp-json\/wp\/v2\/users\/1"}],"replies":[{"embeddable":true,"href":"https:\/\/wpvit.efb.fr\/index.php\/wp-json\/wp\/v2\/comments?post=38798"}],"version-history":[{"count":1,"href":"https:\/\/wpvit.efb.fr\/index.php\/wp-json\/wp\/v2\/posts\/38798\/revisions"}],"predecessor-version":[{"id":38800,"href":"https:\/\/wpvit.efb.fr\/index.php\/wp-json\/wp\/v2\/posts\/38798\/revisions\/38800"}],"wp:featuredmedia":[{"embeddable":true,"href":"https:\/\/wpvit.efb.fr\/index.php\/wp-json\/wp\/v2\/media\/38996"}],"wp:attachment":[{"href":"https:\/\/wpvit.efb.fr\/index.php\/wp-json\/wp\/v2\/media?parent=38798"}],"wp:term":[{"taxonomy":"category","embeddable":true,"href":"https:\/\/wpvit.efb.fr\/index.php\/wp-json\/wp\/v2\/categories?post=38798"},{"taxonomy":"post_tag","embeddable":true,"href":"https:\/\/wpvit.efb.fr\/index.php\/wp-json\/wp\/v2\/tags?post=38798"}],"curies":[{"name":"wp","href":"https:\/\/api.w.org\/{rel}","templated":true}]}}