{"id":39071,"date":"2025-04-25T13:21:34","date_gmt":"2025-04-25T11:21:34","guid":{"rendered":"https:\/\/wpvit.efb.fr\/?p=39071"},"modified":"2025-04-25T13:23:07","modified_gmt":"2025-04-25T11:23:07","slug":"lassociation-a-travers-les-murs-recoit-le-prix-olivier-cousi-du-barreau-de-paris","status":"publish","type":"post","link":"https:\/\/wpvit.efb.fr\/index.php\/lassociation-a-travers-les-murs-recoit-le-prix-olivier-cousi-du-barreau-de-paris\/","title":{"rendered":"L\u2019association \u00c0 Travers Les Murs re\u00e7oit le Prix Olivier Cousi du Barreau de Paris"},"content":{"rendered":"\n<p>\u00c0 Travers Les Murs, c\u2019est une association fond\u00e9e en 2020 par quatre \u00e9tudiants en droit, avec une conviction forte : transmettre l\u2019art oratoire en milieu carc\u00e9ral pour faire de la parole un levier de r\u00e9insertion. Aujourd\u2019hui l\u2019association intervient dans plus de la moiti\u00e9 des prisons franciliennes, ainsi que dans de nombreux \u00e9tablissements en France et outre-mer.<\/p>\n\n\n\n<p>Pr\u00e9sid\u00e9e par Ilan Volson-Derabours et Lucas Galand, \u00e9l\u00e8ves avocats \u00e0 l\u2019EFB, \u00c0 Travers Les Murs a eu l\u2019honneur de recevoir le 4 mars dernier le Prix Olivier Cousi du Barreau de Paris, une reconnaissance majeure de leur engagement en faveur de la justice !<\/p>\n","protected":false},"excerpt":{"rendered":"<p>\u00c0 Travers Les Murs, c\u2019est une association fond\u00e9e en 2020 par quatre \u00e9tudiants en droit, avec une conviction forte : transmettre l\u2019art oratoire en milieu carc\u00e9ral pour faire de la parole un levier de r\u00e9insertion. Aujourd\u2019hui l\u2019association intervient dans plus de la moiti\u00e9 des prisons franciliennes, ainsi que dans de nombreux \u00e9tablissements en France et outre-mer. Pr\u00e9sid\u00e9e par Ilan Volson-Derabours et Lucas Galand, \u00e9l\u00e8ves avocats \u00e0 l\u2019EFB, \u00c0 Travers Les Murs a eu l\u2019honneur de recevoir le 4 mars dernier le Prix Olivier Cousi du Barreau de Paris, une reconnaissance majeure de leur engagement en faveur de la justice !<\/p>\n","protected":false},"author":1,"featured_media":39075,"comment_status":"closed","ping_status":"open","sticky":false,"template":"","format":"standard","meta":{"_acf_changed":false,"footnotes":""},"categories":[1],"tags":[],"class_list":["post-39071","post","type-post","status-publish","format-standard","has-post-thumbnail","hentry","category-non-classe"],"acf":[],"yoast_head":"<!-- This site is optimized with the Yoast SEO plugin v27.4 - https:\/\/yoast.com\/product\/yoast-seo-wordpress\/ -->\n<title>L\u2019association \u00c0 Travers Les Murs re\u00e7oit le Prix Olivier Cousi du Barreau de Paris - efb.fr<\/title>\n<meta name=\"robots\" content=\"index, follow, max-snippet:-1, max-image-preview:large, max-video-preview:-1\" \/>\n<link rel=\"canonical\" href=\"https:\/\/wpvit.efb.fr\/index.php\/lassociation-a-travers-les-murs-recoit-le-prix-olivier-cousi-du-barreau-de-paris\/\" \/>\n<meta property=\"og:locale\" content=\"fr_FR\" \/>\n<meta property=\"og:type\" content=\"article\" \/>\n<meta property=\"og:title\" content=\"L\u2019association \u00c0 Travers Les Murs re\u00e7oit le Prix Olivier Cousi du Barreau de Paris - efb.fr\" \/>\n<meta property=\"og:description\" content=\"\u00c0 Travers Les Murs, c\u2019est une association fond\u00e9e en 2020 par quatre \u00e9tudiants en droit, avec une conviction forte : transmettre l\u2019art oratoire en milieu carc\u00e9ral pour faire de la parole un levier de r\u00e9insertion. Aujourd\u2019hui l\u2019association intervient dans plus de la moiti\u00e9 des prisons franciliennes, ainsi que dans de nombreux \u00e9tablissements en France et outre-mer. Pr\u00e9sid\u00e9e par Ilan Volson-Derabours et Lucas Galand, \u00e9l\u00e8ves avocats \u00e0 l\u2019EFB, \u00c0 Travers Les Murs a eu l\u2019honneur de recevoir le 4 mars dernier le Prix Olivier Cousi du Barreau de Paris, une reconnaissance majeure de leur engagement en faveur de la justice !\" \/>\n<meta property=\"og:url\" content=\"https:\/\/wpvit.efb.fr\/index.php\/lassociation-a-travers-les-murs-recoit-le-prix-olivier-cousi-du-barreau-de-paris\/\" \/>\n<meta property=\"og:site_name\" content=\"efb.fr\" \/>\n<meta property=\"article:published_time\" content=\"2025-04-25T11:21:34+00:00\" \/>\n<meta property=\"article:modified_time\" content=\"2025-04-25T11:23:07+00:00\" \/>\n<meta property=\"og:image\" content=\"https:\/\/wpvit.efb.fr\/wp-content\/uploads\/2025\/04\/original-C2934886-0D34-40EA-9AAF-9B544BE9708C-002.jpeg\" \/>\n\t<meta property=\"og:image:width\" content=\"1179\" \/>\n\t<meta property=\"og:image:height\" content=\"912\" \/>\n\t<meta property=\"og:image:type\" content=\"image\/jpeg\" \/>\n<meta name=\"author\" content=\"wordpress_adm\" \/>\n<meta name=\"twitter:card\" content=\"summary_large_image\" \/>\n<meta name=\"twitter:label1\" content=\"\u00c9crit par\" \/>\n\t<meta name=\"twitter:data1\" content=\"wordpress_adm\" \/>\n\t<meta name=\"twitter:label2\" content=\"Dur\u00e9e de lecture estim\u00e9e\" \/>\n\t<meta name=\"twitter:data2\" content=\"1 minute\" \/>\n<script type=\"application\/ld+json\" class=\"yoast-schema-graph\">{\"@context\":\"https:\\\/\\\/schema.org\",\"@graph\":[{\"@type\":\"Article\",\"@id\":\"https:\\\/\\\/wpvit.efb.fr\\\/index.php\\\/lassociation-a-travers-les-murs-recoit-le-prix-olivier-cousi-du-barreau-de-paris\\\/#article\",\"isPartOf\":{\"@id\":\"https:\\\/\\\/wpvit.efb.fr\\\/index.php\\\/lassociation-a-travers-les-murs-recoit-le-prix-olivier-cousi-du-barreau-de-paris\\\/\"},\"author\":{\"name\":\"wordpress_adm\",\"@id\":\"https:\\\/\\\/wpvit.efb.fr\\\/#\\\/schema\\\/person\\\/b67db37d3f915e9e119c4e66b7e2922a\"},\"headline\":\"L\u2019association \u00c0 Travers Les Murs re\u00e7oit le Prix Olivier Cousi du Barreau de Paris\",\"datePublished\":\"2025-04-25T11:21:34+00:00\",\"dateModified\":\"2025-04-25T11:23:07+00:00\",\"mainEntityOfPage\":{\"@id\":\"https:\\\/\\\/wpvit.efb.fr\\\/index.php\\\/lassociation-a-travers-les-murs-recoit-le-prix-olivier-cousi-du-barreau-de-paris\\\/\"},\"wordCount\":120,\"publisher\":{\"@id\":\"https:\\\/\\\/wpvit.efb.fr\\\/#organization\"},\"image\":{\"@id\":\"https:\\\/\\\/wpvit.efb.fr\\\/index.php\\\/lassociation-a-travers-les-murs-recoit-le-prix-olivier-cousi-du-barreau-de-paris\\\/#primaryimage\"},\"thumbnailUrl\":\"https:\\\/\\\/wpvit.efb.fr\\\/wp-content\\\/uploads\\\/2025\\\/04\\\/original-C2934886-0D34-40EA-9AAF-9B544BE9708C-002.jpeg\",\"inLanguage\":\"fr-FR\"},{\"@type\":\"WebPage\",\"@id\":\"https:\\\/\\\/wpvit.efb.fr\\\/index.php\\\/lassociation-a-travers-les-murs-recoit-le-prix-olivier-cousi-du-barreau-de-paris\\\/\",\"url\":\"https:\\\/\\\/wpvit.efb.fr\\\/index.php\\\/lassociation-a-travers-les-murs-recoit-le-prix-olivier-cousi-du-barreau-de-paris\\\/\",\"name\":\"L\u2019association \u00c0 Travers Les Murs re\u00e7oit le Prix Olivier Cousi du Barreau de Paris - efb.fr\",\"isPartOf\":{\"@id\":\"https:\\\/\\\/wpvit.efb.fr\\\/#website\"},\"primaryImageOfPage\":{\"@id\":\"https:\\\/\\\/wpvit.efb.fr\\\/index.php\\\/lassociation-a-travers-les-murs-recoit-le-prix-olivier-cousi-du-barreau-de-paris\\\/#primaryimage\"},\"image\":{\"@id\":\"https:\\\/\\\/wpvit.efb.fr\\\/index.php\\\/lassociation-a-travers-les-murs-recoit-le-prix-olivier-cousi-du-barreau-de-paris\\\/#primaryimage\"},\"thumbnailUrl\":\"https:\\\/\\\/wpvit.efb.fr\\\/wp-content\\\/uploads\\\/2025\\\/04\\\/original-C2934886-0D34-40EA-9AAF-9B544BE9708C-002.jpeg\",\"datePublished\":\"2025-04-25T11:21:34+00:00\",\"dateModified\":\"2025-04-25T11:23:07+00:00\",\"breadcrumb\":{\"@id\":\"https:\\\/\\\/wpvit.efb.fr\\\/index.php\\\/lassociation-a-travers-les-murs-recoit-le-prix-olivier-cousi-du-barreau-de-paris\\\/#breadcrumb\"},\"inLanguage\":\"fr-FR\",\"potentialAction\":[{\"@type\":\"ReadAction\",\"target\":[\"https:\\\/\\\/wpvit.efb.fr\\\/index.php\\\/lassociation-a-travers-les-murs-recoit-le-prix-olivier-cousi-du-barreau-de-paris\\\/\"]}]},{\"@type\":\"ImageObject\",\"inLanguage\":\"fr-FR\",\"@id\":\"https:\\\/\\\/wpvit.efb.fr\\\/index.php\\\/lassociation-a-travers-les-murs-recoit-le-prix-olivier-cousi-du-barreau-de-paris\\\/#primaryimage\",\"url\":\"https:\\\/\\\/wpvit.efb.fr\\\/wp-content\\\/uploads\\\/2025\\\/04\\\/original-C2934886-0D34-40EA-9AAF-9B544BE9708C-002.jpeg\",\"contentUrl\":\"https:\\\/\\\/wpvit.efb.fr\\\/wp-content\\\/uploads\\\/2025\\\/04\\\/original-C2934886-0D34-40EA-9AAF-9B544BE9708C-002.jpeg\",\"width\":1179,\"height\":912},{\"@type\":\"BreadcrumbList\",\"@id\":\"https:\\\/\\\/wpvit.efb.fr\\\/index.php\\\/lassociation-a-travers-les-murs-recoit-le-prix-olivier-cousi-du-barreau-de-paris\\\/#breadcrumb\",\"itemListElement\":[{\"@type\":\"ListItem\",\"position\":1,\"name\":\"Accueil\",\"item\":\"https:\\\/\\\/wpvit.efb.fr\\\/\"},{\"@type\":\"ListItem\",\"position\":2,\"name\":\"L\u2019association \u00c0 Travers Les Murs re\u00e7oit le Prix Olivier Cousi du Barreau de Paris\"}]},{\"@type\":\"WebSite\",\"@id\":\"https:\\\/\\\/wpvit.efb.fr\\\/#website\",\"url\":\"https:\\\/\\\/wpvit.efb.fr\\\/\",\"name\":\"EFB\",\"description\":\"\",\"publisher\":{\"@id\":\"https:\\\/\\\/wpvit.efb.fr\\\/#organization\"},\"potentialAction\":[{\"@type\":\"SearchAction\",\"target\":{\"@type\":\"EntryPoint\",\"urlTemplate\":\"https:\\\/\\\/wpvit.efb.fr\\\/?s={search_term_string}\"},\"query-input\":{\"@type\":\"PropertyValueSpecification\",\"valueRequired\":true,\"valueName\":\"search_term_string\"}}],\"inLanguage\":\"fr-FR\"},{\"@type\":\"Organization\",\"@id\":\"https:\\\/\\\/wpvit.efb.fr\\\/#organization\",\"name\":\"\u00c9cole de formation professionnelle des barreaux du ressort de la cour d\u2019appel de Paris (EFB)\",\"alternateName\":\"\u00c9cole de Formation des Barreaux (EFB)\",\"url\":\"https:\\\/\\\/wpvit.efb.fr\\\/\",\"logo\":{\"@type\":\"ImageObject\",\"inLanguage\":\"fr-FR\",\"@id\":\"https:\\\/\\\/wpvit.efb.fr\\\/#\\\/schema\\\/logo\\\/image\\\/\",\"url\":\"https:\\\/\\\/wpvit.efb.fr\\\/wp-content\\\/uploads\\\/2024\\\/10\\\/cropped-Logo-EFB-2023_fond-transparent_mail.png\",\"contentUrl\":\"https:\\\/\\\/wpvit.efb.fr\\\/wp-content\\\/uploads\\\/2024\\\/10\\\/cropped-Logo-EFB-2023_fond-transparent_mail.png\",\"width\":638,\"height\":282,\"caption\":\"\u00c9cole de formation professionnelle des barreaux du ressort de la cour d\u2019appel de Paris (EFB)\"},\"image\":{\"@id\":\"https:\\\/\\\/wpvit.efb.fr\\\/#\\\/schema\\\/logo\\\/image\\\/\"}},{\"@type\":\"Person\",\"@id\":\"https:\\\/\\\/wpvit.efb.fr\\\/#\\\/schema\\\/person\\\/b67db37d3f915e9e119c4e66b7e2922a\",\"name\":\"wordpress_adm\",\"image\":{\"@type\":\"ImageObject\",\"inLanguage\":\"fr-FR\",\"@id\":\"https:\\\/\\\/secure.gravatar.com\\\/avatar\\\/093d90a8ac85d0ebd9579948e52b601bab9901593d225105f51d6c1f47cde80a?s=96&d=mm&r=g\",\"url\":\"https:\\\/\\\/secure.gravatar.com\\\/avatar\\\/093d90a8ac85d0ebd9579948e52b601bab9901593d225105f51d6c1f47cde80a?s=96&d=mm&r=g\",\"contentUrl\":\"https:\\\/\\\/secure.gravatar.com\\\/avatar\\\/093d90a8ac85d0ebd9579948e52b601bab9901593d225105f51d6c1f47cde80a?s=96&d=mm&r=g\",\"caption\":\"wordpress_adm\"},\"sameAs\":[\"http:\\\/\\\/wpvit.efb.fr\"],\"url\":\"https:\\\/\\\/wpvit.efb.fr\\\/index.php\\\/author\\\/wordpress_adm\\\/\"}]}<\/script>\n<!-- \/ Yoast SEO plugin. -->","yoast_head_json":{"title":"L\u2019association \u00c0 Travers Les Murs re\u00e7oit le Prix Olivier Cousi du Barreau de Paris - efb.fr","robots":{"index":"index","follow":"follow","max-snippet":"max-snippet:-1","max-image-preview":"max-image-preview:large","max-video-preview":"max-video-preview:-1"},"canonical":"https:\/\/wpvit.efb.fr\/index.php\/lassociation-a-travers-les-murs-recoit-le-prix-olivier-cousi-du-barreau-de-paris\/","og_locale":"fr_FR","og_type":"article","og_title":"L\u2019association \u00c0 Travers Les Murs re\u00e7oit le Prix Olivier Cousi du Barreau de Paris - efb.fr","og_description":"\u00c0 Travers Les Murs, c\u2019est une association fond\u00e9e en 2020 par quatre \u00e9tudiants en droit, avec une conviction forte : transmettre l\u2019art oratoire en milieu carc\u00e9ral pour faire de la parole un levier de r\u00e9insertion. Aujourd\u2019hui l\u2019association intervient dans plus de la moiti\u00e9 des prisons franciliennes, ainsi que dans de nombreux \u00e9tablissements en France et outre-mer. Pr\u00e9sid\u00e9e par Ilan Volson-Derabours et Lucas Galand, \u00e9l\u00e8ves avocats \u00e0 l\u2019EFB, \u00c0 Travers Les Murs a eu l\u2019honneur de recevoir le 4 mars dernier le Prix Olivier Cousi du Barreau de Paris, une reconnaissance majeure de leur engagement en faveur de la justice !","og_url":"https:\/\/wpvit.efb.fr\/index.php\/lassociation-a-travers-les-murs-recoit-le-prix-olivier-cousi-du-barreau-de-paris\/","og_site_name":"efb.fr","article_published_time":"2025-04-25T11:21:34+00:00","article_modified_time":"2025-04-25T11:23:07+00:00","og_image":[{"width":1179,"height":912,"url":"https:\/\/wpvit.efb.fr\/wp-content\/uploads\/2025\/04\/original-C2934886-0D34-40EA-9AAF-9B544BE9708C-002.jpeg","type":"image\/jpeg"}],"author":"wordpress_adm","twitter_card":"summary_large_image","twitter_misc":{"\u00c9crit par":"wordpress_adm","Dur\u00e9e de lecture estim\u00e9e":"1 minute"},"schema":{"@context":"https:\/\/schema.org","@graph":[{"@type":"Article","@id":"https:\/\/wpvit.efb.fr\/index.php\/lassociation-a-travers-les-murs-recoit-le-prix-olivier-cousi-du-barreau-de-paris\/#article","isPartOf":{"@id":"https:\/\/wpvit.efb.fr\/index.php\/lassociation-a-travers-les-murs-recoit-le-prix-olivier-cousi-du-barreau-de-paris\/"},"author":{"name":"wordpress_adm","@id":"https:\/\/wpvit.efb.fr\/#\/schema\/person\/b67db37d3f915e9e119c4e66b7e2922a"},"headline":"L\u2019association \u00c0 Travers Les Murs re\u00e7oit le Prix Olivier Cousi du Barreau de Paris","datePublished":"2025-04-25T11:21:34+00:00","dateModified":"2025-04-25T11:23:07+00:00","mainEntityOfPage":{"@id":"https:\/\/wpvit.efb.fr\/index.php\/lassociation-a-travers-les-murs-recoit-le-prix-olivier-cousi-du-barreau-de-paris\/"},"wordCount":120,"publisher":{"@id":"https:\/\/wpvit.efb.fr\/#organization"},"image":{"@id":"https:\/\/wpvit.efb.fr\/index.php\/lassociation-a-travers-les-murs-recoit-le-prix-olivier-cousi-du-barreau-de-paris\/#primaryimage"},"thumbnailUrl":"https:\/\/wpvit.efb.fr\/wp-content\/uploads\/2025\/04\/original-C2934886-0D34-40EA-9AAF-9B544BE9708C-002.jpeg","inLanguage":"fr-FR"},{"@type":"WebPage","@id":"https:\/\/wpvit.efb.fr\/index.php\/lassociation-a-travers-les-murs-recoit-le-prix-olivier-cousi-du-barreau-de-paris\/","url":"https:\/\/wpvit.efb.fr\/index.php\/lassociation-a-travers-les-murs-recoit-le-prix-olivier-cousi-du-barreau-de-paris\/","name":"L\u2019association \u00c0 Travers Les Murs re\u00e7oit le Prix Olivier Cousi du Barreau de Paris - efb.fr","isPartOf":{"@id":"https:\/\/wpvit.efb.fr\/#website"},"primaryImageOfPage":{"@id":"https:\/\/wpvit.efb.fr\/index.php\/lassociation-a-travers-les-murs-recoit-le-prix-olivier-cousi-du-barreau-de-paris\/#primaryimage"},"image":{"@id":"https:\/\/wpvit.efb.fr\/index.php\/lassociation-a-travers-les-murs-recoit-le-prix-olivier-cousi-du-barreau-de-paris\/#primaryimage"},"thumbnailUrl":"https:\/\/wpvit.efb.fr\/wp-content\/uploads\/2025\/04\/original-C2934886-0D34-40EA-9AAF-9B544BE9708C-002.jpeg","datePublished":"2025-04-25T11:21:34+00:00","dateModified":"2025-04-25T11:23:07+00:00","breadcrumb":{"@id":"https:\/\/wpvit.efb.fr\/index.php\/lassociation-a-travers-les-murs-recoit-le-prix-olivier-cousi-du-barreau-de-paris\/#breadcrumb"},"inLanguage":"fr-FR","potentialAction":[{"@type":"ReadAction","target":["https:\/\/wpvit.efb.fr\/index.php\/lassociation-a-travers-les-murs-recoit-le-prix-olivier-cousi-du-barreau-de-paris\/"]}]},{"@type":"ImageObject","inLanguage":"fr-FR","@id":"https:\/\/wpvit.efb.fr\/index.php\/lassociation-a-travers-les-murs-recoit-le-prix-olivier-cousi-du-barreau-de-paris\/#primaryimage","url":"https:\/\/wpvit.efb.fr\/wp-content\/uploads\/2025\/04\/original-C2934886-0D34-40EA-9AAF-9B544BE9708C-002.jpeg","contentUrl":"https:\/\/wpvit.efb.fr\/wp-content\/uploads\/2025\/04\/original-C2934886-0D34-40EA-9AAF-9B544BE9708C-002.jpeg","width":1179,"height":912},{"@type":"BreadcrumbList","@id":"https:\/\/wpvit.efb.fr\/index.php\/lassociation-a-travers-les-murs-recoit-le-prix-olivier-cousi-du-barreau-de-paris\/#breadcrumb","itemListElement":[{"@type":"ListItem","position":1,"name":"Accueil","item":"https:\/\/wpvit.efb.fr\/"},{"@type":"ListItem","position":2,"name":"L\u2019association \u00c0 Travers Les Murs re\u00e7oit le Prix Olivier Cousi du Barreau de Paris"}]},{"@type":"WebSite","@id":"https:\/\/wpvit.efb.fr\/#website","url":"https:\/\/wpvit.efb.fr\/","name":"EFB","description":"","publisher":{"@id":"https:\/\/wpvit.efb.fr\/#organization"},"potentialAction":[{"@type":"SearchAction","target":{"@type":"EntryPoint","urlTemplate":"https:\/\/wpvit.efb.fr\/?s={search_term_string}"},"query-input":{"@type":"PropertyValueSpecification","valueRequired":true,"valueName":"search_term_string"}}],"inLanguage":"fr-FR"},{"@type":"Organization","@id":"https:\/\/wpvit.efb.fr\/#organization","name":"\u00c9cole de formation professionnelle des barreaux du ressort de la cour d\u2019appel de Paris (EFB)","alternateName":"\u00c9cole de Formation des Barreaux (EFB)","url":"https:\/\/wpvit.efb.fr\/","logo":{"@type":"ImageObject","inLanguage":"fr-FR","@id":"https:\/\/wpvit.efb.fr\/#\/schema\/logo\/image\/","url":"https:\/\/wpvit.efb.fr\/wp-content\/uploads\/2024\/10\/cropped-Logo-EFB-2023_fond-transparent_mail.png","contentUrl":"https:\/\/wpvit.efb.fr\/wp-content\/uploads\/2024\/10\/cropped-Logo-EFB-2023_fond-transparent_mail.png","width":638,"height":282,"caption":"\u00c9cole de formation professionnelle des barreaux du ressort de la cour d\u2019appel de Paris (EFB)"},"image":{"@id":"https:\/\/wpvit.efb.fr\/#\/schema\/logo\/image\/"}},{"@type":"Person","@id":"https:\/\/wpvit.efb.fr\/#\/schema\/person\/b67db37d3f915e9e119c4e66b7e2922a","name":"wordpress_adm","image":{"@type":"ImageObject","inLanguage":"fr-FR","@id":"https:\/\/secure.gravatar.com\/avatar\/093d90a8ac85d0ebd9579948e52b601bab9901593d225105f51d6c1f47cde80a?s=96&d=mm&r=g","url":"https:\/\/secure.gravatar.com\/avatar\/093d90a8ac85d0ebd9579948e52b601bab9901593d225105f51d6c1f47cde80a?s=96&d=mm&r=g","contentUrl":"https:\/\/secure.gravatar.com\/avatar\/093d90a8ac85d0ebd9579948e52b601bab9901593d225105f51d6c1f47cde80a?s=96&d=mm&r=g","caption":"wordpress_adm"},"sameAs":["http:\/\/wpvit.efb.fr"],"url":"https:\/\/wpvit.efb.fr\/index.php\/author\/wordpress_adm\/"}]}},"_links":{"self":[{"href":"https:\/\/wpvit.efb.fr\/index.php\/wp-json\/wp\/v2\/posts\/39071","targetHints":{"allow":["GET"]}}],"collection":[{"href":"https:\/\/wpvit.efb.fr\/index.php\/wp-json\/wp\/v2\/posts"}],"about":[{"href":"https:\/\/wpvit.efb.fr\/index.php\/wp-json\/wp\/v2\/types\/post"}],"author":[{"embeddable":true,"href":"https:\/\/wpvit.efb.fr\/index.php\/wp-json\/wp\/v2\/users\/1"}],"replies":[{"embeddable":true,"href":"https:\/\/wpvit.efb.fr\/index.php\/wp-json\/wp\/v2\/comments?post=39071"}],"version-history":[{"count":1,"href":"https:\/\/wpvit.efb.fr\/index.php\/wp-json\/wp\/v2\/posts\/39071\/revisions"}],"predecessor-version":[{"id":39073,"href":"https:\/\/wpvit.efb.fr\/index.php\/wp-json\/wp\/v2\/posts\/39071\/revisions\/39073"}],"wp:featuredmedia":[{"embeddable":true,"href":"https:\/\/wpvit.efb.fr\/index.php\/wp-json\/wp\/v2\/media\/39075"}],"wp:attachment":[{"href":"https:\/\/wpvit.efb.fr\/index.php\/wp-json\/wp\/v2\/media?parent=39071"}],"wp:term":[{"taxonomy":"category","embeddable":true,"href":"https:\/\/wpvit.efb.fr\/index.php\/wp-json\/wp\/v2\/categories?post=39071"},{"taxonomy":"post_tag","embeddable":true,"href":"https:\/\/wpvit.efb.fr\/index.php\/wp-json\/wp\/v2\/tags?post=39071"}],"curies":[{"name":"wp","href":"https:\/\/api.w.org\/{rel}","templated":true}]}}