{"id":41929,"date":"2025-12-12T09:52:28","date_gmt":"2025-12-12T08:52:28","guid":{"rendered":"https:\/\/wpvit.efb.fr\/?p=41929"},"modified":"2026-02-11T13:31:43","modified_gmt":"2026-02-11T12:31:43","slug":"marine-guibert-representera-lefb-lors-du-concours-national-de-plaidoirie-du-memorial-de-caen","status":"publish","type":"post","link":"https:\/\/wpvit.efb.fr\/index.php\/marine-guibert-representera-lefb-lors-du-concours-national-de-plaidoirie-du-memorial-de-caen\/","title":{"rendered":"Marine Guibert repr\u00e9sentera l&rsquo;EFB lors du Concours national de plaidoirie du M\u00e9morial de Caen"},"content":{"rendered":"\n<p>Ce jeudi 11 d\u00e9cembre, elles \u00e9taient six (Gabrielle Mesloub, Marie Fert\u00e9, Mathilda Bourgeois, Marine Guibert, Nolwenn Dupuis et H\u00e9lo\u00efse Trumel) \u00e0 plaider sur un cas r\u00e9el de violation des droits de l\u2019Homme qu\u2019elles avaient choisi pour la \u00ab finale EFB \u00bb du concours national de plaidoirie des droits de l&rsquo;Homme du M\u00e9morial de Caen.<\/p>\n\n\n\n<p>Devant le jury pr\u00e9sid\u00e9 par Bertrand P\u00e9rier, et compos\u00e9 de Savannah Uzan, L\u00e9ona Bernard et Barbara Clauss, c\u2019est finalement Marine Guibert qui a remport\u00e9 cette finale avec sa plaidoirie intitul\u00e9e \u00ab\u00a0Des grenades pour des id\u00e9es\u00a0\u00bb.<\/p>\n\n\n\n<p>Elle repr\u00e9sentera donc l\u2019EFB lors de la finale nationale des \u00e9l\u00e8ves avocats qui se d\u00e9roulera au M\u00e9morial de Caen le 28 mars prochain o\u00f9 elle concourra avec chacun des repr\u00e9sentants des 10 autres \u00e9coles des avocats de France.<\/p>\n\n\n\n<p>Nous lui adressons tous nos meilleurs encouragements pour la finale !<\/p>\n\n\n\n<figure class=\"wp-block-gallery has-nested-images columns-default is-cropped wp-block-gallery-1 is-layout-flex wp-block-gallery-is-layout-flex\">\n<figure data-wp-context=\"{&quot;imageId&quot;:&quot;69f1723129c4f&quot;}\" data-wp-interactive=\"core\/image\" data-wp-key=\"69f1723129c4f\" class=\"wp-block-image size-large wp-lightbox-container\"><img fetchpriority=\"high\" decoding=\"async\" width=\"1024\" height=\"768\" data-wp-class--hide=\"state.isContentHidden\" data-wp-class--show=\"state.isContentVisible\" data-wp-init=\"callbacks.setButtonStyles\" data-wp-on--click=\"actions.showLightbox\" data-wp-on--load=\"callbacks.setButtonStyles\" data-wp-on-window--resize=\"callbacks.setButtonStyles\" data-id=\"41930\" src=\"https:\/\/wpvit.efb.fr\/wp-content\/uploads\/2025\/12\/processed-C21EF9F2-7F3A-4E86-9E27-DE7DF1FE3736-002-1024x768.jpg\" alt=\"\" class=\"wp-image-41930\" srcset=\"https:\/\/wpvit.efb.fr\/wp-content\/uploads\/2025\/12\/processed-C21EF9F2-7F3A-4E86-9E27-DE7DF1FE3736-002-1024x768.jpg 1024w, https:\/\/wpvit.efb.fr\/wp-content\/uploads\/2025\/12\/processed-C21EF9F2-7F3A-4E86-9E27-DE7DF1FE3736-002-300x225.jpg 300w, https:\/\/wpvit.efb.fr\/wp-content\/uploads\/2025\/12\/processed-C21EF9F2-7F3A-4E86-9E27-DE7DF1FE3736-002-768x576.jpg 768w, https:\/\/wpvit.efb.fr\/wp-content\/uploads\/2025\/12\/processed-C21EF9F2-7F3A-4E86-9E27-DE7DF1FE3736-002-1536x1153.jpg 1536w, https:\/\/wpvit.efb.fr\/wp-content\/uploads\/2025\/12\/processed-C21EF9F2-7F3A-4E86-9E27-DE7DF1FE3736-002-2048x1537.jpg 2048w\" sizes=\"(max-width: 1024px) 100vw, 1024px\" \/><button\n\t\t\tclass=\"lightbox-trigger\"\n\t\t\ttype=\"button\"\n\t\t\taria-haspopup=\"dialog\"\n\t\t\taria-label=\"Agrandir\"\n\t\t\tdata-wp-init=\"callbacks.initTriggerButton\"\n\t\t\tdata-wp-on--click=\"actions.showLightbox\"\n\t\t\tdata-wp-style--right=\"state.imageButtonRight\"\n\t\t\tdata-wp-style--top=\"state.imageButtonTop\"\n\t\t>\n\t\t\t<svg xmlns=\"http:\/\/www.w3.org\/2000\/svg\" width=\"12\" height=\"12\" fill=\"none\" viewBox=\"0 0 12 12\">\n\t\t\t\t<path fill=\"#fff\" d=\"M2 0a2 2 0 0 0-2 2v2h1.5V2a.5.5 0 0 1 .5-.5h2V0H2Zm2 10.5H2a.5.5 0 0 1-.5-.5V8H0v2a2 2 0 0 0 2 2h2v-1.5ZM8 12v-1.5h2a.5.5 0 0 0 .5-.5V8H12v2a2 2 0 0 1-2 2H8Zm2-12a2 2 0 0 1 2 2v2h-1.5V2a.5.5 0 0 0-.5-.5H8V0h2Z\" \/>\n\t\t\t<\/svg>\n\t\t<\/button><\/figure>\n\n\n\n<figure data-wp-context=\"{&quot;imageId&quot;:&quot;69f172312a13a&quot;}\" data-wp-interactive=\"core\/image\" data-wp-key=\"69f172312a13a\" class=\"wp-block-image size-large wp-lightbox-container\"><img decoding=\"async\" width=\"1024\" height=\"768\" data-wp-class--hide=\"state.isContentHidden\" data-wp-class--show=\"state.isContentVisible\" data-wp-init=\"callbacks.setButtonStyles\" data-wp-on--click=\"actions.showLightbox\" data-wp-on--load=\"callbacks.setButtonStyles\" data-wp-on-window--resize=\"callbacks.setButtonStyles\" data-id=\"41931\" src=\"https:\/\/wpvit.efb.fr\/wp-content\/uploads\/2025\/12\/processed-31FA15F0-9A24-4410-A222-D4C24DB4F6CA-1024x768.jpg\" alt=\"\" class=\"wp-image-41931\" srcset=\"https:\/\/wpvit.efb.fr\/wp-content\/uploads\/2025\/12\/processed-31FA15F0-9A24-4410-A222-D4C24DB4F6CA-1024x768.jpg 1024w, https:\/\/wpvit.efb.fr\/wp-content\/uploads\/2025\/12\/processed-31FA15F0-9A24-4410-A222-D4C24DB4F6CA-300x225.jpg 300w, https:\/\/wpvit.efb.fr\/wp-content\/uploads\/2025\/12\/processed-31FA15F0-9A24-4410-A222-D4C24DB4F6CA-768x576.jpg 768w, https:\/\/wpvit.efb.fr\/wp-content\/uploads\/2025\/12\/processed-31FA15F0-9A24-4410-A222-D4C24DB4F6CA-1536x1153.jpg 1536w, https:\/\/wpvit.efb.fr\/wp-content\/uploads\/2025\/12\/processed-31FA15F0-9A24-4410-A222-D4C24DB4F6CA-2048x1537.jpg 2048w\" sizes=\"(max-width: 1024px) 100vw, 1024px\" \/><button\n\t\t\tclass=\"lightbox-trigger\"\n\t\t\ttype=\"button\"\n\t\t\taria-haspopup=\"dialog\"\n\t\t\taria-label=\"Agrandir\"\n\t\t\tdata-wp-init=\"callbacks.initTriggerButton\"\n\t\t\tdata-wp-on--click=\"actions.showLightbox\"\n\t\t\tdata-wp-style--right=\"state.imageButtonRight\"\n\t\t\tdata-wp-style--top=\"state.imageButtonTop\"\n\t\t>\n\t\t\t<svg xmlns=\"http:\/\/www.w3.org\/2000\/svg\" width=\"12\" height=\"12\" fill=\"none\" viewBox=\"0 0 12 12\">\n\t\t\t\t<path fill=\"#fff\" d=\"M2 0a2 2 0 0 0-2 2v2h1.5V2a.5.5 0 0 1 .5-.5h2V0H2Zm2 10.5H2a.5.5 0 0 1-.5-.5V8H0v2a2 2 0 0 0 2 2h2v-1.5ZM8 12v-1.5h2a.5.5 0 0 0 .5-.5V8H12v2a2 2 0 0 1-2 2H8Zm2-12a2 2 0 0 1 2 2v2h-1.5V2a.5.5 0 0 0-.5-.5H8V0h2Z\" \/>\n\t\t\t<\/svg>\n\t\t<\/button><\/figure>\n\n\n\n<figure data-wp-context=\"{&quot;imageId&quot;:&quot;69f172312a574&quot;}\" data-wp-interactive=\"core\/image\" data-wp-key=\"69f172312a574\" class=\"wp-block-image size-large wp-lightbox-container\"><img decoding=\"async\" width=\"1024\" height=\"768\" data-wp-class--hide=\"state.isContentHidden\" data-wp-class--show=\"state.isContentVisible\" data-wp-init=\"callbacks.setButtonStyles\" data-wp-on--click=\"actions.showLightbox\" data-wp-on--load=\"callbacks.setButtonStyles\" data-wp-on-window--resize=\"callbacks.setButtonStyles\" data-id=\"41932\" src=\"https:\/\/wpvit.efb.fr\/wp-content\/uploads\/2025\/12\/processed-6261DE25-0948-49B0-9940-28ACD46F9E51-1024x768.jpg\" alt=\"\" class=\"wp-image-41932\" srcset=\"https:\/\/wpvit.efb.fr\/wp-content\/uploads\/2025\/12\/processed-6261DE25-0948-49B0-9940-28ACD46F9E51-1024x768.jpg 1024w, https:\/\/wpvit.efb.fr\/wp-content\/uploads\/2025\/12\/processed-6261DE25-0948-49B0-9940-28ACD46F9E51-300x225.jpg 300w, https:\/\/wpvit.efb.fr\/wp-content\/uploads\/2025\/12\/processed-6261DE25-0948-49B0-9940-28ACD46F9E51-768x576.jpg 768w, https:\/\/wpvit.efb.fr\/wp-content\/uploads\/2025\/12\/processed-6261DE25-0948-49B0-9940-28ACD46F9E51-1536x1153.jpg 1536w, https:\/\/wpvit.efb.fr\/wp-content\/uploads\/2025\/12\/processed-6261DE25-0948-49B0-9940-28ACD46F9E51-2048x1537.jpg 2048w\" sizes=\"(max-width: 1024px) 100vw, 1024px\" \/><button\n\t\t\tclass=\"lightbox-trigger\"\n\t\t\ttype=\"button\"\n\t\t\taria-haspopup=\"dialog\"\n\t\t\taria-label=\"Agrandir\"\n\t\t\tdata-wp-init=\"callbacks.initTriggerButton\"\n\t\t\tdata-wp-on--click=\"actions.showLightbox\"\n\t\t\tdata-wp-style--right=\"state.imageButtonRight\"\n\t\t\tdata-wp-style--top=\"state.imageButtonTop\"\n\t\t>\n\t\t\t<svg xmlns=\"http:\/\/www.w3.org\/2000\/svg\" width=\"12\" height=\"12\" fill=\"none\" viewBox=\"0 0 12 12\">\n\t\t\t\t<path fill=\"#fff\" d=\"M2 0a2 2 0 0 0-2 2v2h1.5V2a.5.5 0 0 1 .5-.5h2V0H2Zm2 10.5H2a.5.5 0 0 1-.5-.5V8H0v2a2 2 0 0 0 2 2h2v-1.5ZM8 12v-1.5h2a.5.5 0 0 0 .5-.5V8H12v2a2 2 0 0 1-2 2H8Zm2-12a2 2 0 0 1 2 2v2h-1.5V2a.5.5 0 0 0-.5-.5H8V0h2Z\" \/>\n\t\t\t<\/svg>\n\t\t<\/button><\/figure>\n\n\n\n<figure data-wp-context=\"{&quot;imageId&quot;:&quot;69f172312aa45&quot;}\" data-wp-interactive=\"core\/image\" data-wp-key=\"69f172312aa45\" class=\"wp-block-image size-large wp-lightbox-container\"><img loading=\"lazy\" decoding=\"async\" width=\"1024\" height=\"768\" data-wp-class--hide=\"state.isContentHidden\" data-wp-class--show=\"state.isContentVisible\" data-wp-init=\"callbacks.setButtonStyles\" data-wp-on--click=\"actions.showLightbox\" data-wp-on--load=\"callbacks.setButtonStyles\" data-wp-on-window--resize=\"callbacks.setButtonStyles\" data-id=\"41933\" src=\"https:\/\/wpvit.efb.fr\/wp-content\/uploads\/2025\/12\/processed-3D5933F4-AE42-42B7-A59D-F72D3EAFE35E-1024x768.webp\" alt=\"\" class=\"wp-image-41933\" srcset=\"https:\/\/wpvit.efb.fr\/wp-content\/uploads\/2025\/12\/processed-3D5933F4-AE42-42B7-A59D-F72D3EAFE35E-1024x768.webp 1024w, https:\/\/wpvit.efb.fr\/wp-content\/uploads\/2025\/12\/processed-3D5933F4-AE42-42B7-A59D-F72D3EAFE35E-300x225.webp 300w, https:\/\/wpvit.efb.fr\/wp-content\/uploads\/2025\/12\/processed-3D5933F4-AE42-42B7-A59D-F72D3EAFE35E-768x576.webp 768w, https:\/\/wpvit.efb.fr\/wp-content\/uploads\/2025\/12\/processed-3D5933F4-AE42-42B7-A59D-F72D3EAFE35E-1536x1153.webp 1536w, https:\/\/wpvit.efb.fr\/wp-content\/uploads\/2025\/12\/processed-3D5933F4-AE42-42B7-A59D-F72D3EAFE35E.webp 1920w\" sizes=\"(max-width: 1024px) 100vw, 1024px\" \/><button\n\t\t\tclass=\"lightbox-trigger\"\n\t\t\ttype=\"button\"\n\t\t\taria-haspopup=\"dialog\"\n\t\t\taria-label=\"Agrandir\"\n\t\t\tdata-wp-init=\"callbacks.initTriggerButton\"\n\t\t\tdata-wp-on--click=\"actions.showLightbox\"\n\t\t\tdata-wp-style--right=\"state.imageButtonRight\"\n\t\t\tdata-wp-style--top=\"state.imageButtonTop\"\n\t\t>\n\t\t\t<svg xmlns=\"http:\/\/www.w3.org\/2000\/svg\" width=\"12\" height=\"12\" fill=\"none\" viewBox=\"0 0 12 12\">\n\t\t\t\t<path fill=\"#fff\" d=\"M2 0a2 2 0 0 0-2 2v2h1.5V2a.5.5 0 0 1 .5-.5h2V0H2Zm2 10.5H2a.5.5 0 0 1-.5-.5V8H0v2a2 2 0 0 0 2 2h2v-1.5ZM8 12v-1.5h2a.5.5 0 0 0 .5-.5V8H12v2a2 2 0 0 1-2 2H8Zm2-12a2 2 0 0 1 2 2v2h-1.5V2a.5.5 0 0 0-.5-.5H8V0h2Z\" \/>\n\t\t\t<\/svg>\n\t\t<\/button><\/figure>\n\n\n\n<figure data-wp-context=\"{&quot;imageId&quot;:&quot;69f172312ae96&quot;}\" data-wp-interactive=\"core\/image\" data-wp-key=\"69f172312ae96\" class=\"wp-block-image size-large wp-lightbox-container\"><img loading=\"lazy\" decoding=\"async\" width=\"1024\" height=\"768\" data-wp-class--hide=\"state.isContentHidden\" data-wp-class--show=\"state.isContentVisible\" data-wp-init=\"callbacks.setButtonStyles\" data-wp-on--click=\"actions.showLightbox\" data-wp-on--load=\"callbacks.setButtonStyles\" data-wp-on-window--resize=\"callbacks.setButtonStyles\" data-id=\"41934\" src=\"https:\/\/wpvit.efb.fr\/wp-content\/uploads\/2025\/12\/processed-C21EF9F2-7F3A-4E86-9E27-DE7DF1FE3736-002-1-1024x768.webp\" alt=\"\" class=\"wp-image-41934\" srcset=\"https:\/\/wpvit.efb.fr\/wp-content\/uploads\/2025\/12\/processed-C21EF9F2-7F3A-4E86-9E27-DE7DF1FE3736-002-1-1024x768.webp 1024w, https:\/\/wpvit.efb.fr\/wp-content\/uploads\/2025\/12\/processed-C21EF9F2-7F3A-4E86-9E27-DE7DF1FE3736-002-1-300x225.webp 300w, https:\/\/wpvit.efb.fr\/wp-content\/uploads\/2025\/12\/processed-C21EF9F2-7F3A-4E86-9E27-DE7DF1FE3736-002-1-768x576.webp 768w, https:\/\/wpvit.efb.fr\/wp-content\/uploads\/2025\/12\/processed-C21EF9F2-7F3A-4E86-9E27-DE7DF1FE3736-002-1-1536x1153.webp 1536w, https:\/\/wpvit.efb.fr\/wp-content\/uploads\/2025\/12\/processed-C21EF9F2-7F3A-4E86-9E27-DE7DF1FE3736-002-1.webp 1920w\" sizes=\"(max-width: 1024px) 100vw, 1024px\" \/><button\n\t\t\tclass=\"lightbox-trigger\"\n\t\t\ttype=\"button\"\n\t\t\taria-haspopup=\"dialog\"\n\t\t\taria-label=\"Agrandir\"\n\t\t\tdata-wp-init=\"callbacks.initTriggerButton\"\n\t\t\tdata-wp-on--click=\"actions.showLightbox\"\n\t\t\tdata-wp-style--right=\"state.imageButtonRight\"\n\t\t\tdata-wp-style--top=\"state.imageButtonTop\"\n\t\t>\n\t\t\t<svg xmlns=\"http:\/\/www.w3.org\/2000\/svg\" width=\"12\" height=\"12\" fill=\"none\" viewBox=\"0 0 12 12\">\n\t\t\t\t<path fill=\"#fff\" d=\"M2 0a2 2 0 0 0-2 2v2h1.5V2a.5.5 0 0 1 .5-.5h2V0H2Zm2 10.5H2a.5.5 0 0 1-.5-.5V8H0v2a2 2 0 0 0 2 2h2v-1.5ZM8 12v-1.5h2a.5.5 0 0 0 .5-.5V8H12v2a2 2 0 0 1-2 2H8Zm2-12a2 2 0 0 1 2 2v2h-1.5V2a.5.5 0 0 0-.5-.5H8V0h2Z\" \/>\n\t\t\t<\/svg>\n\t\t<\/button><\/figure>\n\n\n\n<figure data-wp-context=\"{&quot;imageId&quot;:&quot;69f172312b27f&quot;}\" data-wp-interactive=\"core\/image\" data-wp-key=\"69f172312b27f\" class=\"wp-block-image size-large wp-lightbox-container\"><img loading=\"lazy\" decoding=\"async\" width=\"1024\" height=\"768\" data-wp-class--hide=\"state.isContentHidden\" data-wp-class--show=\"state.isContentVisible\" data-wp-init=\"callbacks.setButtonStyles\" data-wp-on--click=\"actions.showLightbox\" data-wp-on--load=\"callbacks.setButtonStyles\" data-wp-on-window--resize=\"callbacks.setButtonStyles\" data-id=\"41935\" src=\"https:\/\/wpvit.efb.fr\/wp-content\/uploads\/2025\/12\/processed-CA6FB38A-67D6-4F75-95A1-235675A635A0-002-1024x768.webp\" alt=\"\" class=\"wp-image-41935\" srcset=\"https:\/\/wpvit.efb.fr\/wp-content\/uploads\/2025\/12\/processed-CA6FB38A-67D6-4F75-95A1-235675A635A0-002-1024x768.webp 1024w, https:\/\/wpvit.efb.fr\/wp-content\/uploads\/2025\/12\/processed-CA6FB38A-67D6-4F75-95A1-235675A635A0-002-300x225.webp 300w, https:\/\/wpvit.efb.fr\/wp-content\/uploads\/2025\/12\/processed-CA6FB38A-67D6-4F75-95A1-235675A635A0-002-768x576.webp 768w, https:\/\/wpvit.efb.fr\/wp-content\/uploads\/2025\/12\/processed-CA6FB38A-67D6-4F75-95A1-235675A635A0-002-1536x1153.webp 1536w, https:\/\/wpvit.efb.fr\/wp-content\/uploads\/2025\/12\/processed-CA6FB38A-67D6-4F75-95A1-235675A635A0-002.webp 1920w\" sizes=\"(max-width: 1024px) 100vw, 1024px\" \/><button\n\t\t\tclass=\"lightbox-trigger\"\n\t\t\ttype=\"button\"\n\t\t\taria-haspopup=\"dialog\"\n\t\t\taria-label=\"Agrandir\"\n\t\t\tdata-wp-init=\"callbacks.initTriggerButton\"\n\t\t\tdata-wp-on--click=\"actions.showLightbox\"\n\t\t\tdata-wp-style--right=\"state.imageButtonRight\"\n\t\t\tdata-wp-style--top=\"state.imageButtonTop\"\n\t\t>\n\t\t\t<svg xmlns=\"http:\/\/www.w3.org\/2000\/svg\" width=\"12\" height=\"12\" fill=\"none\" viewBox=\"0 0 12 12\">\n\t\t\t\t<path fill=\"#fff\" d=\"M2 0a2 2 0 0 0-2 2v2h1.5V2a.5.5 0 0 1 .5-.5h2V0H2Zm2 10.5H2a.5.5 0 0 1-.5-.5V8H0v2a2 2 0 0 0 2 2h2v-1.5ZM8 12v-1.5h2a.5.5 0 0 0 .5-.5V8H12v2a2 2 0 0 1-2 2H8Zm2-12a2 2 0 0 1 2 2v2h-1.5V2a.5.5 0 0 0-.5-.5H8V0h2Z\" \/>\n\t\t\t<\/svg>\n\t\t<\/button><\/figure>\n\n\n\n<figure data-wp-context=\"{&quot;imageId&quot;:&quot;69f172312b672&quot;}\" data-wp-interactive=\"core\/image\" data-wp-key=\"69f172312b672\" class=\"wp-block-image size-large wp-lightbox-container\"><img loading=\"lazy\" decoding=\"async\" width=\"1024\" height=\"768\" data-wp-class--hide=\"state.isContentHidden\" data-wp-class--show=\"state.isContentVisible\" data-wp-init=\"callbacks.setButtonStyles\" data-wp-on--click=\"actions.showLightbox\" data-wp-on--load=\"callbacks.setButtonStyles\" data-wp-on-window--resize=\"callbacks.setButtonStyles\" data-id=\"41936\" src=\"https:\/\/wpvit.efb.fr\/wp-content\/uploads\/2025\/12\/processed-C13FDF69-3979-4E7D-AE04-79DEC22FFDC5-1024x768.webp\" alt=\"\" class=\"wp-image-41936\" srcset=\"https:\/\/wpvit.efb.fr\/wp-content\/uploads\/2025\/12\/processed-C13FDF69-3979-4E7D-AE04-79DEC22FFDC5-1024x768.webp 1024w, https:\/\/wpvit.efb.fr\/wp-content\/uploads\/2025\/12\/processed-C13FDF69-3979-4E7D-AE04-79DEC22FFDC5-300x225.webp 300w, https:\/\/wpvit.efb.fr\/wp-content\/uploads\/2025\/12\/processed-C13FDF69-3979-4E7D-AE04-79DEC22FFDC5-768x576.webp 768w, https:\/\/wpvit.efb.fr\/wp-content\/uploads\/2025\/12\/processed-C13FDF69-3979-4E7D-AE04-79DEC22FFDC5-1536x1153.webp 1536w, https:\/\/wpvit.efb.fr\/wp-content\/uploads\/2025\/12\/processed-C13FDF69-3979-4E7D-AE04-79DEC22FFDC5.webp 1920w\" sizes=\"(max-width: 1024px) 100vw, 1024px\" \/><button\n\t\t\tclass=\"lightbox-trigger\"\n\t\t\ttype=\"button\"\n\t\t\taria-haspopup=\"dialog\"\n\t\t\taria-label=\"Agrandir\"\n\t\t\tdata-wp-init=\"callbacks.initTriggerButton\"\n\t\t\tdata-wp-on--click=\"actions.showLightbox\"\n\t\t\tdata-wp-style--right=\"state.imageButtonRight\"\n\t\t\tdata-wp-style--top=\"state.imageButtonTop\"\n\t\t>\n\t\t\t<svg xmlns=\"http:\/\/www.w3.org\/2000\/svg\" width=\"12\" height=\"12\" fill=\"none\" viewBox=\"0 0 12 12\">\n\t\t\t\t<path fill=\"#fff\" d=\"M2 0a2 2 0 0 0-2 2v2h1.5V2a.5.5 0 0 1 .5-.5h2V0H2Zm2 10.5H2a.5.5 0 0 1-.5-.5V8H0v2a2 2 0 0 0 2 2h2v-1.5ZM8 12v-1.5h2a.5.5 0 0 0 .5-.5V8H12v2a2 2 0 0 1-2 2H8Zm2-12a2 2 0 0 1 2 2v2h-1.5V2a.5.5 0 0 0-.5-.5H8V0h2Z\" \/>\n\t\t\t<\/svg>\n\t\t<\/button><\/figure>\n\n\n\n<figure data-wp-context=\"{&quot;imageId&quot;:&quot;69f172312ba82&quot;}\" data-wp-interactive=\"core\/image\" data-wp-key=\"69f172312ba82\" class=\"wp-block-image size-large wp-lightbox-container\"><img loading=\"lazy\" decoding=\"async\" width=\"1024\" height=\"768\" data-wp-class--hide=\"state.isContentHidden\" data-wp-class--show=\"state.isContentVisible\" data-wp-init=\"callbacks.setButtonStyles\" data-wp-on--click=\"actions.showLightbox\" data-wp-on--load=\"callbacks.setButtonStyles\" data-wp-on-window--resize=\"callbacks.setButtonStyles\" data-id=\"41937\" src=\"https:\/\/wpvit.efb.fr\/wp-content\/uploads\/2025\/12\/processed-0D43ACD7-E82B-4E69-A33A-870B7504238B-1024x768.webp\" alt=\"\" class=\"wp-image-41937\" srcset=\"https:\/\/wpvit.efb.fr\/wp-content\/uploads\/2025\/12\/processed-0D43ACD7-E82B-4E69-A33A-870B7504238B-1024x768.webp 1024w, https:\/\/wpvit.efb.fr\/wp-content\/uploads\/2025\/12\/processed-0D43ACD7-E82B-4E69-A33A-870B7504238B-300x225.webp 300w, https:\/\/wpvit.efb.fr\/wp-content\/uploads\/2025\/12\/processed-0D43ACD7-E82B-4E69-A33A-870B7504238B-768x576.webp 768w, https:\/\/wpvit.efb.fr\/wp-content\/uploads\/2025\/12\/processed-0D43ACD7-E82B-4E69-A33A-870B7504238B-1536x1153.webp 1536w, https:\/\/wpvit.efb.fr\/wp-content\/uploads\/2025\/12\/processed-0D43ACD7-E82B-4E69-A33A-870B7504238B.webp 1920w\" sizes=\"(max-width: 1024px) 100vw, 1024px\" \/><button\n\t\t\tclass=\"lightbox-trigger\"\n\t\t\ttype=\"button\"\n\t\t\taria-haspopup=\"dialog\"\n\t\t\taria-label=\"Agrandir\"\n\t\t\tdata-wp-init=\"callbacks.initTriggerButton\"\n\t\t\tdata-wp-on--click=\"actions.showLightbox\"\n\t\t\tdata-wp-style--right=\"state.imageButtonRight\"\n\t\t\tdata-wp-style--top=\"state.imageButtonTop\"\n\t\t>\n\t\t\t<svg xmlns=\"http:\/\/www.w3.org\/2000\/svg\" width=\"12\" height=\"12\" fill=\"none\" viewBox=\"0 0 12 12\">\n\t\t\t\t<path fill=\"#fff\" d=\"M2 0a2 2 0 0 0-2 2v2h1.5V2a.5.5 0 0 1 .5-.5h2V0H2Zm2 10.5H2a.5.5 0 0 1-.5-.5V8H0v2a2 2 0 0 0 2 2h2v-1.5ZM8 12v-1.5h2a.5.5 0 0 0 .5-.5V8H12v2a2 2 0 0 1-2 2H8Zm2-12a2 2 0 0 1 2 2v2h-1.5V2a.5.5 0 0 0-.5-.5H8V0h2Z\" \/>\n\t\t\t<\/svg>\n\t\t<\/button><\/figure>\n<\/figure>\n","protected":false},"excerpt":{"rendered":"<p>Ce jeudi 11 d\u00e9cembre, elles \u00e9taient six (Gabrielle Mesloub, Marie Fert\u00e9, Mathilda Bourgeois, Marine Guibert, Nolwenn Dupuis et H\u00e9lo\u00efse Trumel) \u00e0 plaider sur un cas r\u00e9el de violation des droits de l\u2019Homme qu\u2019elles avaient choisi pour la \u00ab finale EFB \u00bb du concours national de plaidoirie des droits de l&rsquo;Homme du M\u00e9morial de Caen. Devant le jury pr\u00e9sid\u00e9 par Bertrand P\u00e9rier, et compos\u00e9 de Savannah Uzan, L\u00e9ona Bernard et Barbara Clauss, c\u2019est finalement Marine Guibert qui a remport\u00e9 cette finale avec sa plaidoirie intitul\u00e9e \u00ab\u00a0Des grenades pour des id\u00e9es\u00a0\u00bb. Elle repr\u00e9sentera donc l\u2019EFB lors de la finale nationale des \u00e9l\u00e8ves avocats qui se d\u00e9roulera au M\u00e9morial de Caen le 28 mars prochain o\u00f9 elle concourra avec chacun des repr\u00e9sentants des 10 autres \u00e9coles des avocats de France. Nous lui adressons tous nos meilleurs encouragements pour la finale !<\/p>\n","protected":false},"author":1,"featured_media":41930,"comment_status":"closed","ping_status":"open","sticky":false,"template":"","format":"standard","meta":{"_acf_changed":false,"footnotes":""},"categories":[1],"tags":[],"class_list":["post-41929","post","type-post","status-publish","format-standard","has-post-thumbnail","hentry","category-non-classe"],"acf":[],"yoast_head":"<!-- This site is optimized with the Yoast SEO plugin v27.4 - https:\/\/yoast.com\/product\/yoast-seo-wordpress\/ -->\n<title>Marine Guibert repr\u00e9sentera l&#039;EFB lors du Concours national de plaidoirie du M\u00e9morial de Caen - efb.fr<\/title>\n<meta name=\"robots\" content=\"index, follow, max-snippet:-1, max-image-preview:large, max-video-preview:-1\" \/>\n<link rel=\"canonical\" href=\"https:\/\/wpvit.efb.fr\/index.php\/marine-guibert-representera-lefb-lors-du-concours-national-de-plaidoirie-du-memorial-de-caen\/\" \/>\n<meta property=\"og:locale\" content=\"fr_FR\" \/>\n<meta property=\"og:type\" content=\"article\" \/>\n<meta property=\"og:title\" content=\"Marine Guibert repr\u00e9sentera l&#039;EFB lors du Concours national de plaidoirie du M\u00e9morial de Caen - efb.fr\" \/>\n<meta property=\"og:description\" content=\"Ce jeudi 11 d\u00e9cembre, elles \u00e9taient six (Gabrielle Mesloub, Marie Fert\u00e9, Mathilda Bourgeois, Marine Guibert, Nolwenn Dupuis et H\u00e9lo\u00efse Trumel) \u00e0 plaider sur un cas r\u00e9el de violation des droits de l\u2019Homme qu\u2019elles avaient choisi pour la \u00ab finale EFB \u00bb du concours national de plaidoirie des droits de l&rsquo;Homme du M\u00e9morial de Caen. Devant le jury pr\u00e9sid\u00e9 par Bertrand P\u00e9rier, et compos\u00e9 de Savannah Uzan, L\u00e9ona Bernard et Barbara Clauss, c\u2019est finalement Marine Guibert qui a remport\u00e9 cette finale avec sa plaidoirie intitul\u00e9e \u00ab\u00a0Des grenades pour des id\u00e9es\u00a0\u00bb. Elle repr\u00e9sentera donc l\u2019EFB lors de la finale nationale des \u00e9l\u00e8ves avocats qui se d\u00e9roulera au M\u00e9morial de Caen le 28 mars prochain o\u00f9 elle concourra avec chacun des repr\u00e9sentants des 10 autres \u00e9coles des avocats de France. Nous lui adressons tous nos meilleurs encouragements pour la finale !\" \/>\n<meta property=\"og:url\" content=\"https:\/\/wpvit.efb.fr\/index.php\/marine-guibert-representera-lefb-lors-du-concours-national-de-plaidoirie-du-memorial-de-caen\/\" \/>\n<meta property=\"og:site_name\" content=\"efb.fr\" \/>\n<meta property=\"article:published_time\" content=\"2025-12-12T08:52:28+00:00\" \/>\n<meta property=\"article:modified_time\" content=\"2026-02-11T12:31:43+00:00\" \/>\n<meta property=\"og:image\" content=\"https:\/\/wpvit.efb.fr\/wp-content\/uploads\/2025\/12\/processed-C21EF9F2-7F3A-4E86-9E27-DE7DF1FE3736-002.jpg\" \/>\n\t<meta property=\"og:image:width\" content=\"2420\" \/>\n\t<meta property=\"og:image:height\" content=\"1816\" \/>\n\t<meta property=\"og:image:type\" content=\"image\/jpeg\" \/>\n<meta name=\"author\" content=\"wordpress_adm\" \/>\n<meta name=\"twitter:card\" content=\"summary_large_image\" \/>\n<meta name=\"twitter:label1\" content=\"\u00c9crit par\" \/>\n\t<meta name=\"twitter:data1\" content=\"wordpress_adm\" \/>\n\t<meta name=\"twitter:label2\" content=\"Dur\u00e9e de lecture estim\u00e9e\" \/>\n\t<meta name=\"twitter:data2\" content=\"3 minutes\" \/>\n<script type=\"application\/ld+json\" class=\"yoast-schema-graph\">{\"@context\":\"https:\\\/\\\/schema.org\",\"@graph\":[{\"@type\":\"Article\",\"@id\":\"https:\\\/\\\/wpvit.efb.fr\\\/index.php\\\/marine-guibert-representera-lefb-lors-du-concours-national-de-plaidoirie-du-memorial-de-caen\\\/#article\",\"isPartOf\":{\"@id\":\"https:\\\/\\\/wpvit.efb.fr\\\/index.php\\\/marine-guibert-representera-lefb-lors-du-concours-national-de-plaidoirie-du-memorial-de-caen\\\/\"},\"author\":{\"name\":\"wordpress_adm\",\"@id\":\"https:\\\/\\\/wpvit.efb.fr\\\/#\\\/schema\\\/person\\\/b67db37d3f915e9e119c4e66b7e2922a\"},\"headline\":\"Marine Guibert repr\u00e9sentera l&rsquo;EFB lors du Concours national de plaidoirie du M\u00e9morial de Caen\",\"datePublished\":\"2025-12-12T08:52:28+00:00\",\"dateModified\":\"2026-02-11T12:31:43+00:00\",\"mainEntityOfPage\":{\"@id\":\"https:\\\/\\\/wpvit.efb.fr\\\/index.php\\\/marine-guibert-representera-lefb-lors-du-concours-national-de-plaidoirie-du-memorial-de-caen\\\/\"},\"wordCount\":168,\"publisher\":{\"@id\":\"https:\\\/\\\/wpvit.efb.fr\\\/#organization\"},\"image\":{\"@id\":\"https:\\\/\\\/wpvit.efb.fr\\\/index.php\\\/marine-guibert-representera-lefb-lors-du-concours-national-de-plaidoirie-du-memorial-de-caen\\\/#primaryimage\"},\"thumbnailUrl\":\"https:\\\/\\\/wpvit.efb.fr\\\/wp-content\\\/uploads\\\/2025\\\/12\\\/processed-C21EF9F2-7F3A-4E86-9E27-DE7DF1FE3736-002.jpg\",\"inLanguage\":\"fr-FR\"},{\"@type\":\"WebPage\",\"@id\":\"https:\\\/\\\/wpvit.efb.fr\\\/index.php\\\/marine-guibert-representera-lefb-lors-du-concours-national-de-plaidoirie-du-memorial-de-caen\\\/\",\"url\":\"https:\\\/\\\/wpvit.efb.fr\\\/index.php\\\/marine-guibert-representera-lefb-lors-du-concours-national-de-plaidoirie-du-memorial-de-caen\\\/\",\"name\":\"Marine Guibert repr\u00e9sentera l'EFB lors du Concours national de plaidoirie du M\u00e9morial de Caen - efb.fr\",\"isPartOf\":{\"@id\":\"https:\\\/\\\/wpvit.efb.fr\\\/#website\"},\"primaryImageOfPage\":{\"@id\":\"https:\\\/\\\/wpvit.efb.fr\\\/index.php\\\/marine-guibert-representera-lefb-lors-du-concours-national-de-plaidoirie-du-memorial-de-caen\\\/#primaryimage\"},\"image\":{\"@id\":\"https:\\\/\\\/wpvit.efb.fr\\\/index.php\\\/marine-guibert-representera-lefb-lors-du-concours-national-de-plaidoirie-du-memorial-de-caen\\\/#primaryimage\"},\"thumbnailUrl\":\"https:\\\/\\\/wpvit.efb.fr\\\/wp-content\\\/uploads\\\/2025\\\/12\\\/processed-C21EF9F2-7F3A-4E86-9E27-DE7DF1FE3736-002.jpg\",\"datePublished\":\"2025-12-12T08:52:28+00:00\",\"dateModified\":\"2026-02-11T12:31:43+00:00\",\"breadcrumb\":{\"@id\":\"https:\\\/\\\/wpvit.efb.fr\\\/index.php\\\/marine-guibert-representera-lefb-lors-du-concours-national-de-plaidoirie-du-memorial-de-caen\\\/#breadcrumb\"},\"inLanguage\":\"fr-FR\",\"potentialAction\":[{\"@type\":\"ReadAction\",\"target\":[\"https:\\\/\\\/wpvit.efb.fr\\\/index.php\\\/marine-guibert-representera-lefb-lors-du-concours-national-de-plaidoirie-du-memorial-de-caen\\\/\"]}]},{\"@type\":\"ImageObject\",\"inLanguage\":\"fr-FR\",\"@id\":\"https:\\\/\\\/wpvit.efb.fr\\\/index.php\\\/marine-guibert-representera-lefb-lors-du-concours-national-de-plaidoirie-du-memorial-de-caen\\\/#primaryimage\",\"url\":\"https:\\\/\\\/wpvit.efb.fr\\\/wp-content\\\/uploads\\\/2025\\\/12\\\/processed-C21EF9F2-7F3A-4E86-9E27-DE7DF1FE3736-002.jpg\",\"contentUrl\":\"https:\\\/\\\/wpvit.efb.fr\\\/wp-content\\\/uploads\\\/2025\\\/12\\\/processed-C21EF9F2-7F3A-4E86-9E27-DE7DF1FE3736-002.jpg\",\"width\":2420,\"height\":1816},{\"@type\":\"BreadcrumbList\",\"@id\":\"https:\\\/\\\/wpvit.efb.fr\\\/index.php\\\/marine-guibert-representera-lefb-lors-du-concours-national-de-plaidoirie-du-memorial-de-caen\\\/#breadcrumb\",\"itemListElement\":[{\"@type\":\"ListItem\",\"position\":1,\"name\":\"Accueil\",\"item\":\"https:\\\/\\\/wpvit.efb.fr\\\/\"},{\"@type\":\"ListItem\",\"position\":2,\"name\":\"Marine Guibert repr\u00e9sentera l&#8217;EFB lors du Concours national de plaidoirie du M\u00e9morial de Caen\"}]},{\"@type\":\"WebSite\",\"@id\":\"https:\\\/\\\/wpvit.efb.fr\\\/#website\",\"url\":\"https:\\\/\\\/wpvit.efb.fr\\\/\",\"name\":\"EFB\",\"description\":\"\",\"publisher\":{\"@id\":\"https:\\\/\\\/wpvit.efb.fr\\\/#organization\"},\"potentialAction\":[{\"@type\":\"SearchAction\",\"target\":{\"@type\":\"EntryPoint\",\"urlTemplate\":\"https:\\\/\\\/wpvit.efb.fr\\\/?s={search_term_string}\"},\"query-input\":{\"@type\":\"PropertyValueSpecification\",\"valueRequired\":true,\"valueName\":\"search_term_string\"}}],\"inLanguage\":\"fr-FR\"},{\"@type\":\"Organization\",\"@id\":\"https:\\\/\\\/wpvit.efb.fr\\\/#organization\",\"name\":\"\u00c9cole de formation professionnelle des barreaux du ressort de la cour d\u2019appel de Paris (EFB)\",\"alternateName\":\"\u00c9cole de Formation des Barreaux (EFB)\",\"url\":\"https:\\\/\\\/wpvit.efb.fr\\\/\",\"logo\":{\"@type\":\"ImageObject\",\"inLanguage\":\"fr-FR\",\"@id\":\"https:\\\/\\\/wpvit.efb.fr\\\/#\\\/schema\\\/logo\\\/image\\\/\",\"url\":\"https:\\\/\\\/wpvit.efb.fr\\\/wp-content\\\/uploads\\\/2024\\\/10\\\/cropped-Logo-EFB-2023_fond-transparent_mail.png\",\"contentUrl\":\"https:\\\/\\\/wpvit.efb.fr\\\/wp-content\\\/uploads\\\/2024\\\/10\\\/cropped-Logo-EFB-2023_fond-transparent_mail.png\",\"width\":638,\"height\":282,\"caption\":\"\u00c9cole de formation professionnelle des barreaux du ressort de la cour d\u2019appel de Paris (EFB)\"},\"image\":{\"@id\":\"https:\\\/\\\/wpvit.efb.fr\\\/#\\\/schema\\\/logo\\\/image\\\/\"}},{\"@type\":\"Person\",\"@id\":\"https:\\\/\\\/wpvit.efb.fr\\\/#\\\/schema\\\/person\\\/b67db37d3f915e9e119c4e66b7e2922a\",\"name\":\"wordpress_adm\",\"image\":{\"@type\":\"ImageObject\",\"inLanguage\":\"fr-FR\",\"@id\":\"https:\\\/\\\/secure.gravatar.com\\\/avatar\\\/093d90a8ac85d0ebd9579948e52b601bab9901593d225105f51d6c1f47cde80a?s=96&d=mm&r=g\",\"url\":\"https:\\\/\\\/secure.gravatar.com\\\/avatar\\\/093d90a8ac85d0ebd9579948e52b601bab9901593d225105f51d6c1f47cde80a?s=96&d=mm&r=g\",\"contentUrl\":\"https:\\\/\\\/secure.gravatar.com\\\/avatar\\\/093d90a8ac85d0ebd9579948e52b601bab9901593d225105f51d6c1f47cde80a?s=96&d=mm&r=g\",\"caption\":\"wordpress_adm\"},\"sameAs\":[\"http:\\\/\\\/wpvit.efb.fr\"],\"url\":\"https:\\\/\\\/wpvit.efb.fr\\\/index.php\\\/author\\\/wordpress_adm\\\/\"}]}<\/script>\n<!-- \/ Yoast SEO plugin. -->","yoast_head_json":{"title":"Marine Guibert repr\u00e9sentera l'EFB lors du Concours national de plaidoirie du M\u00e9morial de Caen - efb.fr","robots":{"index":"index","follow":"follow","max-snippet":"max-snippet:-1","max-image-preview":"max-image-preview:large","max-video-preview":"max-video-preview:-1"},"canonical":"https:\/\/wpvit.efb.fr\/index.php\/marine-guibert-representera-lefb-lors-du-concours-national-de-plaidoirie-du-memorial-de-caen\/","og_locale":"fr_FR","og_type":"article","og_title":"Marine Guibert repr\u00e9sentera l'EFB lors du Concours national de plaidoirie du M\u00e9morial de Caen - efb.fr","og_description":"Ce jeudi 11 d\u00e9cembre, elles \u00e9taient six (Gabrielle Mesloub, Marie Fert\u00e9, Mathilda Bourgeois, Marine Guibert, Nolwenn Dupuis et H\u00e9lo\u00efse Trumel) \u00e0 plaider sur un cas r\u00e9el de violation des droits de l\u2019Homme qu\u2019elles avaient choisi pour la \u00ab finale EFB \u00bb du concours national de plaidoirie des droits de l&rsquo;Homme du M\u00e9morial de Caen. Devant le jury pr\u00e9sid\u00e9 par Bertrand P\u00e9rier, et compos\u00e9 de Savannah Uzan, L\u00e9ona Bernard et Barbara Clauss, c\u2019est finalement Marine Guibert qui a remport\u00e9 cette finale avec sa plaidoirie intitul\u00e9e \u00ab\u00a0Des grenades pour des id\u00e9es\u00a0\u00bb. Elle repr\u00e9sentera donc l\u2019EFB lors de la finale nationale des \u00e9l\u00e8ves avocats qui se d\u00e9roulera au M\u00e9morial de Caen le 28 mars prochain o\u00f9 elle concourra avec chacun des repr\u00e9sentants des 10 autres \u00e9coles des avocats de France. Nous lui adressons tous nos meilleurs encouragements pour la finale !","og_url":"https:\/\/wpvit.efb.fr\/index.php\/marine-guibert-representera-lefb-lors-du-concours-national-de-plaidoirie-du-memorial-de-caen\/","og_site_name":"efb.fr","article_published_time":"2025-12-12T08:52:28+00:00","article_modified_time":"2026-02-11T12:31:43+00:00","og_image":[{"width":2420,"height":1816,"url":"https:\/\/wpvit.efb.fr\/wp-content\/uploads\/2025\/12\/processed-C21EF9F2-7F3A-4E86-9E27-DE7DF1FE3736-002.jpg","type":"image\/jpeg"}],"author":"wordpress_adm","twitter_card":"summary_large_image","twitter_misc":{"\u00c9crit par":"wordpress_adm","Dur\u00e9e de lecture estim\u00e9e":"3 minutes"},"schema":{"@context":"https:\/\/schema.org","@graph":[{"@type":"Article","@id":"https:\/\/wpvit.efb.fr\/index.php\/marine-guibert-representera-lefb-lors-du-concours-national-de-plaidoirie-du-memorial-de-caen\/#article","isPartOf":{"@id":"https:\/\/wpvit.efb.fr\/index.php\/marine-guibert-representera-lefb-lors-du-concours-national-de-plaidoirie-du-memorial-de-caen\/"},"author":{"name":"wordpress_adm","@id":"https:\/\/wpvit.efb.fr\/#\/schema\/person\/b67db37d3f915e9e119c4e66b7e2922a"},"headline":"Marine Guibert repr\u00e9sentera l&rsquo;EFB lors du Concours national de plaidoirie du M\u00e9morial de Caen","datePublished":"2025-12-12T08:52:28+00:00","dateModified":"2026-02-11T12:31:43+00:00","mainEntityOfPage":{"@id":"https:\/\/wpvit.efb.fr\/index.php\/marine-guibert-representera-lefb-lors-du-concours-national-de-plaidoirie-du-memorial-de-caen\/"},"wordCount":168,"publisher":{"@id":"https:\/\/wpvit.efb.fr\/#organization"},"image":{"@id":"https:\/\/wpvit.efb.fr\/index.php\/marine-guibert-representera-lefb-lors-du-concours-national-de-plaidoirie-du-memorial-de-caen\/#primaryimage"},"thumbnailUrl":"https:\/\/wpvit.efb.fr\/wp-content\/uploads\/2025\/12\/processed-C21EF9F2-7F3A-4E86-9E27-DE7DF1FE3736-002.jpg","inLanguage":"fr-FR"},{"@type":"WebPage","@id":"https:\/\/wpvit.efb.fr\/index.php\/marine-guibert-representera-lefb-lors-du-concours-national-de-plaidoirie-du-memorial-de-caen\/","url":"https:\/\/wpvit.efb.fr\/index.php\/marine-guibert-representera-lefb-lors-du-concours-national-de-plaidoirie-du-memorial-de-caen\/","name":"Marine Guibert repr\u00e9sentera l'EFB lors du Concours national de plaidoirie du M\u00e9morial de Caen - efb.fr","isPartOf":{"@id":"https:\/\/wpvit.efb.fr\/#website"},"primaryImageOfPage":{"@id":"https:\/\/wpvit.efb.fr\/index.php\/marine-guibert-representera-lefb-lors-du-concours-national-de-plaidoirie-du-memorial-de-caen\/#primaryimage"},"image":{"@id":"https:\/\/wpvit.efb.fr\/index.php\/marine-guibert-representera-lefb-lors-du-concours-national-de-plaidoirie-du-memorial-de-caen\/#primaryimage"},"thumbnailUrl":"https:\/\/wpvit.efb.fr\/wp-content\/uploads\/2025\/12\/processed-C21EF9F2-7F3A-4E86-9E27-DE7DF1FE3736-002.jpg","datePublished":"2025-12-12T08:52:28+00:00","dateModified":"2026-02-11T12:31:43+00:00","breadcrumb":{"@id":"https:\/\/wpvit.efb.fr\/index.php\/marine-guibert-representera-lefb-lors-du-concours-national-de-plaidoirie-du-memorial-de-caen\/#breadcrumb"},"inLanguage":"fr-FR","potentialAction":[{"@type":"ReadAction","target":["https:\/\/wpvit.efb.fr\/index.php\/marine-guibert-representera-lefb-lors-du-concours-national-de-plaidoirie-du-memorial-de-caen\/"]}]},{"@type":"ImageObject","inLanguage":"fr-FR","@id":"https:\/\/wpvit.efb.fr\/index.php\/marine-guibert-representera-lefb-lors-du-concours-national-de-plaidoirie-du-memorial-de-caen\/#primaryimage","url":"https:\/\/wpvit.efb.fr\/wp-content\/uploads\/2025\/12\/processed-C21EF9F2-7F3A-4E86-9E27-DE7DF1FE3736-002.jpg","contentUrl":"https:\/\/wpvit.efb.fr\/wp-content\/uploads\/2025\/12\/processed-C21EF9F2-7F3A-4E86-9E27-DE7DF1FE3736-002.jpg","width":2420,"height":1816},{"@type":"BreadcrumbList","@id":"https:\/\/wpvit.efb.fr\/index.php\/marine-guibert-representera-lefb-lors-du-concours-national-de-plaidoirie-du-memorial-de-caen\/#breadcrumb","itemListElement":[{"@type":"ListItem","position":1,"name":"Accueil","item":"https:\/\/wpvit.efb.fr\/"},{"@type":"ListItem","position":2,"name":"Marine Guibert repr\u00e9sentera l&#8217;EFB lors du Concours national de plaidoirie du M\u00e9morial de Caen"}]},{"@type":"WebSite","@id":"https:\/\/wpvit.efb.fr\/#website","url":"https:\/\/wpvit.efb.fr\/","name":"EFB","description":"","publisher":{"@id":"https:\/\/wpvit.efb.fr\/#organization"},"potentialAction":[{"@type":"SearchAction","target":{"@type":"EntryPoint","urlTemplate":"https:\/\/wpvit.efb.fr\/?s={search_term_string}"},"query-input":{"@type":"PropertyValueSpecification","valueRequired":true,"valueName":"search_term_string"}}],"inLanguage":"fr-FR"},{"@type":"Organization","@id":"https:\/\/wpvit.efb.fr\/#organization","name":"\u00c9cole de formation professionnelle des barreaux du ressort de la cour d\u2019appel de Paris (EFB)","alternateName":"\u00c9cole de Formation des Barreaux (EFB)","url":"https:\/\/wpvit.efb.fr\/","logo":{"@type":"ImageObject","inLanguage":"fr-FR","@id":"https:\/\/wpvit.efb.fr\/#\/schema\/logo\/image\/","url":"https:\/\/wpvit.efb.fr\/wp-content\/uploads\/2024\/10\/cropped-Logo-EFB-2023_fond-transparent_mail.png","contentUrl":"https:\/\/wpvit.efb.fr\/wp-content\/uploads\/2024\/10\/cropped-Logo-EFB-2023_fond-transparent_mail.png","width":638,"height":282,"caption":"\u00c9cole de formation professionnelle des barreaux du ressort de la cour d\u2019appel de Paris (EFB)"},"image":{"@id":"https:\/\/wpvit.efb.fr\/#\/schema\/logo\/image\/"}},{"@type":"Person","@id":"https:\/\/wpvit.efb.fr\/#\/schema\/person\/b67db37d3f915e9e119c4e66b7e2922a","name":"wordpress_adm","image":{"@type":"ImageObject","inLanguage":"fr-FR","@id":"https:\/\/secure.gravatar.com\/avatar\/093d90a8ac85d0ebd9579948e52b601bab9901593d225105f51d6c1f47cde80a?s=96&d=mm&r=g","url":"https:\/\/secure.gravatar.com\/avatar\/093d90a8ac85d0ebd9579948e52b601bab9901593d225105f51d6c1f47cde80a?s=96&d=mm&r=g","contentUrl":"https:\/\/secure.gravatar.com\/avatar\/093d90a8ac85d0ebd9579948e52b601bab9901593d225105f51d6c1f47cde80a?s=96&d=mm&r=g","caption":"wordpress_adm"},"sameAs":["http:\/\/wpvit.efb.fr"],"url":"https:\/\/wpvit.efb.fr\/index.php\/author\/wordpress_adm\/"}]}},"_links":{"self":[{"href":"https:\/\/wpvit.efb.fr\/index.php\/wp-json\/wp\/v2\/posts\/41929","targetHints":{"allow":["GET"]}}],"collection":[{"href":"https:\/\/wpvit.efb.fr\/index.php\/wp-json\/wp\/v2\/posts"}],"about":[{"href":"https:\/\/wpvit.efb.fr\/index.php\/wp-json\/wp\/v2\/types\/post"}],"author":[{"embeddable":true,"href":"https:\/\/wpvit.efb.fr\/index.php\/wp-json\/wp\/v2\/users\/1"}],"replies":[{"embeddable":true,"href":"https:\/\/wpvit.efb.fr\/index.php\/wp-json\/wp\/v2\/comments?post=41929"}],"version-history":[{"count":7,"href":"https:\/\/wpvit.efb.fr\/index.php\/wp-json\/wp\/v2\/posts\/41929\/revisions"}],"predecessor-version":[{"id":42350,"href":"https:\/\/wpvit.efb.fr\/index.php\/wp-json\/wp\/v2\/posts\/41929\/revisions\/42350"}],"wp:featuredmedia":[{"embeddable":true,"href":"https:\/\/wpvit.efb.fr\/index.php\/wp-json\/wp\/v2\/media\/41930"}],"wp:attachment":[{"href":"https:\/\/wpvit.efb.fr\/index.php\/wp-json\/wp\/v2\/media?parent=41929"}],"wp:term":[{"taxonomy":"category","embeddable":true,"href":"https:\/\/wpvit.efb.fr\/index.php\/wp-json\/wp\/v2\/categories?post=41929"},{"taxonomy":"post_tag","embeddable":true,"href":"https:\/\/wpvit.efb.fr\/index.php\/wp-json\/wp\/v2\/tags?post=41929"}],"curies":[{"name":"wp","href":"https:\/\/api.w.org\/{rel}","templated":true}]}}